{"id":14760,"date":"2024-11-22T12:26:54","date_gmt":"2024-11-22T11:26:54","guid":{"rendered":"https:\/\/serveiseducatius.xtec.cat\/baixllobregat7\/?p=14760"},"modified":"2024-11-22T12:27:26","modified_gmt":"2024-11-22T11:27:26","slug":"eines-pedagogiques-per-treballar-els-ods","status":"publish","type":"post","link":"https:\/\/serveiseducatius.xtec.cat\/baixllobregat7\/general\/eines-pedagogiques-per-treballar-els-ods\/","title":{"rendered":"Eines pedag\u00f2giques per treballar els ODS"},"content":{"rendered":"<p><a href=\"https:\/\/serveiseducatius.xtec.cat\/baixllobregat7\/wp-content\/uploads\/usu1179\/2024\/11\/ODS.png\"><img loading=\"lazy\" decoding=\"async\" class=\"size-full wp-image-14762 alignleft\" src=\"https:\/\/serveiseducatius.xtec.cat\/baixllobregat7\/wp-content\/uploads\/usu1179\/2024\/11\/ODS.png\" alt=\"ODS\" width=\"1005\" height=\"555\" srcset=\"https:\/\/serveiseducatius.xtec.cat\/baixllobregat7\/wp-content\/uploads\/usu1179\/2024\/11\/ODS.png 1005w, https:\/\/serveiseducatius.xtec.cat\/baixllobregat7\/wp-content\/uploads\/usu1179\/2024\/11\/ODS-300x166.png 300w, https:\/\/serveiseducatius.xtec.cat\/baixllobregat7\/wp-content\/uploads\/usu1179\/2024\/11\/ODS-768x424.png 768w\" sizes=\"auto, (max-width: 1005px) 100vw, 1005px\" \/><\/a>Des de la Direcci\u00f3 General d\u2019Agenda 2030 del Ministeri de Drets Socials Consum i Agenda 2030, s\u2019han elaborat uns materials divulgatius que es posen a disposici\u00f3 dels docents perqu\u00e8 serveixi de suport en el treball a l\u2019aula per al coneixement de l\u2019Agenda 2030 i el objectius de Desenvolupament Sostenible.<\/p>\n<p>Dins d\u2019aquests materials, trobem unes guies pedag\u00f2giques d\u2019activitats, tant per a prim\u00e0ria com per a secund\u00e0ria, aix\u00ed com v\u00eddeos que fan refer\u00e8ncia a l\u2019aprenentatge basat en projectes, aprenentatge i servei, activitats educatives STEAM, classe invertida (flipped classroom). D\u2019igual manera trobem diferents modalitats de jocs, i de material audiovisual.<\/p>\n<p>Trobareu tota la informaci\u00f3\u00a0<a href=\"https:\/\/www.mdsocialesa2030.gob.es\/ca\/agenda2030\/herramientas-pedagogicas\/index.htm\" data-type=\"link\" data-id=\"https:\/\/www.mdsocialesa2030.gob.es\/ca\/agenda2030\/herramientas-pedagogicas\/index.htm\">aqu\u00ed<\/a><\/p>\n","protected":false},"excerpt":{"rendered":"<p>Des de la Direcci\u00f3 General d\u2019Agenda 2030 del Ministeri de Drets Socials Consum i Agenda 2030, s\u2019han elaborat uns materials divulgatius que es posen a disposici\u00f3 dels docents perqu\u00e8 serveixi de suport en el treball a l\u2019aula per al coneixement de l\u2019Agenda 2030 i el objectius de Desenvolupament Sostenible. Dins d\u2019aquests materials, trobem unes guies [&hellip;]<\/p>\n","protected":false},"author":1,"featured_media":14762,"comment_status":"closed","ping_status":"closed","sticky":false,"template":"","format":"standard","meta":{"_bbp_topic_count":0,"_bbp_reply_count":0,"_bbp_total_topic_count":0,"_bbp_total_reply_count":0,"_bbp_voice_count":0,"_bbp_anonymous_reply_count":0,"_bbp_topic_count_hidden":0,"_bbp_reply_count_hidden":0,"_bbp_forum_subforum_count":0,"site-sidebar-layout":"default","site-content-layout":"","ast-site-content-layout":"","site-content-style":"default","site-sidebar-style":"default","ast-global-header-display":"","ast-banner-title-visibility":"","ast-main-header-display":"","ast-hfb-above-header-display":"","ast-hfb-below-header-display":"","ast-hfb-mobile-header-display":"","site-post-title":"","ast-breadcrumbs-content":"","ast-featured-img":"","footer-sml-layout":"","theme-transparent-header-meta":"","adv-header-id-meta":"","stick-header-meta":"","header-above-stick-meta":"","header-main-stick-meta":"","header-below-stick-meta":"","astra-migrate-meta-layouts":"default","ast-page-background-enabled":"default","ast-page-background-meta":{"desktop":{"background-color":"var(--ast-global-color-4)","background-image":"","background-repeat":"repeat","background-position":"center center","background-size":"auto","background-attachment":"scroll","background-type":"","background-media":"","overlay-type":"","overlay-color":"","overlay-opacity":"","overlay-gradient":""},"tablet":{"background-color":"","background-image":"","background-repeat":"repeat","background-position":"center center","background-size":"auto","background-attachment":"scroll","background-type":"","background-media":"","overlay-type":"","overlay-color":"","overlay-opacity":"","overlay-gradient":""},"mobile":{"background-color":"","background-image":"","background-repeat":"repeat","background-position":"center center","background-size":"auto","background-attachment":"scroll","background-type":"","background-media":"","overlay-type":"","overlay-color":"","overlay-opacity":"","overlay-gradient":""}},"ast-content-background-meta":{"desktop":{"background-color":"var(--ast-global-color-5)","background-image":"","background-repeat":"repeat","background-position":"center center","background-size":"auto","background-attachment":"scroll","background-type":"","background-media":"","overlay-type":"","overlay-color":"","overlay-opacity":"","overlay-gradient":""},"tablet":{"background-color":"var(--ast-global-color-5)","background-image":"","background-repeat":"repeat","background-position":"center center","background-size":"auto","background-attachment":"scroll","background-type":"","background-media":"","overlay-type":"","overlay-color":"","overlay-opacity":"","overlay-gradient":""},"mobile":{"background-color":"var(--ast-global-color-5)","background-image":"","background-repeat":"repeat","background-position":"center center","background-size":"auto","background-attachment":"scroll","background-type":"","background-media":"","overlay-type":"","overlay-color":"","overlay-opacity":"","overlay-gradient":""}},"footnotes":""},"categories":[65,1,29],"tags":[735,740,738,769,672,395],"class_list":["post-14760","post","type-post","status-publish","format-standard","has-post-thumbnail","hentry","category-crp","category-general","category-portada","tag-crp-baix-llobregat-vii","tag-crp-martorell","tag-curs-24-25","tag-ods","tag-portada","tag-recursos"],"post_mailing_queue_ids":[],"_links":{"self":[{"href":"https:\/\/serveiseducatius.xtec.cat\/baixllobregat7\/wp-json\/wp\/v2\/posts\/14760","targetHints":{"allow":["GET"]}}],"collection":[{"href":"https:\/\/serveiseducatius.xtec.cat\/baixllobregat7\/wp-json\/wp\/v2\/posts"}],"about":[{"href":"https:\/\/serveiseducatius.xtec.cat\/baixllobregat7\/wp-json\/wp\/v2\/types\/post"}],"author":[{"embeddable":true,"href":"https:\/\/serveiseducatius.xtec.cat\/baixllobregat7\/wp-json\/wp\/v2\/users\/1"}],"replies":[{"embeddable":true,"href":"https:\/\/serveiseducatius.xtec.cat\/baixllobregat7\/wp-json\/wp\/v2\/comments?post=14760"}],"version-history":[{"count":1,"href":"https:\/\/serveiseducatius.xtec.cat\/baixllobregat7\/wp-json\/wp\/v2\/posts\/14760\/revisions"}],"predecessor-version":[{"id":14763,"href":"https:\/\/serveiseducatius.xtec.cat\/baixllobregat7\/wp-json\/wp\/v2\/posts\/14760\/revisions\/14763"}],"wp:featuredmedia":[{"embeddable":true,"href":"https:\/\/serveiseducatius.xtec.cat\/baixllobregat7\/wp-json\/wp\/v2\/media\/14762"}],"wp:attachment":[{"href":"https:\/\/serveiseducatius.xtec.cat\/baixllobregat7\/wp-json\/wp\/v2\/media?parent=14760"}],"wp:term":[{"taxonomy":"category","embeddable":true,"href":"https:\/\/serveiseducatius.xtec.cat\/baixllobregat7\/wp-json\/wp\/v2\/categories?post=14760"},{"taxonomy":"post_tag","embeddable":true,"href":"https:\/\/serveiseducatius.xtec.cat\/baixllobregat7\/wp-json\/wp\/v2\/tags?post=14760"}],"curies":[{"name":"wp","href":"https:\/\/api.w.org\/{rel}","templated":true}]}}