{"id":14728,"date":"2024-11-13T12:35:49","date_gmt":"2024-11-13T11:35:49","guid":{"rendered":"https:\/\/serveiseducatius.xtec.cat\/baixllobregat7\/?p=14728"},"modified":"2024-11-13T12:36:32","modified_gmt":"2024-11-13T11:36:32","slug":"la-marato-2024-malalties-respiratories","status":"publish","type":"post","link":"https:\/\/serveiseducatius.xtec.cat\/baixllobregat7\/portada\/la-marato-2024-malalties-respiratories\/","title":{"rendered":"La Marat\u00f3 2024: Malalties respirat\u00f2ries"},"content":{"rendered":"<p><a href=\"https:\/\/www.3cat.cat\/tv3\/marato\/2024\/330\/\" target=\"_blank\" rel=\"noopener\"><img loading=\"lazy\" decoding=\"async\" class=\"aligncenter wp-image-14729\" src=\"https:\/\/serveiseducatius.xtec.cat\/baixllobregat7\/wp-content\/uploads\/usu1179\/2024\/11\/marato24.png\" alt=\"\" width=\"327\" height=\"186\" srcset=\"https:\/\/serveiseducatius.xtec.cat\/baixllobregat7\/wp-content\/uploads\/usu1179\/2024\/11\/marato24.png 840w, https:\/\/serveiseducatius.xtec.cat\/baixllobregat7\/wp-content\/uploads\/usu1179\/2024\/11\/marato24-300x171.png 300w, https:\/\/serveiseducatius.xtec.cat\/baixllobregat7\/wp-content\/uploads\/usu1179\/2024\/11\/marato24-768x437.png 768w\" sizes=\"auto, (max-width: 327px) 100vw, 327px\" \/><\/a><\/p>\n<p style=\"font-weight: 400;\">Aquest any, la 33a edici\u00f3 de <a href=\"https:\/\/www.3cat.cat\/tv3\/marato\/2024\/330\/\" target=\"_blank\" rel=\"noopener\">La\u00a0Marat\u00f3\u00a0de TV3<\/a>, estar\u00e0 dedicada a les malalties respirat\u00f2ries\u00a0<strong>A PLE PULM\u00d3.<\/strong><\/p>\n<p style=\"font-weight: 400;\">Les sessions de divulgaci\u00f3 estan adre\u00e7ades, principalment, a centres educatius de secund\u00e0ria, batxillerat, cicles formatius, i a altres entitats socials, educatives i culturals de tot Catalunya i s\u00f3n en horari de 8.00h a 20.00h.\u00a0Totes les sessions segueixen un programa elaborat per la Fundaci\u00f3, i es desenvolupen amb el suport de material audiovisual creat expressament.<!--more--><\/p>\n<p style=\"font-weight: 400;\">Aix\u00ed doncs, un any m\u00e9s, iniciem la campanya de difusi\u00f3 i sensibilitzaci\u00f3 de La\u00a0Marat\u00f3, informant-vos que ja<strong>\u00a0<\/strong>podeu demanar les sessions pel vostre centre, al nostre web.<\/p>\n<p style=\"font-weight: 400;\">Tamb\u00e9 us fem arribar\u00a0<strong>el p\u00f2ster, el d\u00edptic i les bases del concurs Crea per La Marat\u00f3,\u00a0<\/strong>aix\u00ed com\u00a0<a href=\"https:\/\/www.3cat.cat\/tv3\/marato\/sessions-divulgatives\/2024\/2870\/\" data-saferedirecturl=\"https:\/\/www.google.com\/url?q=https:\/\/www.3cat.cat\/tv3\/marato\/sessions-divulgatives\/2024\/2870\/&amp;source=gmail&amp;ust=1731582840661000&amp;usg=AOvVaw3a8UVWdK287CiYck384yUG\">l\u2019enlla\u00e7<\/a>\u00a0on hi podreu trobar el material audiovisual que es reprodueix a les sessions divulgatives.<\/p>\n<p style=\"font-weight: 400;\">P\u00f2ster:\u00a0<a href=\"https:\/\/statics.3cat.cat\/multimedia\/pdf\/1\/9\/1730887697091.pdf\" data-saferedirecturl=\"https:\/\/www.google.com\/url?q=https:\/\/statics.3cat.cat\/multimedia\/pdf\/1\/9\/1730887697091.pdf&amp;source=gmail&amp;ust=1731582840661000&amp;usg=AOvVaw0a8eZVfApn1gsTM0rN1tW4\">https:\/\/statics.3cat.cat\/multimedia\/pdf\/1\/9\/1730887697091.pdf<\/a><\/p>\n<p style=\"font-weight: 400;\">D\u00edptic:\u00a0\u00a0<a href=\"https:\/\/statics.3cat.cat\/multimedia\/pdf\/7\/6\/1730887713967.pdf\" data-saferedirecturl=\"https:\/\/www.google.com\/url?q=https:\/\/statics.3cat.cat\/multimedia\/pdf\/7\/6\/1730887713967.pdf&amp;source=gmail&amp;ust=1731582840661000&amp;usg=AOvVaw1g0qzGIw3qexv5y1jpmxJX\">https:\/\/statics.3cat.cat\/multimedia\/pdf\/7\/6\/1730887713967.pdf<\/a><\/p>\n<p style=\"font-weight: 400;\">Per qualsevol dubte, consulta o aclariment us podeu adre\u00e7ar a:<\/p>\n<p style=\"font-weight: 400;\">Sessions Divulgatives<br \/>\n<a href=\"mailto:sessions_divulgatives@3cat.cat\">sessions_divulgatives@3cat.cat<\/a><\/p>\n<p style=\"font-weight: 400;\"><a href=\"http:\/\/www.tv3.cat\/marato\" data-saferedirecturl=\"https:\/\/www.google.com\/url?q=http:\/\/www.tv3.cat\/marato&amp;source=gmail&amp;ust=1731582840661000&amp;usg=AOvVaw3i1KySdJPjeM29T5_A4J9q\">www.tv3.cat\/marato<\/a><\/p>\n<p style=\"font-weight: 400;\">93 553 32 57 \/ 93 553 32 58<\/p>\n","protected":false},"excerpt":{"rendered":"<p>Aquest any, la 33a edici\u00f3 de La\u00a0Marat\u00f3\u00a0de TV3, estar\u00e0 dedicada a les malalties respirat\u00f2ries\u00a0A PLE PULM\u00d3. Les sessions de divulgaci\u00f3 estan adre\u00e7ades, principalment, a centres educatius de secund\u00e0ria, batxillerat, cicles formatius, i a altres entitats socials, educatives i culturals de tot Catalunya i s\u00f3n en horari de 8.00h a 20.00h.\u00a0Totes les sessions segueixen un programa [&hellip;]<\/p>\n","protected":false},"author":1,"featured_media":0,"comment_status":"closed","ping_status":"closed","sticky":false,"template":"","format":"standard","meta":{"_bbp_topic_count":0,"_bbp_reply_count":0,"_bbp_total_topic_count":0,"_bbp_total_reply_count":0,"_bbp_voice_count":0,"_bbp_anonymous_reply_count":0,"_bbp_topic_count_hidden":0,"_bbp_reply_count_hidden":0,"_bbp_forum_subforum_count":0,"site-sidebar-layout":"default","site-content-layout":"","ast-site-content-layout":"","site-content-style":"default","site-sidebar-style":"default","ast-global-header-display":"","ast-banner-title-visibility":"","ast-main-header-display":"","ast-hfb-above-header-display":"","ast-hfb-below-header-display":"","ast-hfb-mobile-header-display":"","site-post-title":"","ast-breadcrumbs-content":"","ast-featured-img":"","footer-sml-layout":"","theme-transparent-header-meta":"","adv-header-id-meta":"","stick-header-meta":"","header-above-stick-meta":"","header-main-stick-meta":"","header-below-stick-meta":"","astra-migrate-meta-layouts":"default","ast-page-background-enabled":"default","ast-page-background-meta":{"desktop":{"background-color":"var(--ast-global-color-4)","background-image":"","background-repeat":"repeat","background-position":"center center","background-size":"auto","background-attachment":"scroll","background-type":"","background-media":"","overlay-type":"","overlay-color":"","overlay-opacity":"","overlay-gradient":""},"tablet":{"background-color":"","background-image":"","background-repeat":"repeat","background-position":"center center","background-size":"auto","background-attachment":"scroll","background-type":"","background-media":"","overlay-type":"","overlay-color":"","overlay-opacity":"","overlay-gradient":""},"mobile":{"background-color":"","background-image":"","background-repeat":"repeat","background-position":"center center","background-size":"auto","background-attachment":"scroll","background-type":"","background-media":"","overlay-type":"","overlay-color":"","overlay-opacity":"","overlay-gradient":""}},"ast-content-background-meta":{"desktop":{"background-color":"var(--ast-global-color-5)","background-image":"","background-repeat":"repeat","background-position":"center center","background-size":"auto","background-attachment":"scroll","background-type":"","background-media":"","overlay-type":"","overlay-color":"","overlay-opacity":"","overlay-gradient":""},"tablet":{"background-color":"var(--ast-global-color-5)","background-image":"","background-repeat":"repeat","background-position":"center center","background-size":"auto","background-attachment":"scroll","background-type":"","background-media":"","overlay-type":"","overlay-color":"","overlay-opacity":"","overlay-gradient":""},"mobile":{"background-color":"var(--ast-global-color-5)","background-image":"","background-repeat":"repeat","background-position":"center center","background-size":"auto","background-attachment":"scroll","background-type":"","background-media":"","overlay-type":"","overlay-color":"","overlay-opacity":"","overlay-gradient":""}},"footnotes":""},"categories":[29],"tags":[735,740,738,751],"class_list":["post-14728","post","type-post","status-publish","format-standard","hentry","category-portada","tag-crp-baix-llobregat-vii","tag-crp-martorell","tag-curs-24-25","tag-la-marato"],"post_mailing_queue_ids":[],"_links":{"self":[{"href":"https:\/\/serveiseducatius.xtec.cat\/baixllobregat7\/wp-json\/wp\/v2\/posts\/14728","targetHints":{"allow":["GET"]}}],"collection":[{"href":"https:\/\/serveiseducatius.xtec.cat\/baixllobregat7\/wp-json\/wp\/v2\/posts"}],"about":[{"href":"https:\/\/serveiseducatius.xtec.cat\/baixllobregat7\/wp-json\/wp\/v2\/types\/post"}],"author":[{"embeddable":true,"href":"https:\/\/serveiseducatius.xtec.cat\/baixllobregat7\/wp-json\/wp\/v2\/users\/1"}],"replies":[{"embeddable":true,"href":"https:\/\/serveiseducatius.xtec.cat\/baixllobregat7\/wp-json\/wp\/v2\/comments?post=14728"}],"version-history":[{"count":2,"href":"https:\/\/serveiseducatius.xtec.cat\/baixllobregat7\/wp-json\/wp\/v2\/posts\/14728\/revisions"}],"predecessor-version":[{"id":14731,"href":"https:\/\/serveiseducatius.xtec.cat\/baixllobregat7\/wp-json\/wp\/v2\/posts\/14728\/revisions\/14731"}],"wp:attachment":[{"href":"https:\/\/serveiseducatius.xtec.cat\/baixllobregat7\/wp-json\/wp\/v2\/media?parent=14728"}],"wp:term":[{"taxonomy":"category","embeddable":true,"href":"https:\/\/serveiseducatius.xtec.cat\/baixllobregat7\/wp-json\/wp\/v2\/categories?post=14728"},{"taxonomy":"post_tag","embeddable":true,"href":"https:\/\/serveiseducatius.xtec.cat\/baixllobregat7\/wp-json\/wp\/v2\/tags?post=14728"}],"curies":[{"name":"wp","href":"https:\/\/api.w.org\/{rel}","templated":true}]}}