{"id":14700,"date":"2024-11-08T08:02:26","date_gmt":"2024-11-08T07:02:26","guid":{"rendered":"https:\/\/serveiseducatius.xtec.cat\/baixllobregat7\/?p=14700"},"modified":"2024-11-07T18:10:04","modified_gmt":"2024-11-07T17:10:04","slug":"periodisme-cientific-i-divulgatiu-a-laula","status":"publish","type":"post","link":"https:\/\/serveiseducatius.xtec.cat\/baixllobregat7\/general\/periodisme-cientific-i-divulgatiu-a-laula\/","title":{"rendered":"Periodisme cient\u00edfic i divulgatiu a l&#8217;aula"},"content":{"rendered":"<p><a href=\"https:\/\/drive.google.com\/file\/d\/1jKoKLkKvD9DbYa8Ctd_eEzQPu1LMHOsB\/view\" target=\"_blank\" rel=\"noopener\"><img loading=\"lazy\" decoding=\"async\" class=\"wp-image-23311 alignright\" src=\"https:\/\/serveiseducatius.xtec.cat\/badalona\/wp-content\/uploads\/usu1088\/2024\/10\/dossier-de-treball.png\" sizes=\"auto, (max-width: 290px) 100vw, 290px\" srcset=\"https:\/\/serveiseducatius.xtec.cat\/badalona\/wp-content\/uploads\/usu1088\/2024\/10\/dossier-de-treball.png 867w, https:\/\/serveiseducatius.xtec.cat\/badalona\/wp-content\/uploads\/usu1088\/2024\/10\/dossier-de-treball-300x185.png 300w, https:\/\/serveiseducatius.xtec.cat\/badalona\/wp-content\/uploads\/usu1088\/2024\/10\/dossier-de-treball-768x474.png 768w\" alt=\"\" width=\"290\" height=\"179\" \/><\/a>La\u00a0<a href=\"https:\/\/projectes.xtec.cat\/canaldereporters\/setmana-ami\/\" target=\"_blank\" rel=\"noreferrer noopener\">Setmana Mundial d\u2019Alfabetitzaci\u00f3 Medi\u00e0tica i Informacional<\/a>\u00a0\u00e9s promoguda anualment per la\u00a0<a href=\"https:\/\/www.unesco.org\/es\" target=\"_blank\" rel=\"noreferrer noopener\">UNESCO<\/a>\u00a0amb l\u2019objectiu d\u2019augmentar la sensibilitzaci\u00f3 per promoure les connexions de l\u2019Alfabetitzaci\u00f3 Medi\u00e0tica i Informacional a trav\u00e9s de l\u2019educaci\u00f3, la cultura i la ci\u00e8ncia.<\/p>\n<p><a href=\"https:\/\/projectes.xtec.cat\/canaldereporters\/\" target=\"_blank\" rel=\"noopener\">Canal de Reporters<\/a>\u00a0i les\u00a0<a href=\"https:\/\/projectes.xtec.cat\/bescat\/general\/tret-de-sortida-a-la-setmana-de-lami-el-periodisme-cientific-i-divulgatiu\/\" target=\"_blank\" rel=\"noreferrer noopener\">Biblioteques Escolars<\/a>\u00a0han unit forces per donar suport a aquesta iniciativa amb diferents accions per a centres d\u2019educaci\u00f3 prim\u00e0ria i secund\u00e0ria.<\/p>\n<p>Enguany l\u2019eix tem\u00e0tic \u00e9s el <strong>periodisme cient\u00edfic<\/strong>, una disciplina period\u00edstica especialitzada en la transmissi\u00f3 d\u2019informaci\u00f3 sobre ci\u00e8ncia i tecnologia en mitjans de comunicaci\u00f3 de manera entenedora. Aquest tipus de periodisme, que contribueix a la divulgaci\u00f3 cient\u00edfica en diferents canals, ha esdevingut una eina fonamental per acostar el coneixement cient\u00edfic a la ciutadania. Us compartim el <a href=\"https:\/\/drive.google.com\/file\/d\/1jKoKLkKvD9DbYa8Ctd_eEzQPu1LMHOsB\/view\" target=\"_blank\" rel=\"noreferrer noopener\">dossier de materials did\u00e0ctics per treballar a l\u2019aula el periodisme cient\u00edfic i divulgatiu<\/a>\u00a0amb propostes diverses que aborden la tem\u00e0tica, <strong>activitats i recomanacions per alumnat de prim\u00e0ria i secund\u00e0ria.<\/strong><\/p>\n<p>&nbsp;<\/p>\n<p>Altres actuacions en relaci\u00f3 a l\u2019AMI:<\/p>\n<ul>\n<li><a href=\"https:\/\/www.cac.cat\/desinformacio-i-intelligencia-artificial-setmana-ami-unesco-2024\" target=\"_blank\" rel=\"noopener\">Unesco. Media information literacy week<\/a><\/li>\n<li><a href=\"https:\/\/www.cac.cat\/desinformacio-i-intelligencia-artificial-setmana-ami-unesco-2024\" target=\"_blank\" rel=\"noopener\">Desinformaci\u00f3 i Intel\u00b7lig\u00e8ncia Artificial (Setmana AMI \u2013 UNESCO 2024)<\/a><\/li>\n<li><a href=\"https:\/\/www.educac.cat\/actualitat\/la-setmana-mundial-lalfabetizacio-mediatica-i-informacional-una-nova-oportunitat-arribar\" target=\"_blank\" rel=\"noopener\">EduCAC<\/a><a href=\"https:\/\/serveiseducatius.xtec.cat\/badalona\/general\/setmana-mundial-de-lalfabetitzacio-mediatica-i-informacional-ami\/una%20nova%20oportunitat%20per%20arribar%20m%C3%A9s%20lluny\" target=\"_blank\" rel=\"noopener\">. La Setmana Mundial de l\u2019Alfabetizaci\u00f3 Medi\u00e0tica i Informacional: una nova oportunitat per arribar m\u00e9s lluny<\/a><\/li>\n<li><a href=\"https:\/\/junior-report.cat\/que-es-lalfabetitzacio-mediatica-i-informacional-ami\/\" target=\"_blank\" rel=\"noopener\">Junior Report. Qu\u00e8 \u00e9s l\u2019AMI?<\/a><\/li>\n<li><a href=\"https:\/\/serveiseducatius.xtec.cat\/badalona\/general\/setmana-mundial-de-lalfabetitzacio-mediatica-i-informacional-ami\/alfabetitzaci%C3%B3%20medi%C3%A0tica%20i%20informacional%20per%20promoure%20una%20ciutadania%20cr%C3%ADtica\" target=\"_blank\" rel=\"noopener\">Desfake. Alfabetitzaci\u00f3 medi\u00e0tica i informacional per promoure una ciutadania cr\u00edtica<\/a><\/li>\n<\/ul>\n<p>#GlobalMILWeek #bescat #canaldereporters<\/p>\n","protected":false},"excerpt":{"rendered":"<p>La\u00a0Setmana Mundial d\u2019Alfabetitzaci\u00f3 Medi\u00e0tica i Informacional\u00a0\u00e9s promoguda anualment per la\u00a0UNESCO\u00a0amb l\u2019objectiu d\u2019augmentar la sensibilitzaci\u00f3 per promoure les connexions de l\u2019Alfabetitzaci\u00f3 Medi\u00e0tica i Informacional a trav\u00e9s de l\u2019educaci\u00f3, la cultura i la ci\u00e8ncia. Canal de Reporters\u00a0i les\u00a0Biblioteques Escolars\u00a0han unit forces per donar suport a aquesta iniciativa amb diferents accions per a centres d\u2019educaci\u00f3 prim\u00e0ria i secund\u00e0ria. [&hellip;]<\/p>\n","protected":false},"author":1,"featured_media":14701,"comment_status":"closed","ping_status":"closed","sticky":false,"template":"","format":"standard","meta":{"_bbp_topic_count":0,"_bbp_reply_count":0,"_bbp_total_topic_count":0,"_bbp_total_reply_count":0,"_bbp_voice_count":0,"_bbp_anonymous_reply_count":0,"_bbp_topic_count_hidden":0,"_bbp_reply_count_hidden":0,"_bbp_forum_subforum_count":0,"site-sidebar-layout":"default","site-content-layout":"","ast-site-content-layout":"","site-content-style":"default","site-sidebar-style":"default","ast-global-header-display":"","ast-banner-title-visibility":"","ast-main-header-display":"","ast-hfb-above-header-display":"","ast-hfb-below-header-display":"","ast-hfb-mobile-header-display":"","site-post-title":"","ast-breadcrumbs-content":"","ast-featured-img":"","footer-sml-layout":"","theme-transparent-header-meta":"","adv-header-id-meta":"","stick-header-meta":"","header-above-stick-meta":"","header-main-stick-meta":"","header-below-stick-meta":"","astra-migrate-meta-layouts":"default","ast-page-background-enabled":"default","ast-page-background-meta":{"desktop":{"background-color":"var(--ast-global-color-4)","background-image":"","background-repeat":"repeat","background-position":"center center","background-size":"auto","background-attachment":"scroll","background-type":"","background-media":"","overlay-type":"","overlay-color":"","overlay-opacity":"","overlay-gradient":""},"tablet":{"background-color":"","background-image":"","background-repeat":"repeat","background-position":"center center","background-size":"auto","background-attachment":"scroll","background-type":"","background-media":"","overlay-type":"","overlay-color":"","overlay-opacity":"","overlay-gradient":""},"mobile":{"background-color":"","background-image":"","background-repeat":"repeat","background-position":"center center","background-size":"auto","background-attachment":"scroll","background-type":"","background-media":"","overlay-type":"","overlay-color":"","overlay-opacity":"","overlay-gradient":""}},"ast-content-background-meta":{"desktop":{"background-color":"var(--ast-global-color-5)","background-image":"","background-repeat":"repeat","background-position":"center center","background-size":"auto","background-attachment":"scroll","background-type":"","background-media":"","overlay-type":"","overlay-color":"","overlay-opacity":"","overlay-gradient":""},"tablet":{"background-color":"var(--ast-global-color-5)","background-image":"","background-repeat":"repeat","background-position":"center center","background-size":"auto","background-attachment":"scroll","background-type":"","background-media":"","overlay-type":"","overlay-color":"","overlay-opacity":"","overlay-gradient":""},"mobile":{"background-color":"var(--ast-global-color-5)","background-image":"","background-repeat":"repeat","background-position":"center center","background-size":"auto","background-attachment":"scroll","background-type":"","background-media":"","overlay-type":"","overlay-color":"","overlay-opacity":"","overlay-gradient":""}},"footnotes":""},"categories":[1],"tags":[392,762,761,250,735,740,738,672],"class_list":["post-14700","post","type-post","status-publish","format-standard","has-post-thumbnail","hentry","category-general","tag-activitats-alumnat","tag-alfabetitzacio-informacional-i-mediatica","tag-ami","tag-ciencia","tag-crp-baix-llobregat-vii","tag-crp-martorell","tag-curs-24-25","tag-portada"],"post_mailing_queue_ids":[],"_links":{"self":[{"href":"https:\/\/serveiseducatius.xtec.cat\/baixllobregat7\/wp-json\/wp\/v2\/posts\/14700","targetHints":{"allow":["GET"]}}],"collection":[{"href":"https:\/\/serveiseducatius.xtec.cat\/baixllobregat7\/wp-json\/wp\/v2\/posts"}],"about":[{"href":"https:\/\/serveiseducatius.xtec.cat\/baixllobregat7\/wp-json\/wp\/v2\/types\/post"}],"author":[{"embeddable":true,"href":"https:\/\/serveiseducatius.xtec.cat\/baixllobregat7\/wp-json\/wp\/v2\/users\/1"}],"replies":[{"embeddable":true,"href":"https:\/\/serveiseducatius.xtec.cat\/baixllobregat7\/wp-json\/wp\/v2\/comments?post=14700"}],"version-history":[{"count":1,"href":"https:\/\/serveiseducatius.xtec.cat\/baixllobregat7\/wp-json\/wp\/v2\/posts\/14700\/revisions"}],"predecessor-version":[{"id":14702,"href":"https:\/\/serveiseducatius.xtec.cat\/baixllobregat7\/wp-json\/wp\/v2\/posts\/14700\/revisions\/14702"}],"wp:featuredmedia":[{"embeddable":true,"href":"https:\/\/serveiseducatius.xtec.cat\/baixllobregat7\/wp-json\/wp\/v2\/media\/14701"}],"wp:attachment":[{"href":"https:\/\/serveiseducatius.xtec.cat\/baixllobregat7\/wp-json\/wp\/v2\/media?parent=14700"}],"wp:term":[{"taxonomy":"category","embeddable":true,"href":"https:\/\/serveiseducatius.xtec.cat\/baixllobregat7\/wp-json\/wp\/v2\/categories?post=14700"},{"taxonomy":"post_tag","embeddable":true,"href":"https:\/\/serveiseducatius.xtec.cat\/baixllobregat7\/wp-json\/wp\/v2\/tags?post=14700"}],"curies":[{"name":"wp","href":"https:\/\/api.w.org\/{rel}","templated":true}]}}