{"id":14637,"date":"2024-10-30T09:57:19","date_gmt":"2024-10-30T08:57:19","guid":{"rendered":"https:\/\/serveiseducatius.xtec.cat\/baixllobregat7\/?p=14637"},"modified":"2024-10-30T10:00:38","modified_gmt":"2024-10-30T09:00:38","slug":"neuro-talent-games","status":"publish","type":"post","link":"https:\/\/serveiseducatius.xtec.cat\/baixllobregat7\/portada\/neuro-talent-games\/","title":{"rendered":"Neuro Talent Games"},"content":{"rendered":"<p><a href=\"https:\/\/serveiseducatius.xtec.cat\/baixllobregat7\/wp-content\/uploads\/usu1179\/2024\/10\/neurotalentsgame.png\"><img loading=\"lazy\" decoding=\"async\" class=\"aligncenter size-full wp-image-14636\" src=\"https:\/\/serveiseducatius.xtec.cat\/baixllobregat7\/wp-content\/uploads\/usu1179\/2024\/10\/neurotalentsgame.png\" alt=\"\" width=\"258\" height=\"226\" \/><\/a>Impulsa dues iniciatives centrades en l&#8217;entrenament de la mem\u00f2ria: una formaci\u00f3 adre\u00e7ada a docents, la inscripci\u00f3 de la qual estar\u00e0 oberta fins al 7 de novembre, i activitats d&#8217;aula per a l&#8217;alumnat de 1r d&#8217;ESO, per a les quals la inscripci\u00f3 s&#8217;allargar\u00e0 fins al 13 de desembre de 2024.<!--more--><\/p>\n<p><a href=\"https:\/\/serveiseducatius.xtec.cat\/baixllobregat7\/wp-content\/uploads\/usu1179\/2024\/10\/RMV.png\"><img loading=\"lazy\" decoding=\"async\" class=\"size-full wp-image-14638 alignleft\" src=\"https:\/\/serveiseducatius.xtec.cat\/baixllobregat7\/wp-content\/uploads\/usu1179\/2024\/10\/RMV.png\" alt=\"\" width=\"199\" height=\"101\" \/><\/a><\/p>\n<p>&nbsp;<\/p>\n<p>La Fundaci\u00f3 Rosa Maria Vivar impulsa dues iniciatives per conscienciar sobre la import\u00e0ncia de la mem\u00f2ria i altres funcions cognitives.<\/p>\n<p>1. Incorpora un programa de formaci\u00f3 dirigit a la comunitat docent en l\u2019\u00e0mbit de la neuroci\u00e8ncia aplicada a l\u2019aprenentatge. Inscripci\u00f3 per la formaci\u00f3 fins el 7 de novembre.<br \/>\n2. Incentiva activitats d\u2019aula adre\u00e7ades a l&#8217;alumnat de 1r d&#8217;ESO per exercitar la mem\u00f2ria i per a que, alhora, es presentin en el concurs Neuro Talent Games. La inscripci\u00f3 per a la participaci\u00f3 en els Neuro Talent Games dels vostres alumnes est\u00e0 oberta fins el 13 de desembre.<\/p>\n<p>Per m\u00e9s\u00a0informaci\u00f3:<br \/>\n<a href=\"http:\/\/www.neurotalentgames.org\">www.neurotalentgames.org<\/a><\/p>\n","protected":false},"excerpt":{"rendered":"<p>Impulsa dues iniciatives centrades en l&#8217;entrenament de la mem\u00f2ria: una formaci\u00f3 adre\u00e7ada a docents, la inscripci\u00f3 de la qual estar\u00e0 oberta fins al 7 de novembre, i activitats d&#8217;aula per a l&#8217;alumnat de 1r d&#8217;ESO, per a les quals la inscripci\u00f3 s&#8217;allargar\u00e0 fins al 13 de desembre de 2024.<\/p>\n","protected":false},"author":1,"featured_media":0,"comment_status":"closed","ping_status":"closed","sticky":false,"template":"","format":"standard","meta":{"_bbp_topic_count":0,"_bbp_reply_count":0,"_bbp_total_topic_count":0,"_bbp_total_reply_count":0,"_bbp_voice_count":0,"_bbp_anonymous_reply_count":0,"_bbp_topic_count_hidden":0,"_bbp_reply_count_hidden":0,"_bbp_forum_subforum_count":0,"site-sidebar-layout":"default","site-content-layout":"","ast-site-content-layout":"","site-content-style":"default","site-sidebar-style":"default","ast-global-header-display":"","ast-banner-title-visibility":"","ast-main-header-display":"","ast-hfb-above-header-display":"","ast-hfb-below-header-display":"","ast-hfb-mobile-header-display":"","site-post-title":"","ast-breadcrumbs-content":"","ast-featured-img":"","footer-sml-layout":"","theme-transparent-header-meta":"","adv-header-id-meta":"","stick-header-meta":"","header-above-stick-meta":"","header-main-stick-meta":"","header-below-stick-meta":"","astra-migrate-meta-layouts":"default","ast-page-background-enabled":"default","ast-page-background-meta":{"desktop":{"background-color":"var(--ast-global-color-4)","background-image":"","background-repeat":"repeat","background-position":"center center","background-size":"auto","background-attachment":"scroll","background-type":"","background-media":"","overlay-type":"","overlay-color":"","overlay-opacity":"","overlay-gradient":""},"tablet":{"background-color":"","background-image":"","background-repeat":"repeat","background-position":"center center","background-size":"auto","background-attachment":"scroll","background-type":"","background-media":"","overlay-type":"","overlay-color":"","overlay-opacity":"","overlay-gradient":""},"mobile":{"background-color":"","background-image":"","background-repeat":"repeat","background-position":"center center","background-size":"auto","background-attachment":"scroll","background-type":"","background-media":"","overlay-type":"","overlay-color":"","overlay-opacity":"","overlay-gradient":""}},"ast-content-background-meta":{"desktop":{"background-color":"var(--ast-global-color-5)","background-image":"","background-repeat":"repeat","background-position":"center center","background-size":"auto","background-attachment":"scroll","background-type":"","background-media":"","overlay-type":"","overlay-color":"","overlay-opacity":"","overlay-gradient":""},"tablet":{"background-color":"var(--ast-global-color-5)","background-image":"","background-repeat":"repeat","background-position":"center center","background-size":"auto","background-attachment":"scroll","background-type":"","background-media":"","overlay-type":"","overlay-color":"","overlay-opacity":"","overlay-gradient":""},"mobile":{"background-color":"var(--ast-global-color-5)","background-image":"","background-repeat":"repeat","background-position":"center center","background-size":"auto","background-attachment":"scroll","background-type":"","background-media":"","overlay-type":"","overlay-color":"","overlay-opacity":"","overlay-gradient":""}},"footnotes":""},"categories":[29],"tags":[735,740,738],"class_list":["post-14637","post","type-post","status-publish","format-standard","hentry","category-portada","tag-crp-baix-llobregat-vii","tag-crp-martorell","tag-curs-24-25"],"post_mailing_queue_ids":[],"_links":{"self":[{"href":"https:\/\/serveiseducatius.xtec.cat\/baixllobregat7\/wp-json\/wp\/v2\/posts\/14637","targetHints":{"allow":["GET"]}}],"collection":[{"href":"https:\/\/serveiseducatius.xtec.cat\/baixllobregat7\/wp-json\/wp\/v2\/posts"}],"about":[{"href":"https:\/\/serveiseducatius.xtec.cat\/baixllobregat7\/wp-json\/wp\/v2\/types\/post"}],"author":[{"embeddable":true,"href":"https:\/\/serveiseducatius.xtec.cat\/baixllobregat7\/wp-json\/wp\/v2\/users\/1"}],"replies":[{"embeddable":true,"href":"https:\/\/serveiseducatius.xtec.cat\/baixllobregat7\/wp-json\/wp\/v2\/comments?post=14637"}],"version-history":[{"count":6,"href":"https:\/\/serveiseducatius.xtec.cat\/baixllobregat7\/wp-json\/wp\/v2\/posts\/14637\/revisions"}],"predecessor-version":[{"id":14644,"href":"https:\/\/serveiseducatius.xtec.cat\/baixllobregat7\/wp-json\/wp\/v2\/posts\/14637\/revisions\/14644"}],"wp:attachment":[{"href":"https:\/\/serveiseducatius.xtec.cat\/baixllobregat7\/wp-json\/wp\/v2\/media?parent=14637"}],"wp:term":[{"taxonomy":"category","embeddable":true,"href":"https:\/\/serveiseducatius.xtec.cat\/baixllobregat7\/wp-json\/wp\/v2\/categories?post=14637"},{"taxonomy":"post_tag","embeddable":true,"href":"https:\/\/serveiseducatius.xtec.cat\/baixllobregat7\/wp-json\/wp\/v2\/tags?post=14637"}],"curies":[{"name":"wp","href":"https:\/\/api.w.org\/{rel}","templated":true}]}}