{"id":13996,"date":"2024-04-22T11:02:05","date_gmt":"2024-04-22T09:02:05","guid":{"rendered":"https:\/\/serveiseducatius.xtec.cat\/baixllobregat7\/?p=13996"},"modified":"2024-04-22T11:03:48","modified_gmt":"2024-04-22T09:03:48","slug":"xii-revetlla-de-sant-jordi-a-les-biblioteques-de-catalunya-2024","status":"publish","type":"post","link":"https:\/\/serveiseducatius.xtec.cat\/baixllobregat7\/general\/xii-revetlla-de-sant-jordi-a-les-biblioteques-de-catalunya-2024\/","title":{"rendered":"XII Revetlla de Sant Jordi a les biblioteques de Catalunya (2024)"},"content":{"rendered":"<p><a href=\"https:\/\/serveiseducatius.xtec.cat\/baixllobregat7\/wp-content\/uploads\/usu1179\/2024\/04\/baixa-1.jpg\"><img loading=\"lazy\" decoding=\"async\" class=\" wp-image-13997 aligncenter\" src=\"https:\/\/serveiseducatius.xtec.cat\/baixllobregat7\/wp-content\/uploads\/usu1179\/2024\/04\/baixa-1.jpg\" alt=\"\" width=\"189\" height=\"364\" srcset=\"https:\/\/serveiseducatius.xtec.cat\/baixllobregat7\/wp-content\/uploads\/usu1179\/2024\/04\/baixa-1.jpg 162w, https:\/\/serveiseducatius.xtec.cat\/baixllobregat7\/wp-content\/uploads\/usu1179\/2024\/04\/baixa-1-156x300.jpg 156w\" sizes=\"auto, (max-width: 189px) 100vw, 189px\" \/><\/a>El 22 d\u2019abril torna la festa de la lectura, els lectors i les biblioteques.\u00a0Les biblioteques tornaran a celebrar l\u2019arribada de la diada dels llibres i les roses amb la Revetlla de Sant Jordi: una programaci\u00f3 especial que festeja i exalta els amants de la lectura, els llibres i les biblioteques.<\/p>\n<p>La Revetlla de Sant Jordi esdev\u00e9 una convocat\u00f2ria excepcional, festiva, participativa, amb activitats culturals per a tothom a l\u2019entorn de la lectura i les biblioteques. Ha arribat a reunir a la mateixa edici\u00f3 fins a 150 biblioteques i 7.000 participants. \u00c9s un projecte impulsat pel Servei de Biblioteques del Departament de Cultura de la Generalitat de Catalunya que \u00e9s possible gr\u00e0cies a la participaci\u00f3 de les biblioteques i les seves xarxes de col\u00b7laboradors.<\/p>\n<p><a href=\"https:\/\/biblioteques.gencat.cat\/ca\/el-servei-de-biblioteques\/linies-dactivitat\/promocio_lectura_cultura\/projectes\/revetlla\/\">Aqu\u00ed<\/a> podeu veure les biblioteques\u00a0que celebraran la Revetlla de Sant Jordi 2023 i les respectives agendes d\u2019activitats que hi han programat. Tamb\u00e9 podreu seguir-la a trav\u00e9s del\u00a0<em>hashtag<\/em> #revetllasantjordi.<\/p>\n<p><a href=\"https:\/\/biblioteques.gencat.cat\/ca\/el-servei-de-biblioteques\/linies-dactivitat\/promocio_lectura_cultura\/projectes\/revetlla\/\"><span style=\"font-size: 12pt;\">PROGRAMA D&#8217;ACTIVITATS REVETLLA DE SANT JORDI 2024<\/span><\/a><\/p>\n","protected":false},"excerpt":{"rendered":"<p>El 22 d\u2019abril torna la festa de la lectura, els lectors i les biblioteques.\u00a0Les biblioteques tornaran a celebrar l\u2019arribada de la diada dels llibres i les roses amb la Revetlla de Sant Jordi: una programaci\u00f3 especial que festeja i exalta els amants de la lectura, els llibres i les biblioteques. La Revetlla de Sant Jordi [&hellip;]<\/p>\n","protected":false},"author":3,"featured_media":13997,"comment_status":"closed","ping_status":"closed","sticky":false,"template":"","format":"standard","meta":{"_bbp_topic_count":0,"_bbp_reply_count":0,"_bbp_total_topic_count":0,"_bbp_total_reply_count":0,"_bbp_voice_count":0,"_bbp_anonymous_reply_count":0,"_bbp_topic_count_hidden":0,"_bbp_reply_count_hidden":0,"_bbp_forum_subforum_count":0,"site-sidebar-layout":"default","site-content-layout":"","ast-site-content-layout":"","site-content-style":"default","site-sidebar-style":"default","ast-global-header-display":"","ast-banner-title-visibility":"","ast-main-header-display":"","ast-hfb-above-header-display":"","ast-hfb-below-header-display":"","ast-hfb-mobile-header-display":"","site-post-title":"","ast-breadcrumbs-content":"","ast-featured-img":"","footer-sml-layout":"","theme-transparent-header-meta":"","adv-header-id-meta":"","stick-header-meta":"","header-above-stick-meta":"","header-main-stick-meta":"","header-below-stick-meta":"","astra-migrate-meta-layouts":"default","ast-page-background-enabled":"default","ast-page-background-meta":{"desktop":{"background-color":"var(--ast-global-color-4)","background-image":"","background-repeat":"repeat","background-position":"center center","background-size":"auto","background-attachment":"scroll","background-type":"","background-media":"","overlay-type":"","overlay-color":"","overlay-opacity":"","overlay-gradient":""},"tablet":{"background-color":"","background-image":"","background-repeat":"repeat","background-position":"center center","background-size":"auto","background-attachment":"scroll","background-type":"","background-media":"","overlay-type":"","overlay-color":"","overlay-opacity":"","overlay-gradient":""},"mobile":{"background-color":"","background-image":"","background-repeat":"repeat","background-position":"center center","background-size":"auto","background-attachment":"scroll","background-type":"","background-media":"","overlay-type":"","overlay-color":"","overlay-opacity":"","overlay-gradient":""}},"ast-content-background-meta":{"desktop":{"background-color":"var(--ast-global-color-5)","background-image":"","background-repeat":"repeat","background-position":"center center","background-size":"auto","background-attachment":"scroll","background-type":"","background-media":"","overlay-type":"","overlay-color":"","overlay-opacity":"","overlay-gradient":""},"tablet":{"background-color":"var(--ast-global-color-5)","background-image":"","background-repeat":"repeat","background-position":"center center","background-size":"auto","background-attachment":"scroll","background-type":"","background-media":"","overlay-type":"","overlay-color":"","overlay-opacity":"","overlay-gradient":""},"mobile":{"background-color":"var(--ast-global-color-5)","background-image":"","background-repeat":"repeat","background-position":"center center","background-size":"auto","background-attachment":"scroll","background-type":"","background-media":"","overlay-type":"","overlay-color":"","overlay-opacity":"","overlay-gradient":""}},"footnotes":""},"categories":[65,1,29],"tags":[166],"class_list":["post-13996","post","type-post","status-publish","format-standard","has-post-thumbnail","hentry","category-crp","category-general","category-portada","tag-biblioteca-escolar"],"post_mailing_queue_ids":[],"_links":{"self":[{"href":"https:\/\/serveiseducatius.xtec.cat\/baixllobregat7\/wp-json\/wp\/v2\/posts\/13996","targetHints":{"allow":["GET"]}}],"collection":[{"href":"https:\/\/serveiseducatius.xtec.cat\/baixllobregat7\/wp-json\/wp\/v2\/posts"}],"about":[{"href":"https:\/\/serveiseducatius.xtec.cat\/baixllobregat7\/wp-json\/wp\/v2\/types\/post"}],"author":[{"embeddable":true,"href":"https:\/\/serveiseducatius.xtec.cat\/baixllobregat7\/wp-json\/wp\/v2\/users\/3"}],"replies":[{"embeddable":true,"href":"https:\/\/serveiseducatius.xtec.cat\/baixllobregat7\/wp-json\/wp\/v2\/comments?post=13996"}],"version-history":[{"count":2,"href":"https:\/\/serveiseducatius.xtec.cat\/baixllobregat7\/wp-json\/wp\/v2\/posts\/13996\/revisions"}],"predecessor-version":[{"id":13999,"href":"https:\/\/serveiseducatius.xtec.cat\/baixllobregat7\/wp-json\/wp\/v2\/posts\/13996\/revisions\/13999"}],"wp:featuredmedia":[{"embeddable":true,"href":"https:\/\/serveiseducatius.xtec.cat\/baixllobregat7\/wp-json\/wp\/v2\/media\/13997"}],"wp:attachment":[{"href":"https:\/\/serveiseducatius.xtec.cat\/baixllobregat7\/wp-json\/wp\/v2\/media?parent=13996"}],"wp:term":[{"taxonomy":"category","embeddable":true,"href":"https:\/\/serveiseducatius.xtec.cat\/baixllobregat7\/wp-json\/wp\/v2\/categories?post=13996"},{"taxonomy":"post_tag","embeddable":true,"href":"https:\/\/serveiseducatius.xtec.cat\/baixllobregat7\/wp-json\/wp\/v2\/tags?post=13996"}],"curies":[{"name":"wp","href":"https:\/\/api.w.org\/{rel}","templated":true}]}}