{"id":12661,"date":"2023-03-16T13:15:52","date_gmt":"2023-03-16T12:15:52","guid":{"rendered":"https:\/\/serveiseducatius.xtec.cat\/baixllobregat7\/?p=12661"},"modified":"2023-05-03T13:34:17","modified_gmt":"2023-05-03T11:34:17","slug":"oberta-la-convocatoria-de-programes-dinnovacio-pedagogica","status":"publish","type":"post","link":"https:\/\/serveiseducatius.xtec.cat\/baixllobregat7\/general\/oberta-la-convocatoria-de-programes-dinnovacio-pedagogica\/","title":{"rendered":"Oberta la convocat\u00f2ria de programes d&#8217;Innovaci\u00f3 pedag\u00f2gica"},"content":{"rendered":"<p><a href=\"https:\/\/xtec.gencat.cat\/ca\/innovacio\/programes_innovacio\/convocatoria-programes-innovacio\/\"><img loading=\"lazy\" decoding=\"async\" class=\"wp-image-12662 alignright\" src=\"https:\/\/serveiseducatius.xtec.cat\/baixllobregat7\/wp-content\/uploads\/usu1179\/2023\/03\/FrQ3AjDX0AAZM2g.jpg\" alt=\"\" width=\"363\" height=\"204\" srcset=\"https:\/\/serveiseducatius.xtec.cat\/baixllobregat7\/wp-content\/uploads\/usu1179\/2023\/03\/FrQ3AjDX0AAZM2g.jpg 553w, https:\/\/serveiseducatius.xtec.cat\/baixllobregat7\/wp-content\/uploads\/usu1179\/2023\/03\/FrQ3AjDX0AAZM2g-300x169.jpg 300w\" sizes=\"auto, (max-width: 363px) 100vw, 363px\" \/><\/a><\/p>\n<p style=\"font-weight: 400;\">El 15 de mar\u00e7 de 2023 s&#8217;obre la <a href=\"https:\/\/xtec.gencat.cat\/ca\/innovacio\/programes_innovacio\/convocatoria-programes-innovacio\/\" data-saferedirecturl=\"https:\/\/www.google.com\/url?q=https:\/\/xtec.gencat.cat\/ca\/innovacio\/programes_innovacio\/convocatoria-programes-innovacio\/&amp;source=gmail&amp;ust=1679043159872000&amp;usg=AOvVaw3lnl6uhNlAEYtv_TTinIxS\">convocat\u00f2ria p\u00fablica<\/a> per a la participaci\u00f3 dels centres educatius en programes d\u2019Innovaci\u00f3 pedag\u00f2gica. El Departament d&#8217;Educaci\u00f3 ha unificat l&#8217;oferta de tots els programes amb l&#8217;objectiu de facilitar als centres l&#8217;acc\u00e9s a la informaci\u00f3 i la simplificaci\u00f3 dels processos de participaci\u00f3. El termini d\u2019inscripci\u00f3 \u00e9s del <strong>15 de mar\u00e7 fins al 15 de maig de 2023.<\/strong><!--more--><\/p>\n<p>Els programes que obren convocat\u00f2ria de participaci\u00f3 en el mes de mar\u00e7 del curs 2022-23 s\u00f3n: #aquiproubullying, Enfocament Restauratiu Global, AVANCEM, GEP, Comunitats d\u2019Aprenentatge, Magnet Aliances per a l&#8217;\u00e8xit educatiu, araArt ,T\u00e0ndem, RecercAULA,Recerca, Creaci\u00f3 i Servei, Xarxa de Compet\u00e8ncies; i de Formaci\u00f3 Professional: Activa FP, Orienta FP, Empr\u00e8n FP, Empresa FP, FPDual, Futura FP, InnovaFP, Mobilitat FP i\u00a0CatSkills.<\/p>\n<p style=\"font-weight: 400;\">Adjuntem el <a href=\"https:\/\/youtu.be\/_K5EA4Ll3zw\" data-saferedirecturl=\"https:\/\/www.google.com\/url?q=https:\/\/youtu.be\/_K5EA4Ll3zw&amp;source=gmail&amp;ust=1679043159872000&amp;usg=AOvVaw0-87jbPOq78RfPjxbu2SDS\">v\u00eddeo publicitari<\/a><a href=\"https:\/\/youtu.be\/BfPxnl_0l2I\" data-saferedirecturl=\"https:\/\/www.google.com\/url?q=https:\/\/youtu.be\/BfPxnl_0l2I&amp;source=gmail&amp;ust=1679043159872000&amp;usg=AOvVaw3CSGUv-kykfH0TGDTqf1_g\">\u00a0<\/a>sobre el proc\u00e9s de participaci\u00f3 i l\u2019oferta de programes d\u2019innovaci\u00f3.\u00a0Per a qualsevol consulta sobre aquesta informaci\u00f3 adreceu-vos al correu: <a href=\"mailto:innovacio@xtec.cat\">innovacio<span class=\"\"><span class=\"\">@xtec.cat<\/span><\/span><\/a><\/p>\n<p style=\"text-align: center;\"><img loading=\"lazy\" decoding=\"async\" class=\"aligncenter size-full wp-image-12773\" src=\"https:\/\/serveiseducatius.xtec.cat\/baixllobregat7\/wp-content\/uploads\/usu1179\/2023\/03\/programes-innovacio-abril-2023.png\" alt=\"\" width=\"750\" height=\"408\" srcset=\"https:\/\/serveiseducatius.xtec.cat\/baixllobregat7\/wp-content\/uploads\/usu1179\/2023\/03\/programes-innovacio-abril-2023.png 750w, https:\/\/serveiseducatius.xtec.cat\/baixllobregat7\/wp-content\/uploads\/usu1179\/2023\/03\/programes-innovacio-abril-2023-300x163.png 300w\" sizes=\"auto, (max-width: 750px) 100vw, 750px\" \/><\/p>\n<p><a href=\"https:\/\/espai.educacio.gencat.cat\/Centres\/Innovacio-pedagogica\/Programes\/Pagines\/default.aspx\" target=\"_blank\" rel=\"noopener\">https:\/\/espai.educacio.gencat.cat\/Centres\/Innovacio-pedagogica\/Programes\/Pagines\/default.aspx<\/a><\/p>\n","protected":false},"excerpt":{"rendered":"<p>El 15 de mar\u00e7 de 2023 s&#8217;obre la convocat\u00f2ria p\u00fablica per a la participaci\u00f3 dels centres educatius en programes d\u2019Innovaci\u00f3 pedag\u00f2gica. El Departament d&#8217;Educaci\u00f3 ha unificat l&#8217;oferta de tots els programes amb l&#8217;objectiu de facilitar als centres l&#8217;acc\u00e9s a la informaci\u00f3 i la simplificaci\u00f3 dels processos de participaci\u00f3. El termini d\u2019inscripci\u00f3 \u00e9s del 15 de [&hellip;]<\/p>\n","protected":false},"author":3,"featured_media":12662,"comment_status":"closed","ping_status":"closed","sticky":false,"template":"","format":"standard","meta":{"_bbp_topic_count":0,"_bbp_reply_count":0,"_bbp_total_topic_count":0,"_bbp_total_reply_count":0,"_bbp_voice_count":0,"_bbp_anonymous_reply_count":0,"_bbp_topic_count_hidden":0,"_bbp_reply_count_hidden":0,"_bbp_forum_subforum_count":0,"site-sidebar-layout":"default","site-content-layout":"","ast-site-content-layout":"","site-content-style":"default","site-sidebar-style":"default","ast-global-header-display":"","ast-banner-title-visibility":"","ast-main-header-display":"","ast-hfb-above-header-display":"","ast-hfb-below-header-display":"","ast-hfb-mobile-header-display":"","site-post-title":"","ast-breadcrumbs-content":"","ast-featured-img":"","footer-sml-layout":"","theme-transparent-header-meta":"","adv-header-id-meta":"","stick-header-meta":"","header-above-stick-meta":"","header-main-stick-meta":"","header-below-stick-meta":"","astra-migrate-meta-layouts":"default","ast-page-background-enabled":"default","ast-page-background-meta":{"desktop":{"background-color":"var(--ast-global-color-4)","background-image":"","background-repeat":"repeat","background-position":"center center","background-size":"auto","background-attachment":"scroll","background-type":"","background-media":"","overlay-type":"","overlay-color":"","overlay-opacity":"","overlay-gradient":""},"tablet":{"background-color":"","background-image":"","background-repeat":"repeat","background-position":"center center","background-size":"auto","background-attachment":"scroll","background-type":"","background-media":"","overlay-type":"","overlay-color":"","overlay-opacity":"","overlay-gradient":""},"mobile":{"background-color":"","background-image":"","background-repeat":"repeat","background-position":"center center","background-size":"auto","background-attachment":"scroll","background-type":"","background-media":"","overlay-type":"","overlay-color":"","overlay-opacity":"","overlay-gradient":""}},"ast-content-background-meta":{"desktop":{"background-color":"var(--ast-global-color-5)","background-image":"","background-repeat":"repeat","background-position":"center center","background-size":"auto","background-attachment":"scroll","background-type":"","background-media":"","overlay-type":"","overlay-color":"","overlay-opacity":"","overlay-gradient":""},"tablet":{"background-color":"var(--ast-global-color-5)","background-image":"","background-repeat":"repeat","background-position":"center center","background-size":"auto","background-attachment":"scroll","background-type":"","background-media":"","overlay-type":"","overlay-color":"","overlay-opacity":"","overlay-gradient":""},"mobile":{"background-color":"var(--ast-global-color-5)","background-image":"","background-repeat":"repeat","background-position":"center center","background-size":"auto","background-attachment":"scroll","background-type":"","background-media":"","overlay-type":"","overlay-color":"","overlay-opacity":"","overlay-gradient":""}},"footnotes":""},"categories":[65,1,315,29],"tags":[366],"class_list":["post-12661","post","type-post","status-publish","format-standard","has-post-thumbnail","hentry","category-crp","category-general","category-innovacio","category-portada","tag-innovacio"],"post_mailing_queue_ids":[],"_links":{"self":[{"href":"https:\/\/serveiseducatius.xtec.cat\/baixllobregat7\/wp-json\/wp\/v2\/posts\/12661","targetHints":{"allow":["GET"]}}],"collection":[{"href":"https:\/\/serveiseducatius.xtec.cat\/baixllobregat7\/wp-json\/wp\/v2\/posts"}],"about":[{"href":"https:\/\/serveiseducatius.xtec.cat\/baixllobregat7\/wp-json\/wp\/v2\/types\/post"}],"author":[{"embeddable":true,"href":"https:\/\/serveiseducatius.xtec.cat\/baixllobregat7\/wp-json\/wp\/v2\/users\/3"}],"replies":[{"embeddable":true,"href":"https:\/\/serveiseducatius.xtec.cat\/baixllobregat7\/wp-json\/wp\/v2\/comments?post=12661"}],"version-history":[{"count":3,"href":"https:\/\/serveiseducatius.xtec.cat\/baixllobregat7\/wp-json\/wp\/v2\/posts\/12661\/revisions"}],"predecessor-version":[{"id":12774,"href":"https:\/\/serveiseducatius.xtec.cat\/baixllobregat7\/wp-json\/wp\/v2\/posts\/12661\/revisions\/12774"}],"wp:featuredmedia":[{"embeddable":true,"href":"https:\/\/serveiseducatius.xtec.cat\/baixllobregat7\/wp-json\/wp\/v2\/media\/12662"}],"wp:attachment":[{"href":"https:\/\/serveiseducatius.xtec.cat\/baixllobregat7\/wp-json\/wp\/v2\/media?parent=12661"}],"wp:term":[{"taxonomy":"category","embeddable":true,"href":"https:\/\/serveiseducatius.xtec.cat\/baixllobregat7\/wp-json\/wp\/v2\/categories?post=12661"},{"taxonomy":"post_tag","embeddable":true,"href":"https:\/\/serveiseducatius.xtec.cat\/baixllobregat7\/wp-json\/wp\/v2\/tags?post=12661"}],"curies":[{"name":"wp","href":"https:\/\/api.w.org\/{rel}","templated":true}]}}