{"id":12599,"date":"2023-02-24T12:32:42","date_gmt":"2023-02-24T11:32:42","guid":{"rendered":"https:\/\/serveiseducatius.xtec.cat\/baixllobregat7\/?p=12599"},"modified":"2023-10-03T10:37:25","modified_gmt":"2023-10-03T08:37:25","slug":"2a-sessio-territorial-de-la-xarxa-cdc-coordinacio-digital-de-centre","status":"publish","type":"post","link":"https:\/\/serveiseducatius.xtec.cat\/baixllobregat7\/portada\/2a-sessio-territorial-de-la-xarxa-cdc-coordinacio-digital-de-centre\/","title":{"rendered":"2a sessi\u00f3 territorial de la Xarxa CDC (Coordinaci\u00f3 Digital de Centre)"},"content":{"rendered":"<p><img loading=\"lazy\" decoding=\"async\" class=\"wp-image-12603 alignright\" src=\"https:\/\/serveiseducatius.xtec.cat\/baixllobregat7\/wp-content\/uploads\/usu1179\/2023\/02\/robotica-nuvol.png\" alt=\"\" width=\"301\" height=\"215\" srcset=\"https:\/\/serveiseducatius.xtec.cat\/baixllobregat7\/wp-content\/uploads\/usu1179\/2023\/02\/robotica-nuvol.png 800w, https:\/\/serveiseducatius.xtec.cat\/baixllobregat7\/wp-content\/uploads\/usu1179\/2023\/02\/robotica-nuvol-300x215.png 300w, https:\/\/serveiseducatius.xtec.cat\/baixllobregat7\/wp-content\/uploads\/usu1179\/2023\/02\/robotica-nuvol-768x549.png 768w\" sizes=\"auto, (max-width: 301px) 100vw, 301px\" \/>La segona sessi\u00f3 de la xarxa de Coordinaci\u00f3 Digital de Centre, vam dedicar-la a fer una <strong>mostra de Rob\u00f2tica<\/strong>, la tarda del 23 de febrer de 2023, a l&#8217;Escola Josep Pla de Sant Andreu de la Barca.<\/p>\n<p>Uns quants participants al seminari van presentar a la resta, diversos materials i experi\u00e8ncies de llurs centres.<\/p>\n<p>Moltes gr\u00e0cies, a l&#8217;\u00c0ngel, la Sheila, l&#8217;Eli, l&#8217;Ernest i el Jefrey (i a la J\u00e8sscia, encara que el dia de la mostra no va poder assistir), per haver acceptar de preparar aquesta sessi\u00f3 i per oferir a la resta dels participants una interessant i variada mostra d&#8217;activitats, materials i experi\u00e8ncies relacionades amb <strong>Pensament computacional<\/strong>, la <strong>Programaci\u00f3<\/strong> i la <strong>Rob\u00f2tica<\/strong>.<\/p>\n<p>Vam fer petits tastets de:<\/p>\n<ul>\n<li><span style=\"font-family: inherit; font-size: 1em;\">Pensament computacional aplicat al propi cos:<\/span><\/li>\n<li>Robots: Dash &amp; Dot, Bee-bot, Blue-bot i Pro-bot, Lego WeDo, Lego Spike Essential, Lego Spike Prime, Lego\u00a0 Mindstorm NXT, mTiny bot i un robot <em>seguidor de l\u00ednies<\/em> molt senzill, per\u00f2 que va tenir molt \u00e8xit<\/li>\n<li>Plaques: Micro;bit i Arduino, amb algun complements, com ara power-bit, ESP32, sensors diversos<\/li>\n<li>Programacji\u00f3 amb Scratch, Lightbot, MakeCode, mBlock, S4A (Scratch for Arduino), SketchUp<\/li>\n<li>Jocs com <em>Let&#8217;s go code<\/em><\/li>\n<\/ul>\n<p>Podeu revisar els materials que van acompanyar les presentacions: <a href=\"https:\/\/drive.google.com\/file\/d\/1mipshSkxO6ybn82TZP2T3zibM7NA_GYv\/view\" target=\"_blank\" rel=\"noopener\">Sheila<\/a> &#8211; <a href=\"https:\/\/docs.google.com\/presentation\/d\/1lqAPRMqPVWafI5yLLeUqAisj3H_L9eCRPipnpsAZpZw\/preview?slide=id.g20fbe2e1bfb_0_0\" target=\"_blank\" rel=\"noopener\">Jefrey<\/a><\/p>\n<p>La idea va sorgir entre els assistents a la primera sessi\u00f3 de la xarxa, per a intentar donar resposta a la necessitat que tindran tots els els centres educatius quan els arribi el <a href=\"https:\/\/youtu.be\/em6u_12H5TM?t=2754\" target=\"_blank\" rel=\"noopener\"><strong>Cat\u00e0leg de rob\u00f2tica<\/strong><\/a>: hauran de seleccionar quins materials, d&#8217;entre tot el cat\u00e0leg, volen rebre al seu centre. Est\u00e0 previst que es faci el 3r trimestre d&#8217;aquest curs<\/p>\n<p>Aquesta dotaci\u00f3 d&#8217;equipaments de rob\u00f2tica s&#8217;emmarca en una actuaci\u00f3 m\u00e9s \u00e0mplia, de diferents equipaments tecnol\u00f2gics, finan\u00e7ats pels Fons Next Generation i presentats pel Departament d&#8217;Educaci\u00f3 el passat novembre de 2022 al seminari web <em><strong>Pla d\u2019Educaci\u00f3 Digital: Capacitaci\u00f3 per a docents i cat\u00e0leg d\u2019equipaments digitals<\/strong><\/em> (<a href=\"https:\/\/serveiseducatius.xtec.cat\/baixllobregat7\/portada\/resum-webinar-capacitacio-per-a-docents-i-cataleg-dequipaments-digitals\/\">Resum<\/a> &#8211;\u00a0<a href=\"https:\/\/youtu.be\/em6u_12H5TM\" target=\"_blank\" rel=\"noopener\">Enregistrament<\/a>)<\/p>\n","protected":false},"excerpt":{"rendered":"<p>La segona sessi\u00f3 de la xarxa de Coordinaci\u00f3 Digital de Centre, vam dedicar-la a fer una mostra de Rob\u00f2tica, la tarda del 23 de febrer de 2023, a l&#8217;Escola Josep Pla de Sant Andreu de la Barca. Uns quants participants al seminari van presentar a la resta, diversos materials i experi\u00e8ncies de llurs centres. Moltes [&hellip;]<\/p>\n","protected":false},"author":3,"featured_media":12603,"comment_status":"closed","ping_status":"closed","sticky":false,"template":"","format":"standard","meta":{"_bbp_topic_count":0,"_bbp_reply_count":0,"_bbp_total_topic_count":0,"_bbp_total_reply_count":0,"_bbp_voice_count":0,"_bbp_anonymous_reply_count":0,"_bbp_topic_count_hidden":0,"_bbp_reply_count_hidden":0,"_bbp_forum_subforum_count":0,"site-sidebar-layout":"default","site-content-layout":"","ast-site-content-layout":"","site-content-style":"default","site-sidebar-style":"default","ast-global-header-display":"","ast-banner-title-visibility":"","ast-main-header-display":"","ast-hfb-above-header-display":"","ast-hfb-below-header-display":"","ast-hfb-mobile-header-display":"","site-post-title":"","ast-breadcrumbs-content":"","ast-featured-img":"","footer-sml-layout":"","theme-transparent-header-meta":"","adv-header-id-meta":"","stick-header-meta":"","header-above-stick-meta":"","header-main-stick-meta":"","header-below-stick-meta":"","astra-migrate-meta-layouts":"default","ast-page-background-enabled":"default","ast-page-background-meta":{"desktop":{"background-color":"var(--ast-global-color-4)","background-image":"","background-repeat":"repeat","background-position":"center center","background-size":"auto","background-attachment":"scroll","background-type":"","background-media":"","overlay-type":"","overlay-color":"","overlay-opacity":"","overlay-gradient":""},"tablet":{"background-color":"","background-image":"","background-repeat":"repeat","background-position":"center center","background-size":"auto","background-attachment":"scroll","background-type":"","background-media":"","overlay-type":"","overlay-color":"","overlay-opacity":"","overlay-gradient":""},"mobile":{"background-color":"","background-image":"","background-repeat":"repeat","background-position":"center center","background-size":"auto","background-attachment":"scroll","background-type":"","background-media":"","overlay-type":"","overlay-color":"","overlay-opacity":"","overlay-gradient":""}},"ast-content-background-meta":{"desktop":{"background-color":"var(--ast-global-color-5)","background-image":"","background-repeat":"repeat","background-position":"center center","background-size":"auto","background-attachment":"scroll","background-type":"","background-media":"","overlay-type":"","overlay-color":"","overlay-opacity":"","overlay-gradient":""},"tablet":{"background-color":"var(--ast-global-color-5)","background-image":"","background-repeat":"repeat","background-position":"center center","background-size":"auto","background-attachment":"scroll","background-type":"","background-media":"","overlay-type":"","overlay-color":"","overlay-opacity":"","overlay-gradient":""},"mobile":{"background-color":"var(--ast-global-color-5)","background-image":"","background-repeat":"repeat","background-position":"center center","background-size":"auto","background-attachment":"scroll","background-type":"","background-media":"","overlay-type":"","overlay-color":"","overlay-opacity":"","overlay-gradient":""}},"footnotes":""},"categories":[473,29],"tags":[604,109,627],"class_list":["post-12599","post","type-post","status-publish","format-standard","has-post-thumbnail","hentry","category-coordinacio-digital-de-centre","category-portada","tag-dotacions","tag-robotica","tag-subxarxa-cdc"],"post_mailing_queue_ids":[],"_links":{"self":[{"href":"https:\/\/serveiseducatius.xtec.cat\/baixllobregat7\/wp-json\/wp\/v2\/posts\/12599","targetHints":{"allow":["GET"]}}],"collection":[{"href":"https:\/\/serveiseducatius.xtec.cat\/baixllobregat7\/wp-json\/wp\/v2\/posts"}],"about":[{"href":"https:\/\/serveiseducatius.xtec.cat\/baixllobregat7\/wp-json\/wp\/v2\/types\/post"}],"author":[{"embeddable":true,"href":"https:\/\/serveiseducatius.xtec.cat\/baixllobregat7\/wp-json\/wp\/v2\/users\/3"}],"replies":[{"embeddable":true,"href":"https:\/\/serveiseducatius.xtec.cat\/baixllobregat7\/wp-json\/wp\/v2\/comments?post=12599"}],"version-history":[{"count":3,"href":"https:\/\/serveiseducatius.xtec.cat\/baixllobregat7\/wp-json\/wp\/v2\/posts\/12599\/revisions"}],"predecessor-version":[{"id":12617,"href":"https:\/\/serveiseducatius.xtec.cat\/baixllobregat7\/wp-json\/wp\/v2\/posts\/12599\/revisions\/12617"}],"wp:featuredmedia":[{"embeddable":true,"href":"https:\/\/serveiseducatius.xtec.cat\/baixllobregat7\/wp-json\/wp\/v2\/media\/12603"}],"wp:attachment":[{"href":"https:\/\/serveiseducatius.xtec.cat\/baixllobregat7\/wp-json\/wp\/v2\/media?parent=12599"}],"wp:term":[{"taxonomy":"category","embeddable":true,"href":"https:\/\/serveiseducatius.xtec.cat\/baixllobregat7\/wp-json\/wp\/v2\/categories?post=12599"},{"taxonomy":"post_tag","embeddable":true,"href":"https:\/\/serveiseducatius.xtec.cat\/baixllobregat7\/wp-json\/wp\/v2\/tags?post=12599"}],"curies":[{"name":"wp","href":"https:\/\/api.w.org\/{rel}","templated":true}]}}