{"id":12485,"date":"2023-02-02T12:11:25","date_gmt":"2023-02-02T11:11:25","guid":{"rendered":"https:\/\/serveiseducatius.xtec.cat\/baixllobregat7\/?p=12485"},"modified":"2024-05-22T14:27:48","modified_gmt":"2024-05-22T12:27:48","slug":"gtaf-acces","status":"publish","type":"post","link":"https:\/\/serveiseducatius.xtec.cat\/baixllobregat7\/gestions-administratives\/gtaf-acces\/","title":{"rendered":"GTAF. Acc\u00e9s inicial"},"content":{"rendered":"<p>Si ets la persona formadora d&#8217;una activitat de formaci\u00f3 i et correspon la gesti\u00f3 administrativa, haur\u00e0s d&#8217;accedir a l&#8217;<em>aplicaci\u00f3<\/em>\u00a0<strong>GTAF<\/strong> (Gesti\u00f3 Telem\u00e0tic d&#8217;Activitats de Formaci\u00f3). Ho podr\u00e0s fer <strong>una setmana abans de l\u2019inici de l\u2019activitat<\/strong>, atenent al seu calendari.<\/p>\n<p style=\"text-align: center;\"><img loading=\"lazy\" decoding=\"async\" class=\"aligncenter size-full wp-image-12576\" src=\"https:\/\/serveiseducatius.xtec.cat\/baixllobregat7\/wp-content\/uploads\/usu1179\/2023\/02\/dades-activitat-inici.png\" alt=\"\" width=\"386\" height=\"161\" srcset=\"https:\/\/serveiseducatius.xtec.cat\/baixllobregat7\/wp-content\/uploads\/usu1179\/2023\/02\/dades-activitat-inici.png 386w, https:\/\/serveiseducatius.xtec.cat\/baixllobregat7\/wp-content\/uploads\/usu1179\/2023\/02\/dades-activitat-inici-300x125.png 300w\" sizes=\"auto, (max-width: 386px) 100vw, 386px\" \/><\/p>\n<p>En cas que l&#8217;activitat de formaci\u00f3 tingui assignades v\u00e0ries persones formadores, <strong>nom\u00e9s una pot accedir-hi<\/strong>.<\/p>\n<p>Abans de comen\u00e7ar l&#8217;activitat podr\u00e0s <strong style=\"font-family: inherit; font-size: 1em;\">Veure el llistat<\/strong><span style=\"font-family: inherit; font-size: 1em;\"> de les persones inscrites (i admeses), amb\u00a0 la seva adre\u00e7a de correu i <\/span><strong style=\"font-family: inherit; font-size: 1em;\">Descarregar el full<\/strong><span style=\"font-family: inherit; font-size: 1em;\"> de control d&#8217;assist\u00e8ncia<\/span><\/p>\n<p>Un cop acabada, haur\u00e0s de <span style=\"font-family: inherit; font-size: 1em;\"><strong>Registrar el seguiment<\/strong> de l&#8217;assist\u00e8ncia i la compleci\u00f3 dels &#8216;Altres requisits&#8221; i <\/span><span style=\"font-family: inherit; font-size: 1em;\"><strong>Obtenir l&#8217;acta final<\/strong> <\/span><\/p>\n<p><strong>Descarregar el full de seguiment<\/strong><\/p>\n<ol>\n<li>V\u00e9s a la web <a href=\"https:\/\/aplicacions.gestioeducativa.gencat.cat\/pls\/gtaf\/inici\"><strong>GTAF<\/strong><\/a><b> <\/b>i polsa a l&#8217;opci\u00f3 <strong><em>Formadors\/es, col\u00b7laboradors, suport<\/em><\/strong><\/li>\n<\/ol>\n<p><strong><img loading=\"lazy\" decoding=\"async\" class=\"aligncenter wp-image-12486 size-medium\" src=\"https:\/\/serveiseducatius.xtec.cat\/baixllobregat7\/wp-content\/uploads\/usu1179\/2023\/02\/gtaf-inici-300x143.png\" alt=\"\" width=\"300\" height=\"143\" srcset=\"https:\/\/serveiseducatius.xtec.cat\/baixllobregat7\/wp-content\/uploads\/usu1179\/2023\/02\/gtaf-inici-300x143.png 300w, https:\/\/serveiseducatius.xtec.cat\/baixllobregat7\/wp-content\/uploads\/usu1179\/2023\/02\/gtaf-inici.png 358w\" sizes=\"auto, (max-width: 300px) 100vw, 300px\" \/><\/strong><\/p>\n<p>2. Identifica&#8217;t amb les <strong>credencials XTEC<\/strong><br \/>\n<img loading=\"lazy\" decoding=\"async\" class=\"aligncenter wp-image-12487 size-medium\" src=\"https:\/\/serveiseducatius.xtec.cat\/baixllobregat7\/wp-content\/uploads\/usu1179\/2023\/02\/gtaf-inici-sessio-300x217.png\" alt=\"\" width=\"300\" height=\"217\" srcset=\"https:\/\/serveiseducatius.xtec.cat\/baixllobregat7\/wp-content\/uploads\/usu1179\/2023\/02\/gtaf-inici-sessio-300x217.png 300w, https:\/\/serveiseducatius.xtec.cat\/baixllobregat7\/wp-content\/uploads\/usu1179\/2023\/02\/gtaf-inici-sessio.png 327w\" sizes=\"auto, (max-width: 300px) 100vw, 300px\" \/><\/p>\n<p>3. Accedeix a la <strong>Llista d&#8217;activitats<\/strong> i selecciona la que vols gestionar (aquest pas haur\u00e0s de fer-lo encara que siguis formador\/a d&#8217;una sola activitat)<br \/>\n<img loading=\"lazy\" decoding=\"async\" class=\"aligncenter size-full wp-image-12495\" src=\"https:\/\/serveiseducatius.xtec.cat\/baixllobregat7\/wp-content\/uploads\/usu1179\/2023\/02\/gtaf-llista-activitats.png\" alt=\"\" width=\"197\" height=\"126\" \/><\/p>\n<p>4. Arribar\u00e0s a la pantalla amb el <strong>detall de l&#8217;activitat <\/strong>(codi, data inici, data fi, nombre d&#8217;hores,&#8230;) i els <strong>botons d&#8217;acc\u00e9s<\/strong> a les diverses gestions<\/p>\n<p style=\"font-family: 'Helvetica Neue', Helvetica, Helvetica, Arial, sans-serif; font-size: 16px;\"><img loading=\"lazy\" decoding=\"async\" class=\"aligncenter wp-image-12557 size-medium\" src=\"https:\/\/serveiseducatius.xtec.cat\/baixllobregat7\/wp-content\/uploads\/usu1179\/2023\/02\/dades-activitat-300x125.png\" alt=\"\" width=\"300\" height=\"125\" srcset=\"https:\/\/serveiseducatius.xtec.cat\/baixllobregat7\/wp-content\/uploads\/usu1179\/2023\/02\/dades-activitat-300x125.png 300w, https:\/\/serveiseducatius.xtec.cat\/baixllobregat7\/wp-content\/uploads\/usu1179\/2023\/02\/dades-activitat.png 386w\" sizes=\"auto, (max-width: 300px) 100vw, 300px\" \/><\/p>\n<p style=\"text-align: center;\"><img loading=\"lazy\" decoding=\"async\" class=\"aligncenter size-full wp-image-12494\" src=\"https:\/\/serveiseducatius.xtec.cat\/baixllobregat7\/wp-content\/uploads\/usu1179\/2023\/02\/gtaf-gestions-1.png\" alt=\"\" width=\"540\" height=\"76\" srcset=\"https:\/\/serveiseducatius.xtec.cat\/baixllobregat7\/wp-content\/uploads\/usu1179\/2023\/02\/gtaf-gestions-1.png 540w, https:\/\/serveiseducatius.xtec.cat\/baixllobregat7\/wp-content\/uploads\/usu1179\/2023\/02\/gtaf-gestions-1-300x42.png 300w\" sizes=\"auto, (max-width: 540px) 100vw, 540px\" \/><\/p>\n<p>El bot\u00f3 <strong>Llista d&#8217;assistents<\/strong> mostra en pantalla el llistat i les dades de les persones inscrites i admeses<\/p>\n<p><img loading=\"lazy\" decoding=\"async\" class=\"aligncenter size-full wp-image-12498\" src=\"https:\/\/serveiseducatius.xtec.cat\/baixllobregat7\/wp-content\/uploads\/usu1179\/2023\/02\/gtaf-dades-activitat.png\" alt=\"\" width=\"592\" height=\"96\" srcset=\"https:\/\/serveiseducatius.xtec.cat\/baixllobregat7\/wp-content\/uploads\/usu1179\/2023\/02\/gtaf-dades-activitat.png 592w, https:\/\/serveiseducatius.xtec.cat\/baixllobregat7\/wp-content\/uploads\/usu1179\/2023\/02\/gtaf-dades-activitat-300x49.png 300w\" sizes=\"auto, (max-width: 592px) 100vw, 592px\" \/><\/p>\n<p><strong>Full assist\u00e8ncia<\/strong> genera la graella de control d&#8217;assist\u00e8ncia, en format PDF. El sistema configura autom\u00e0ticament es el nombre de columnes i l&#8217;orientaci\u00f3 del paper. <span style=\"font-size: 12pt;\">En cas d&#8217;error en el n\u00famero de sessions, has de contactar amb el CRP abans de descarregar-lo<\/span><\/p>\n<p style=\"text-align: center;\"><img loading=\"lazy\" decoding=\"async\" class=\"aligncenter size-full wp-image-12554\" src=\"https:\/\/serveiseducatius.xtec.cat\/baixllobregat7\/wp-content\/uploads\/usu1179\/2023\/02\/full-assistencia.png\" alt=\"\" width=\"592\" height=\"199\" srcset=\"https:\/\/serveiseducatius.xtec.cat\/baixllobregat7\/wp-content\/uploads\/usu1179\/2023\/02\/full-assistencia.png 592w, https:\/\/serveiseducatius.xtec.cat\/baixllobregat7\/wp-content\/uploads\/usu1179\/2023\/02\/full-assistencia-300x101.png 300w\" sizes=\"auto, (max-width: 592px) 100vw, 592px\" \/><\/p>\n<ul>\n<li><strong>Seguiment assistents <\/strong>(vegeu instruccions del <a href=\"https:\/\/serveiseducatius.xtec.cat\/baixllobregat7\/gestions-administratives\/gtaf-tancament-de-lactivitat\/\">tancament de l&#8217;activitat<\/a>)<\/li>\n<li><strong>Acta d&#8217;assist\u00e8ncia\u00a0<\/strong>(vegeu instruccions del <a href=\"https:\/\/serveiseducatius.xtec.cat\/baixllobregat7\/gestions-administratives\/gtaf-tancament-de-lactivitat\/\">tancament de l&#8217;activitat<\/a>)<\/li>\n<li><strong>Descripci\u00f3 activitat<\/strong> i <strong>Calendari activitat<\/strong> mostren la informaci\u00f3 estesa de l&#8217;activitat. \u00c9s la mateixa informaci\u00f3 que es va difondre durant el per\u00edode d&#8217;inscripci\u00f3<\/li>\n<\/ul>\n","protected":false},"excerpt":{"rendered":"<p>Quan ets formador\/a d&#8217;una activitat i has de fer la gesti\u00f3 de l&#8217;assist\u00e8ncia i l&#8217;acta final<\/p>\n","protected":false},"author":3,"featured_media":0,"comment_status":"closed","ping_status":"closed","sticky":false,"template":"","format":"standard","meta":{"_bbp_topic_count":0,"_bbp_reply_count":0,"_bbp_total_topic_count":0,"_bbp_total_reply_count":0,"_bbp_voice_count":0,"_bbp_anonymous_reply_count":0,"_bbp_topic_count_hidden":0,"_bbp_reply_count_hidden":0,"_bbp_forum_subforum_count":0,"site-sidebar-layout":"default","site-content-layout":"","ast-site-content-layout":"","site-content-style":"default","site-sidebar-style":"default","ast-global-header-display":"","ast-banner-title-visibility":"","ast-main-header-display":"","ast-hfb-above-header-display":"","ast-hfb-below-header-display":"","ast-hfb-mobile-header-display":"","site-post-title":"","ast-breadcrumbs-content":"","ast-featured-img":"","footer-sml-layout":"","theme-transparent-header-meta":"","adv-header-id-meta":"","stick-header-meta":"","header-above-stick-meta":"","header-main-stick-meta":"","header-below-stick-meta":"","astra-migrate-meta-layouts":"default","ast-page-background-enabled":"default","ast-page-background-meta":{"desktop":{"background-color":"var(--ast-global-color-4)","background-image":"","background-repeat":"repeat","background-position":"center center","background-size":"auto","background-attachment":"scroll","background-type":"","background-media":"","overlay-type":"","overlay-color":"","overlay-opacity":"","overlay-gradient":""},"tablet":{"background-color":"","background-image":"","background-repeat":"repeat","background-position":"center center","background-size":"auto","background-attachment":"scroll","background-type":"","background-media":"","overlay-type":"","overlay-color":"","overlay-opacity":"","overlay-gradient":""},"mobile":{"background-color":"","background-image":"","background-repeat":"repeat","background-position":"center center","background-size":"auto","background-attachment":"scroll","background-type":"","background-media":"","overlay-type":"","overlay-color":"","overlay-opacity":"","overlay-gradient":""}},"ast-content-background-meta":{"desktop":{"background-color":"var(--ast-global-color-5)","background-image":"","background-repeat":"repeat","background-position":"center center","background-size":"auto","background-attachment":"scroll","background-type":"","background-media":"","overlay-type":"","overlay-color":"","overlay-opacity":"","overlay-gradient":""},"tablet":{"background-color":"var(--ast-global-color-5)","background-image":"","background-repeat":"repeat","background-position":"center center","background-size":"auto","background-attachment":"scroll","background-type":"","background-media":"","overlay-type":"","overlay-color":"","overlay-opacity":"","overlay-gradient":""},"mobile":{"background-color":"var(--ast-global-color-5)","background-image":"","background-repeat":"repeat","background-position":"center center","background-size":"auto","background-attachment":"scroll","background-type":"","background-media":"","overlay-type":"","overlay-color":"","overlay-opacity":"","overlay-gradient":""}},"footnotes":""},"categories":[442,624],"tags":[226,636,635],"class_list":["post-12485","post","type-post","status-publish","format-standard","hentry","category-gestions-administratives","category-gtaf","tag-formacio","tag-gestions-administratives","tag-gtaf"],"post_mailing_queue_ids":[],"_links":{"self":[{"href":"https:\/\/serveiseducatius.xtec.cat\/baixllobregat7\/wp-json\/wp\/v2\/posts\/12485","targetHints":{"allow":["GET"]}}],"collection":[{"href":"https:\/\/serveiseducatius.xtec.cat\/baixllobregat7\/wp-json\/wp\/v2\/posts"}],"about":[{"href":"https:\/\/serveiseducatius.xtec.cat\/baixllobregat7\/wp-json\/wp\/v2\/types\/post"}],"author":[{"embeddable":true,"href":"https:\/\/serveiseducatius.xtec.cat\/baixllobregat7\/wp-json\/wp\/v2\/users\/3"}],"replies":[{"embeddable":true,"href":"https:\/\/serveiseducatius.xtec.cat\/baixllobregat7\/wp-json\/wp\/v2\/comments?post=12485"}],"version-history":[{"count":4,"href":"https:\/\/serveiseducatius.xtec.cat\/baixllobregat7\/wp-json\/wp\/v2\/posts\/12485\/revisions"}],"predecessor-version":[{"id":14080,"href":"https:\/\/serveiseducatius.xtec.cat\/baixllobregat7\/wp-json\/wp\/v2\/posts\/12485\/revisions\/14080"}],"wp:attachment":[{"href":"https:\/\/serveiseducatius.xtec.cat\/baixllobregat7\/wp-json\/wp\/v2\/media?parent=12485"}],"wp:term":[{"taxonomy":"category","embeddable":true,"href":"https:\/\/serveiseducatius.xtec.cat\/baixllobregat7\/wp-json\/wp\/v2\/categories?post=12485"},{"taxonomy":"post_tag","embeddable":true,"href":"https:\/\/serveiseducatius.xtec.cat\/baixllobregat7\/wp-json\/wp\/v2\/tags?post=12485"}],"curies":[{"name":"wp","href":"https:\/\/api.w.org\/{rel}","templated":true}]}}