{"id":10722,"date":"2021-06-26T12:04:38","date_gmt":"2021-06-26T10:04:38","guid":{"rendered":"http:\/\/serveiseducatius.xtec.cat\/baixllobregat7\/?p=10722"},"modified":"2021-06-26T12:04:38","modified_gmt":"2021-06-26T10:04:38","slug":"premi-escola-agricultura-i-alimentacio-ecologica-2021","status":"publish","type":"post","link":"https:\/\/serveiseducatius.xtec.cat\/baixllobregat7\/portada\/premi-escola-agricultura-i-alimentacio-ecologica-2021\/","title":{"rendered":"Premi escola, agricultura i alimentaci\u00f3 ecol\u00f2gica 2021"},"content":{"rendered":"<p><img loading=\"lazy\" decoding=\"async\" class=\"aligncenter size-full wp-image-10725\" src=\"https:\/\/serveiseducatius.xtec.cat\/baixllobregat7\/wp-content\/uploads\/usu1179\/2021\/06\/premi-escola-2.jpg\" alt=\"\" width=\"899\" height=\"121\" srcset=\"https:\/\/serveiseducatius.xtec.cat\/baixllobregat7\/wp-content\/uploads\/usu1179\/2021\/06\/premi-escola-2.jpg 899w, https:\/\/serveiseducatius.xtec.cat\/baixllobregat7\/wp-content\/uploads\/usu1179\/2021\/06\/premi-escola-2-300x40.jpg 300w, https:\/\/serveiseducatius.xtec.cat\/baixllobregat7\/wp-content\/uploads\/usu1179\/2021\/06\/premi-escola-2-768x103.jpg 768w\" sizes=\"auto, (max-width: 899px) 100vw, 899px\" \/>Adre\u00e7at a c<span style=\"font-family: inherit; font-size: 1em;\">entres educatius d\u2019Educaci\u00f3 infantil, prim\u00e0ria, secund\u00e0ria, batxillerat, formaci\u00f3 professional, educaci\u00f3 especial i llar d\u2019infants de Catalunya, que hagin iniciat al llarg del curs escolar 2020-2021 un <strong>projecte o una experi\u00e8ncia pedag\u00f2gica<\/strong> relacionada amb la producci\u00f3 <strong>agroaliment\u00e0ria o l\u2019alimentaci\u00f3 ecol\u00f2giques.<\/strong><\/span><\/p>\n<p>El premi forma part de les activitats de la <em><strong>Setmana Bio a l\u2019escola<\/strong><\/em> impulsada pel Departament d\u2019Agricultura.<\/p>\n<p><a href=\"https:\/\/setmanabio.cat\/premi-escola\/\" target=\"_blank\" rel=\"noopener noreferrer\">M\u00e9s informaci\u00f3.<\/a> Termini: fins el 15 de juliol del 2021.<\/p>\n<p>Es poden presentar <strong>iniciatives i projectes<\/strong> relacionats amb la producci\u00f3 i l\u2019alimentaci\u00f3 ecol\u00f2giques impulsats per qualsevol centre educatiu i empresa o entitat d\u2019educaci\u00f3 ambiental.<\/p>\n<p>Tot i que els projectes relacionats amb l\u2019hort escolar, molt arrelats a nombrosos centres, acostumen a ser els m\u00e9s nombrosos, les bases ofereixen <strong>moltes altres opcions<\/strong> com:<\/p>\n<ul>\n<li>Projectes de centre sobre alimentaci\u00f3 saludable i sostenible o altres temes vinculats.<\/li>\n<li>Activitats concretes portades a terme dins del centre escolar ja siguin de recerca cient\u00edfica, art\u00edstiques, ling\u00fc\u00edstiques, etc.<\/li>\n<li>Activitats festives o commemoratives organitzades pel centre.<\/li>\n<li>Treballs de recerca de Batxillerat, presentats pel centre.<\/li>\n<li>Actuacions de transformaci\u00f3 dels espais escolars relacionats amb l\u2019objectiu.<\/li>\n<li>Reconeixement de la tasca d\u2019una persona de la comunitat educativa o entitat en la promoci\u00f3 de l\u2019agricultura i alimentaci\u00f3 ecol\u00f2gica al centre.<\/li>\n<li>Materials en format paper, com quaderns de treball, fulletons, revistes, etc.<\/li>\n<li>Materials digitals, com activitats on-line, Apps, v\u00eddeos, etc.<\/li>\n<\/ul>\n","protected":false},"excerpt":{"rendered":"<p>Adre\u00e7at a centres educatius d\u2019Educaci\u00f3 infantil, prim\u00e0ria, secund\u00e0ria, batxillerat, formaci\u00f3 professional, educaci\u00f3 especial i llar d\u2019infants de Catalunya, que hagin iniciat al llarg del curs escolar 2020-2021 un projecte o una experi\u00e8ncia pedag\u00f2gica relacionada amb la producci\u00f3 agroaliment\u00e0ria o l\u2019alimentaci\u00f3 ecol\u00f2giques. El premi forma part de les activitats de la Setmana Bio a l\u2019escola impulsada [&hellip;]<\/p>\n","protected":false},"author":3,"featured_media":10723,"comment_status":"closed","ping_status":"closed","sticky":false,"template":"","format":"standard","meta":{"_bbp_topic_count":0,"_bbp_reply_count":0,"_bbp_total_topic_count":0,"_bbp_total_reply_count":0,"_bbp_voice_count":0,"_bbp_anonymous_reply_count":0,"_bbp_topic_count_hidden":0,"_bbp_reply_count_hidden":0,"_bbp_forum_subforum_count":0,"site-sidebar-layout":"default","site-content-layout":"","ast-site-content-layout":"","site-content-style":"default","site-sidebar-style":"default","ast-global-header-display":"","ast-banner-title-visibility":"","ast-main-header-display":"","ast-hfb-above-header-display":"","ast-hfb-below-header-display":"","ast-hfb-mobile-header-display":"","site-post-title":"","ast-breadcrumbs-content":"","ast-featured-img":"","footer-sml-layout":"","theme-transparent-header-meta":"","adv-header-id-meta":"","stick-header-meta":"","header-above-stick-meta":"","header-main-stick-meta":"","header-below-stick-meta":"","astra-migrate-meta-layouts":"default","ast-page-background-enabled":"default","ast-page-background-meta":{"desktop":{"background-color":"var(--ast-global-color-4)","background-image":"","background-repeat":"repeat","background-position":"center center","background-size":"auto","background-attachment":"scroll","background-type":"","background-media":"","overlay-type":"","overlay-color":"","overlay-opacity":"","overlay-gradient":""},"tablet":{"background-color":"","background-image":"","background-repeat":"repeat","background-position":"center center","background-size":"auto","background-attachment":"scroll","background-type":"","background-media":"","overlay-type":"","overlay-color":"","overlay-opacity":"","overlay-gradient":""},"mobile":{"background-color":"","background-image":"","background-repeat":"repeat","background-position":"center center","background-size":"auto","background-attachment":"scroll","background-type":"","background-media":"","overlay-type":"","overlay-color":"","overlay-opacity":"","overlay-gradient":""}},"ast-content-background-meta":{"desktop":{"background-color":"var(--ast-global-color-5)","background-image":"","background-repeat":"repeat","background-position":"center center","background-size":"auto","background-attachment":"scroll","background-type":"","background-media":"","overlay-type":"","overlay-color":"","overlay-opacity":"","overlay-gradient":""},"tablet":{"background-color":"var(--ast-global-color-5)","background-image":"","background-repeat":"repeat","background-position":"center center","background-size":"auto","background-attachment":"scroll","background-type":"","background-media":"","overlay-type":"","overlay-color":"","overlay-opacity":"","overlay-gradient":""},"mobile":{"background-color":"var(--ast-global-color-5)","background-image":"","background-repeat":"repeat","background-position":"center center","background-size":"auto","background-attachment":"scroll","background-type":"","background-media":"","overlay-type":"","overlay-color":"","overlay-opacity":"","overlay-gradient":""}},"footnotes":""},"categories":[66,29],"tags":[345,463,466,461,465,464,444,447],"class_list":["post-10722","post","type-post","status-publish","format-standard","has-post-thumbnail","hentry","category-dinamitzacio","category-portada","tag-concurs","tag-ecologia","tag-educacio-especial","tag-fp","tag-infantil","tag-llar","tag-primaria","tag-secundaria"],"post_mailing_queue_ids":[],"_links":{"self":[{"href":"https:\/\/serveiseducatius.xtec.cat\/baixllobregat7\/wp-json\/wp\/v2\/posts\/10722","targetHints":{"allow":["GET"]}}],"collection":[{"href":"https:\/\/serveiseducatius.xtec.cat\/baixllobregat7\/wp-json\/wp\/v2\/posts"}],"about":[{"href":"https:\/\/serveiseducatius.xtec.cat\/baixllobregat7\/wp-json\/wp\/v2\/types\/post"}],"author":[{"embeddable":true,"href":"https:\/\/serveiseducatius.xtec.cat\/baixllobregat7\/wp-json\/wp\/v2\/users\/3"}],"replies":[{"embeddable":true,"href":"https:\/\/serveiseducatius.xtec.cat\/baixllobregat7\/wp-json\/wp\/v2\/comments?post=10722"}],"version-history":[{"count":1,"href":"https:\/\/serveiseducatius.xtec.cat\/baixllobregat7\/wp-json\/wp\/v2\/posts\/10722\/revisions"}],"predecessor-version":[{"id":10726,"href":"https:\/\/serveiseducatius.xtec.cat\/baixllobregat7\/wp-json\/wp\/v2\/posts\/10722\/revisions\/10726"}],"wp:featuredmedia":[{"embeddable":true,"href":"https:\/\/serveiseducatius.xtec.cat\/baixllobregat7\/wp-json\/wp\/v2\/media\/10723"}],"wp:attachment":[{"href":"https:\/\/serveiseducatius.xtec.cat\/baixllobregat7\/wp-json\/wp\/v2\/media?parent=10722"}],"wp:term":[{"taxonomy":"category","embeddable":true,"href":"https:\/\/serveiseducatius.xtec.cat\/baixllobregat7\/wp-json\/wp\/v2\/categories?post=10722"},{"taxonomy":"post_tag","embeddable":true,"href":"https:\/\/serveiseducatius.xtec.cat\/baixllobregat7\/wp-json\/wp\/v2\/tags?post=10722"}],"curies":[{"name":"wp","href":"https:\/\/api.w.org\/{rel}","templated":true}]}}