{"id":9994,"date":"2017-03-21T10:24:17","date_gmt":"2017-03-21T09:24:17","guid":{"rendered":"http:\/\/serveiseducatius.xtec.cat\/baixllobregat6\/?p=9994"},"modified":"2017-03-21T10:24:54","modified_gmt":"2017-03-21T09:24:54","slug":"obertura-dinscripcions-al-lets-clean-up-europe-2017-cleanupeurope-i-letscleanupcat","status":"publish","type":"post","link":"https:\/\/serveiseducatius.xtec.cat\/baixllobregat6\/se-baixllobregat6\/obertura-dinscripcions-al-lets-clean-up-europe-2017-cleanupeurope-i-letscleanupcat\/","title":{"rendered":"Obertura d&#8217;inscripcions al &#8220;Let&#8217;s Clean Up Europe&#8221; 2017 #cleanupEurope i #letscleanupCAT"},"content":{"rendered":"<div class=\"FW_sFechaNoticia\"><\/div>\n<div class=\"FW_sInfoCanal\"><\/div>\n<div class=\"ast-oembed-container \" style=\"height: 100%;\"><iframe loading=\"lazy\" title=\"L&#039;ets Clean Up Europe 2016 a Catalunya\" width=\"500\" height=\"281\" src=\"https:\/\/www.youtube.com\/embed\/HXov0_ffQOw?list=PLWQMeO43vsudvKe-WUxEzkQRT-FmemEp5\" frameborder=\"0\" allow=\"accelerometer; autoplay; clipboard-write; encrypted-media; gyroscope; picture-in-picture; web-share\" referrerpolicy=\"strict-origin-when-cross-origin\" allowfullscreen><\/iframe><\/div>\n<p class=\"FW_sEntradeta\">Els dies 12, 13 i 14 de maig de 2017 se celebra a tot Europa aquest gran esdeveniment que consisteix en la realitzaci\u00f3 d\u2019accions de neteja en espais naturals del nostre entorn per part dels ciutadans.<\/p>\n<div class=\"FW_sArticleFoto\">\n<div class=\"FW_sFlotaDre\"><\/div>\n<div class=\"FW_sEditPro\">\n<p><strong>Participa al Let&#8217;s Clean Up Europe!<\/strong><\/p>\n<p>Ja estan obertes les inscripcions per participar al Let&#8217;s Clean Up Europe d&#8217;enguany, un esdeveniment amb abast europeu que consisteix en realitzar accions de neteja dels nostres espais naturals i que tindr\u00e0 lloc els propers dies 12, 13 i 14 de maig.<\/p>\n<p>Una operaci\u00f3 de neteja d\u00f3na resposta a problemes ambientals originats per abocaments incontrolats en espais naturals (boscos, rius, platges, rieres\u2026), per tal d\u2019evitar possibles contaminacions i restaurar-ne l\u2019habitat i el paisatge. M\u00e9s enll\u00e0 d\u2019aquest fet, l\u2019acci\u00f3 tamb\u00e9 t\u00e9 un alt potencial de sensibilitzaci\u00f3 per la ciutadania, en ser una bona oportunitat per visualitzar de forma directa l\u2019efecte dels comportaments inc\u00edvics.<\/p>\n<p>Poden participar les administracions p\u00fabliques, empreses, associacions, escoles, o universitats que aix\u00ed ho desitgin, organitzant una operaci\u00f3 de neteja. I els ciutadans, a trav\u00e9s de la seva participaci\u00f3 directa en aquestes activitats.<\/p>\n<p>Els organitzadors rebran un kit de material log\u00edstic (bosses de r\u00e0fia reutilitzable, guants protectors i armilles). Des d&#8217;avui fins al 31 de mar\u00e7 teniu temps per a inscriure una acci\u00f3 de neteja, el material es lliurar\u00e0 per ordre d\u2019inscripci\u00f3 d\u2019activitat i fins a exhaurir les exist\u00e8ncies.<\/p>\n<p>Us animem doncs a organitzar una operaci\u00f3 de neteja en un espai natural proper!<\/p>\n<ul>\n<li>Formulari d&#8217;inscripci\u00f3: <a href=\"http:\/\/sdr.arc.cat\/prevencio\/GetLoginPrevencio.do\">http:\/\/sdr.arc.cat\/prevencio\/GetLoginPrevencio.do<\/a><\/li>\n<\/ul>\n<p class=\"FW_sTitolVermell FW_sMargin0\">M\u00e9s informaci\u00f3<\/p>\n<ul class=\"FW_sLlistaComu\">\n<li class=\"FW_sInlineImagNoti \"><a class=\"FW_titBullet FW_sLinkNegreta\" title=\"P\u00e0gina web LET'S CLEAN UP EUROPE\" href=\"http:\/\/residus.gencat.cat\/ca\/ambits_dactuacio\/prevencio\/setmana_europea\/lets_clean_up_europe\/\">P\u00e0gina web LET&#8217;S CLEAN UP EUROPE<\/a><\/li>\n<\/ul>\n<\/div>\n<\/div>\n<p><!--more--><\/p>\n","protected":false},"excerpt":{"rendered":"<p>Els dies 12, 13 i 14 de maig de 2017 se celebra a tot Europa aquest gran esdeveniment que consisteix en la realitzaci\u00f3 d\u2019accions de neteja en espais naturals del nostre entorn per part dels ciutadans. Participa al Let&#8217;s Clean Up Europe! Ja estan obertes les inscripcions per participar al Let&#8217;s Clean Up Europe d&#8217;enguany, [&hellip;]<\/p>\n","protected":false},"author":1,"featured_media":9995,"comment_status":"open","ping_status":"open","sticky":false,"template":"","format":"standard","meta":{"_bbp_topic_count":0,"_bbp_reply_count":0,"_bbp_total_topic_count":0,"_bbp_total_reply_count":0,"_bbp_voice_count":0,"_bbp_anonymous_reply_count":0,"_bbp_topic_count_hidden":0,"_bbp_reply_count_hidden":0,"_bbp_forum_subforum_count":0,"site-sidebar-layout":"default","site-content-layout":"","ast-site-content-layout":"","site-content-style":"default","site-sidebar-style":"default","ast-global-header-display":"","ast-banner-title-visibility":"","ast-main-header-display":"","ast-hfb-above-header-display":"","ast-hfb-below-header-display":"","ast-hfb-mobile-header-display":"","site-post-title":"","ast-breadcrumbs-content":"","ast-featured-img":"","footer-sml-layout":"","theme-transparent-header-meta":"","adv-header-id-meta":"","stick-header-meta":"","header-above-stick-meta":"","header-main-stick-meta":"","header-below-stick-meta":"","astra-migrate-meta-layouts":"default","ast-page-background-enabled":"default","ast-page-background-meta":{"desktop":{"background-color":"var(--ast-global-color-4)","background-image":"","background-repeat":"repeat","background-position":"center center","background-size":"auto","background-attachment":"scroll","background-type":"","background-media":"","overlay-type":"","overlay-color":"","overlay-opacity":"","overlay-gradient":""},"tablet":{"background-color":"","background-image":"","background-repeat":"repeat","background-position":"center center","background-size":"auto","background-attachment":"scroll","background-type":"","background-media":"","overlay-type":"","overlay-color":"","overlay-opacity":"","overlay-gradient":""},"mobile":{"background-color":"","background-image":"","background-repeat":"repeat","background-position":"center center","background-size":"auto","background-attachment":"scroll","background-type":"","background-media":"","overlay-type":"","overlay-color":"","overlay-opacity":"","overlay-gradient":""}},"ast-content-background-meta":{"desktop":{"background-color":"var(--ast-global-color-5)","background-image":"","background-repeat":"repeat","background-position":"center center","background-size":"auto","background-attachment":"scroll","background-type":"","background-media":"","overlay-type":"","overlay-color":"","overlay-opacity":"","overlay-gradient":""},"tablet":{"background-color":"var(--ast-global-color-5)","background-image":"","background-repeat":"repeat","background-position":"center center","background-size":"auto","background-attachment":"scroll","background-type":"","background-media":"","overlay-type":"","overlay-color":"","overlay-opacity":"","overlay-gradient":""},"mobile":{"background-color":"var(--ast-global-color-5)","background-image":"","background-repeat":"repeat","background-position":"center center","background-size":"auto","background-attachment":"scroll","background-type":"","background-media":"","overlay-type":"","overlay-color":"","overlay-opacity":"","overlay-gradient":""}},"footnotes":""},"categories":[154,29],"tags":[1760,1759,159,527,729],"class_list":["post-9994","post","type-post","status-publish","format-standard","has-post-thumbnail","hentry","category-xesc-2","category-se-baixllobregat6","tag-cleanupeurope","tag-letscleanupcat","tag-ecologia","tag-europa","tag-medi-natural"],"post_mailing_queue_ids":[],"_links":{"self":[{"href":"https:\/\/serveiseducatius.xtec.cat\/baixllobregat6\/wp-json\/wp\/v2\/posts\/9994","targetHints":{"allow":["GET"]}}],"collection":[{"href":"https:\/\/serveiseducatius.xtec.cat\/baixllobregat6\/wp-json\/wp\/v2\/posts"}],"about":[{"href":"https:\/\/serveiseducatius.xtec.cat\/baixllobregat6\/wp-json\/wp\/v2\/types\/post"}],"author":[{"embeddable":true,"href":"https:\/\/serveiseducatius.xtec.cat\/baixllobregat6\/wp-json\/wp\/v2\/users\/1"}],"replies":[{"embeddable":true,"href":"https:\/\/serveiseducatius.xtec.cat\/baixllobregat6\/wp-json\/wp\/v2\/comments?post=9994"}],"version-history":[{"count":2,"href":"https:\/\/serveiseducatius.xtec.cat\/baixllobregat6\/wp-json\/wp\/v2\/posts\/9994\/revisions"}],"predecessor-version":[{"id":9997,"href":"https:\/\/serveiseducatius.xtec.cat\/baixllobregat6\/wp-json\/wp\/v2\/posts\/9994\/revisions\/9997"}],"wp:featuredmedia":[{"embeddable":true,"href":"https:\/\/serveiseducatius.xtec.cat\/baixllobregat6\/wp-json\/wp\/v2\/media\/9995"}],"wp:attachment":[{"href":"https:\/\/serveiseducatius.xtec.cat\/baixllobregat6\/wp-json\/wp\/v2\/media?parent=9994"}],"wp:term":[{"taxonomy":"category","embeddable":true,"href":"https:\/\/serveiseducatius.xtec.cat\/baixllobregat6\/wp-json\/wp\/v2\/categories?post=9994"},{"taxonomy":"post_tag","embeddable":true,"href":"https:\/\/serveiseducatius.xtec.cat\/baixllobregat6\/wp-json\/wp\/v2\/tags?post=9994"}],"curies":[{"name":"wp","href":"https:\/\/api.w.org\/{rel}","templated":true}]}}