{"id":9622,"date":"2016-11-30T09:16:12","date_gmt":"2016-11-30T08:16:12","guid":{"rendered":"http:\/\/serveiseducatius.xtec.cat\/baixllobregat6\/?p=9622"},"modified":"2016-12-20T13:13:25","modified_gmt":"2016-12-20T12:13:25","slug":"casa-nostra-es-casa-vostra-campanya-per-a-impulsar-lacolliment-de-refugiats-a-catalunya","status":"publish","type":"post","link":"https:\/\/serveiseducatius.xtec.cat\/baixllobregat6\/se-baixllobregat6\/casa-nostra-es-casa-vostra-campanya-per-a-impulsar-lacolliment-de-refugiats-a-catalunya\/","title":{"rendered":"\u00abCasa nostra \u00e9s casa vostra\u00bb. Campanya per a impulsar l\u2019acolliment de refugiats a Catalunya."},"content":{"rendered":"<div class=\"ast-oembed-container \" style=\"height: 100%;\"><iframe loading=\"lazy\" title=\"Anunci de campanya | Casa Nostra, Casa Vostra\" width=\"500\" height=\"281\" src=\"https:\/\/www.youtube.com\/embed\/-YKJC3c600A?feature=oembed\" frameborder=\"0\" allow=\"accelerometer; autoplay; clipboard-write; encrypted-media; gyroscope; picture-in-picture; web-share\" referrerpolicy=\"strict-origin-when-cross-origin\" allowfullscreen><\/iframe><\/div>\n<p>L&#8217;objectiu de Casa Nostra, Casa Vostra \u00e9s reclamar a les institucions que compleixin amb la promesa d\u2019acollir, com a m\u00ednim, 4.500 persones de les que han hagut d&#8217;abandonar casa seva per la crisi migrat\u00f2ria de la Mediterr\u00e0nia.<\/p>\n<hr \/>\n<p>Europa viu la crisi migrat\u00f2ria m\u00e9s important des de la II Guerra Mundial \u2013amb la guerra de S\u00edria com a principal motiu per\u00f2 no l&#8217;\u00fanic\u2013, per\u00f2 el tancament de fronteres ha convertit el Mediterrani en un cementiri. Al marc\u0327, l&#8217;Estat espanyol es va comprometre a acollir 17.337 persones refugiades; el Parlament i la Generalitat a acollir, com a m\u00ednim 4.500. Per\u00f2 aquests m\u00ednims no s&#8217;estan complint. Casa Nostra, Casa Vostra vol exigir a les institucions catalanes que es compleixin amb el lema <strong>#volemacollir<\/strong>.<\/p>\n<p>Com? Reunint el m\u00e0xim de signatures de suport al <strong><a href=\"http:\/\/www.casanostracasavostra.cat\/signaelmanifest\" target=\"_blank\">manifest<\/a><\/strong> que han elaborat, i que Time Out Barcelona us animem a signar.<br \/>\nPer donar-li visibilitat, la campanya anuncia que organitzar\u00e0 centenars d&#8217;actes i activitats com confer\u00e8ncies i tallers per tot el territori. Entre els m\u00e9s destacats hi haur\u00e0 un concert al Palau Sant Jordi l&#8217;11 de febrer que comptar\u00e0 amb el suport de l\u2019equip t\u00e8cnic del Primavera Sound, la productora Live Nation, el festival Canet Rock i sales de concerts com la Sala Apolo i el Sidecar.<br \/>\nPer\u00f2 tamb\u00e9 l&#8217;emissi\u00f3 de la docus\u00e8rie &#8216;<em><strong>Vides aturades<\/strong><\/em>&#8216;, protagonitzada per cinc persones refugiades que actualment esperen en un camp de refugiats de Gre\u0300cia. &#8216;Vides aturades&#8217; s&#8217;emetr\u00e0 del 30 de gener al 7 de febrer en &#8216;prime time&#8217; per TV3.<\/p>\n","protected":false},"excerpt":{"rendered":"<p>L&#8217;objectiu de Casa Nostra, Casa Vostra \u00e9s reclamar a les institucions que compleixin amb la promesa d\u2019acollir, com a m\u00ednim, 4.500 persones de les que han hagut d&#8217;abandonar casa seva per la crisi migrat\u00f2ria de la Mediterr\u00e0nia. Europa viu la crisi migrat\u00f2ria m\u00e9s important des de la II Guerra Mundial \u2013amb la guerra de S\u00edria [&hellip;]<\/p>\n","protected":false},"author":1,"featured_media":9623,"comment_status":"open","ping_status":"open","sticky":false,"template":"","format":"standard","meta":{"_bbp_topic_count":0,"_bbp_reply_count":0,"_bbp_total_topic_count":0,"_bbp_total_reply_count":0,"_bbp_voice_count":0,"_bbp_anonymous_reply_count":0,"_bbp_topic_count_hidden":0,"_bbp_reply_count_hidden":0,"_bbp_forum_subforum_count":0,"site-sidebar-layout":"default","site-content-layout":"","ast-site-content-layout":"","site-content-style":"default","site-sidebar-style":"default","ast-global-header-display":"","ast-banner-title-visibility":"","ast-main-header-display":"","ast-hfb-above-header-display":"","ast-hfb-below-header-display":"","ast-hfb-mobile-header-display":"","site-post-title":"","ast-breadcrumbs-content":"","ast-featured-img":"","footer-sml-layout":"","theme-transparent-header-meta":"","adv-header-id-meta":"","stick-header-meta":"","header-above-stick-meta":"","header-main-stick-meta":"","header-below-stick-meta":"","astra-migrate-meta-layouts":"default","ast-page-background-enabled":"default","ast-page-background-meta":{"desktop":{"background-color":"var(--ast-global-color-4)","background-image":"","background-repeat":"repeat","background-position":"center center","background-size":"auto","background-attachment":"scroll","background-type":"","background-media":"","overlay-type":"","overlay-color":"","overlay-opacity":"","overlay-gradient":""},"tablet":{"background-color":"","background-image":"","background-repeat":"repeat","background-position":"center center","background-size":"auto","background-attachment":"scroll","background-type":"","background-media":"","overlay-type":"","overlay-color":"","overlay-opacity":"","overlay-gradient":""},"mobile":{"background-color":"","background-image":"","background-repeat":"repeat","background-position":"center center","background-size":"auto","background-attachment":"scroll","background-type":"","background-media":"","overlay-type":"","overlay-color":"","overlay-opacity":"","overlay-gradient":""}},"ast-content-background-meta":{"desktop":{"background-color":"var(--ast-global-color-5)","background-image":"","background-repeat":"repeat","background-position":"center center","background-size":"auto","background-attachment":"scroll","background-type":"","background-media":"","overlay-type":"","overlay-color":"","overlay-opacity":"","overlay-gradient":""},"tablet":{"background-color":"var(--ast-global-color-5)","background-image":"","background-repeat":"repeat","background-position":"center center","background-size":"auto","background-attachment":"scroll","background-type":"","background-media":"","overlay-type":"","overlay-color":"","overlay-opacity":"","overlay-gradient":""},"mobile":{"background-color":"var(--ast-global-color-5)","background-image":"","background-repeat":"repeat","background-position":"center center","background-size":"auto","background-attachment":"scroll","background-type":"","background-media":"","overlay-type":"","overlay-color":"","overlay-opacity":"","overlay-gradient":""}},"footnotes":""},"categories":[176,29],"tags":[297,1405,371,1715,1717,886,1716],"class_list":["post-9622","post","type-post","status-publish","format-standard","has-post-thumbnail","hentry","category-dinamica-educativa-sant-vicenc-dels-horts","category-se-baixllobregat6","tag-catalunya","tag-conflictes","tag-cooperacio","tag-demografia","tag-migracions","tag-refugiats","tag-solidaritat-internacional"],"post_mailing_queue_ids":[],"_links":{"self":[{"href":"https:\/\/serveiseducatius.xtec.cat\/baixllobregat6\/wp-json\/wp\/v2\/posts\/9622","targetHints":{"allow":["GET"]}}],"collection":[{"href":"https:\/\/serveiseducatius.xtec.cat\/baixllobregat6\/wp-json\/wp\/v2\/posts"}],"about":[{"href":"https:\/\/serveiseducatius.xtec.cat\/baixllobregat6\/wp-json\/wp\/v2\/types\/post"}],"author":[{"embeddable":true,"href":"https:\/\/serveiseducatius.xtec.cat\/baixllobregat6\/wp-json\/wp\/v2\/users\/1"}],"replies":[{"embeddable":true,"href":"https:\/\/serveiseducatius.xtec.cat\/baixllobregat6\/wp-json\/wp\/v2\/comments?post=9622"}],"version-history":[{"count":3,"href":"https:\/\/serveiseducatius.xtec.cat\/baixllobregat6\/wp-json\/wp\/v2\/posts\/9622\/revisions"}],"predecessor-version":[{"id":9743,"href":"https:\/\/serveiseducatius.xtec.cat\/baixllobregat6\/wp-json\/wp\/v2\/posts\/9622\/revisions\/9743"}],"wp:featuredmedia":[{"embeddable":true,"href":"https:\/\/serveiseducatius.xtec.cat\/baixllobregat6\/wp-json\/wp\/v2\/media\/9623"}],"wp:attachment":[{"href":"https:\/\/serveiseducatius.xtec.cat\/baixllobregat6\/wp-json\/wp\/v2\/media?parent=9622"}],"wp:term":[{"taxonomy":"category","embeddable":true,"href":"https:\/\/serveiseducatius.xtec.cat\/baixllobregat6\/wp-json\/wp\/v2\/categories?post=9622"},{"taxonomy":"post_tag","embeddable":true,"href":"https:\/\/serveiseducatius.xtec.cat\/baixllobregat6\/wp-json\/wp\/v2\/tags?post=9622"}],"curies":[{"name":"wp","href":"https:\/\/api.w.org\/{rel}","templated":true}]}}