{"id":9493,"date":"2016-10-25T10:36:02","date_gmt":"2016-10-25T08:36:02","guid":{"rendered":"http:\/\/serveiseducatius.xtec.cat\/baixllobregat6\/?p=9493"},"modified":"2016-10-25T19:31:48","modified_gmt":"2016-10-25T17:31:48","slug":"alumnes-de-insgabriela-i-salesians_svh-premis-extraordinaris-de-batxillerat-2106","status":"publish","type":"post","link":"https:\/\/serveiseducatius.xtec.cat\/baixllobregat6\/se-baixllobregat6\/alumnes-de-insgabriela-i-salesians_svh-premis-extraordinaris-de-batxillerat-2106\/","title":{"rendered":"Alumnes de @InsGabriela i @Salesians_SVH premis extraordinaris de Batxillerat 2016"},"content":{"rendered":"<p><a href=\"http:\/\/serveiseducatius.xtec.cat\/baixllobregat6\/wp-content\/uploads\/usu778\/2016\/10\/CvjCsj_WIAAoaK_.jpg\"><img loading=\"lazy\" decoding=\"async\" class=\"wp-image-9495 alignleft\" src=\"http:\/\/serveiseducatius.xtec.cat\/baixllobregat6\/wp-content\/uploads\/usu778\/2016\/10\/CvjCsj_WIAAoaK_-300x169.jpg\" alt=\"cvjcsj_wiaaoak_\" width=\"520\" height=\"293\" srcset=\"https:\/\/serveiseducatius.xtec.cat\/baixllobregat6\/wp-content\/uploads\/usu778\/2016\/10\/CvjCsj_WIAAoaK_-300x169.jpg 300w, https:\/\/serveiseducatius.xtec.cat\/baixllobregat6\/wp-content\/uploads\/usu778\/2016\/10\/CvjCsj_WIAAoaK_-768x432.jpg 768w, https:\/\/serveiseducatius.xtec.cat\/baixllobregat6\/wp-content\/uploads\/usu778\/2016\/10\/CvjCsj_WIAAoaK_.jpg 1024w\" sizes=\"auto, (max-width: 520px) 100vw, 520px\" \/><\/a><strong>Albert Gil Gil<\/strong> de l&#8217;<em>Institut Gabriela Mistral<\/em> i <strong>Roger Ordo\u00f1o Manzanas<\/strong>\u00a0dels <em>Salesians Sant Vicen\u00e7<\/em>, ambd\u00f3s de Sant Vicen\u00e7 dels Horts s\u00f3n dos dels 55 <a href=\"http:\/\/premsa.gencat.cat\/pres_fsvp\/AppJava\/notapremsavw\/296357\/ca\/ensenyament-atorga-55-alumnes-premis-extraordinaris-batxillerat.do\" target=\"_blank\"><strong>Premis Extraordinaris de Batxillerat<\/strong><\/a>.<\/p>\n<p>El lliurament dels guardons es va fer\u00a0en un acte al Palau de la Generalitat el dia 24 d&#8217;octubre de 2106 i presidit pel president de la Generalitat, Carles Puigdemont, i la consellera d\u2019Ensenyament, Meritxell Ruiz, i acompanyats pel cient\u00edfic Manel Esteller.<\/p>\n<p>Els Premis s\u00f3n un reconeixement oficial a l\u2019excel\u00b7l\u00e8ncia dels estudiants que van superar segon de batxillerat el curs passat amb les millors qualificacions de Catalunya. Els alumnes\u00a0 guardonats han dut a terme unes proves comunes realitzades el passat 28 de juny en diferents centres educatius d\u2019arreu del pa\u00eds.<\/p>\n<p>Ambd\u00f3s alumnes havien estat seleccionats des del Servei Educatiu Baix Llobregat-6 com a <strong><a href=\"http:\/\/serveiseducatius.xtec.cat\/baixllobregat6\/portada\/els-finalistes-de-la-nostra-demarcacio-a-ledurecerca-del-baix-llobregat-2015-2016\/\">finalistes<\/a><\/strong> als <a href=\"http:\/\/serveiseducatius.xtec.cat\/baixllobregat6\/portada\/alumnes-de-salesians_svh-premiats-a-edurecerca-baix-llobregat-2016\/\" target=\"_blank\"><strong>Premis Edurecerca 2015-2106<\/strong> <\/a>del Baix Llobregat en les modalitats:<br \/>\n<a title=\"Acc\u00e9s a les bases espec\u00edfiques\" href=\"https:\/\/sites.google.com\/a\/xtec.cat\/edurecerca\/1-modalitats-2014\/premi-arxiu-comarcal-del-baix-llobregat\" target=\"_blank\"><img decoding=\"async\" src=\"https:\/\/sites.google.com\/a\/xtec.cat\/edurecerca\/_\/rsrc\/1447747871633\/home\/arxiu.JPG?height=125%22&amp;width=125\" alt=\"https:\/\/sites.google.com\/a\/xtec.cat\/edurecerca\/home\/arxiu.JPG?attredirects=0\" \/><\/a><\/p>\n<h4>La Guerra del Franc\u00e8s al Baix Llobregat<\/h4>\n<h5>Albert Gil Gil <em>(autor)<\/em><\/h5>\n<p>Antonio Honorato M\u00e1rquez <em>(tutor)<\/em><\/p>\n<h5>INS Gabriela Mistral (Sant Vicen\u00e7 dels Horts)<\/h5>\n<p><iframe loading=\"lazy\" src=\"https:\/\/www.youtube.com\/embed\/4tYjv8NzI7Q\" width=\"853\" height=\"480\" frameborder=\"0\" allowfullscreen=\"allowfullscreen\"><\/iframe><\/p>\n<blockquote><p><em>El treball neix amb la idea de compilar tota la informaci\u00f3 coneguda sobre la Batalla de Molins de Rei i del 1808 al Baix Llobregat. Juntament amb aquesta aproximaci\u00f3 a la hist\u00f2ria de la comarca, el treball vol rec\u00f3rrer la relaci\u00f3 entre Espanya i Fran\u00e7a a principis del segle XIX i la tensa situaci\u00f3 pol\u00edtica a Europa, que \u00e9s indispensable con\u00e8ixer per tal d&#8217;entendre el nucli del treball: la Guerra del Franc\u00e8s, principalment els fets ocorreguts durant l&#8217;any 1808.<\/em><\/p>\n<p>&nbsp;<\/p><\/blockquote>\n<p><a title=\"acc\u00e9s a les bases espec\u00edfiques\" href=\"https:\/\/sites.google.com\/a\/xtec.cat\/edurecerca\/1-treballs-de-recerca-i-projectes\/innobaix\" target=\"_blank\"><img decoding=\"async\" src=\"https:\/\/sites.google.com\/a\/xtec.cat\/edurecerca\/_\/rsrc\/1339664807288\/home\/innobaix.jpg?height=48&amp;width=200\" alt=\"\" \/><\/a><\/p>\n<h4>Aprendre a emprendre<\/h4>\n<h5>S\u00edlvia Olivares Guill\u00e9n i Roger Ordo\u00f1o Manzanas (<em>autors<\/em>)<\/h5>\n<p>Josep Fern\u00e1ndez (<em>tutor<\/em>)<\/p>\n<h5>Salesians de Sant Vicen\u00e7 dels Horts<\/h5>\n<p><iframe loading=\"lazy\" src=\"https:\/\/www.youtube.com\/embed\/nk0fEWRg-9g\" width=\"853\" height=\"480\" frameborder=\"0\" allowfullscreen=\"allowfullscreen\"><\/iframe><\/p>\n<blockquote><p><em>El nostre objectiu era trobar una via de negoci en l\u2019economia actual, a partir de l\u2019an\u00e0lisi de l\u2019entorn, i garantir la seva continu\u00eftat en el mercat. Vol\u00edem saber emprendre i portar a la pr\u00e0ctica la nostra idea. La nostra hip\u00f2tesi era que una idea de negoci que tingui possibilitats de persistir en el mercat ha de ser \u00fatil, innovadora i c\u00f2moda, i per aquest motiu cr\u00e8iem que el sector el referent a les noves tecnologies era la via de negoci que oferia m\u00e9s possibilitat d\u2019\u00e8xit.<\/em><\/p><\/blockquote>\n","protected":false},"excerpt":{"rendered":"<p>Albert Gil Gil de l&#8217;Institut Gabriela Mistral i Roger Ordo\u00f1o Manzanas\u00a0dels Salesians Sant Vicen\u00e7, ambd\u00f3s de Sant Vicen\u00e7 dels Horts s\u00f3n dos dels 55 Premis Extraordinaris de Batxillerat. El lliurament dels guardons es va fer\u00a0en un acte al Palau de la Generalitat el dia 24 d&#8217;octubre de 2106 i presidit pel president de la Generalitat, [&hellip;]<\/p>\n","protected":false},"author":1,"featured_media":9495,"comment_status":"open","ping_status":"open","sticky":false,"template":"","format":"standard","meta":{"_bbp_topic_count":0,"_bbp_reply_count":0,"_bbp_total_topic_count":0,"_bbp_total_reply_count":0,"_bbp_voice_count":0,"_bbp_anonymous_reply_count":0,"_bbp_topic_count_hidden":0,"_bbp_reply_count_hidden":0,"_bbp_forum_subforum_count":0,"site-sidebar-layout":"default","site-content-layout":"","ast-site-content-layout":"","site-content-style":"default","site-sidebar-style":"default","ast-global-header-display":"","ast-banner-title-visibility":"","ast-main-header-display":"","ast-hfb-above-header-display":"","ast-hfb-below-header-display":"","ast-hfb-mobile-header-display":"","site-post-title":"","ast-breadcrumbs-content":"","ast-featured-img":"","footer-sml-layout":"","theme-transparent-header-meta":"","adv-header-id-meta":"","stick-header-meta":"","header-above-stick-meta":"","header-main-stick-meta":"","header-below-stick-meta":"","astra-migrate-meta-layouts":"default","ast-page-background-enabled":"default","ast-page-background-meta":{"desktop":{"background-color":"var(--ast-global-color-4)","background-image":"","background-repeat":"repeat","background-position":"center center","background-size":"auto","background-attachment":"scroll","background-type":"","background-media":"","overlay-type":"","overlay-color":"","overlay-opacity":"","overlay-gradient":""},"tablet":{"background-color":"","background-image":"","background-repeat":"repeat","background-position":"center center","background-size":"auto","background-attachment":"scroll","background-type":"","background-media":"","overlay-type":"","overlay-color":"","overlay-opacity":"","overlay-gradient":""},"mobile":{"background-color":"","background-image":"","background-repeat":"repeat","background-position":"center center","background-size":"auto","background-attachment":"scroll","background-type":"","background-media":"","overlay-type":"","overlay-color":"","overlay-opacity":"","overlay-gradient":""}},"ast-content-background-meta":{"desktop":{"background-color":"var(--ast-global-color-5)","background-image":"","background-repeat":"repeat","background-position":"center center","background-size":"auto","background-attachment":"scroll","background-type":"","background-media":"","overlay-type":"","overlay-color":"","overlay-opacity":"","overlay-gradient":""},"tablet":{"background-color":"var(--ast-global-color-5)","background-image":"","background-repeat":"repeat","background-position":"center center","background-size":"auto","background-attachment":"scroll","background-type":"","background-media":"","overlay-type":"","overlay-color":"","overlay-opacity":"","overlay-gradient":""},"mobile":{"background-color":"var(--ast-global-color-5)","background-image":"","background-repeat":"repeat","background-position":"center center","background-size":"auto","background-attachment":"scroll","background-type":"","background-media":"","overlay-type":"","overlay-color":"","overlay-opacity":"","overlay-gradient":""}},"footnotes":""},"categories":[1036,29],"tags":[],"class_list":["post-9493","post","type-post","status-publish","format-standard","has-post-thumbnail","hentry","category-activitat-dels-centres","category-se-baixllobregat6"],"post_mailing_queue_ids":[],"_links":{"self":[{"href":"https:\/\/serveiseducatius.xtec.cat\/baixllobregat6\/wp-json\/wp\/v2\/posts\/9493","targetHints":{"allow":["GET"]}}],"collection":[{"href":"https:\/\/serveiseducatius.xtec.cat\/baixllobregat6\/wp-json\/wp\/v2\/posts"}],"about":[{"href":"https:\/\/serveiseducatius.xtec.cat\/baixllobregat6\/wp-json\/wp\/v2\/types\/post"}],"author":[{"embeddable":true,"href":"https:\/\/serveiseducatius.xtec.cat\/baixllobregat6\/wp-json\/wp\/v2\/users\/1"}],"replies":[{"embeddable":true,"href":"https:\/\/serveiseducatius.xtec.cat\/baixllobregat6\/wp-json\/wp\/v2\/comments?post=9493"}],"version-history":[{"count":3,"href":"https:\/\/serveiseducatius.xtec.cat\/baixllobregat6\/wp-json\/wp\/v2\/posts\/9493\/revisions"}],"predecessor-version":[{"id":9503,"href":"https:\/\/serveiseducatius.xtec.cat\/baixllobregat6\/wp-json\/wp\/v2\/posts\/9493\/revisions\/9503"}],"wp:featuredmedia":[{"embeddable":true,"href":"https:\/\/serveiseducatius.xtec.cat\/baixllobregat6\/wp-json\/wp\/v2\/media\/9495"}],"wp:attachment":[{"href":"https:\/\/serveiseducatius.xtec.cat\/baixllobregat6\/wp-json\/wp\/v2\/media?parent=9493"}],"wp:term":[{"taxonomy":"category","embeddable":true,"href":"https:\/\/serveiseducatius.xtec.cat\/baixllobregat6\/wp-json\/wp\/v2\/categories?post=9493"},{"taxonomy":"post_tag","embeddable":true,"href":"https:\/\/serveiseducatius.xtec.cat\/baixllobregat6\/wp-json\/wp\/v2\/tags?post=9493"}],"curies":[{"name":"wp","href":"https:\/\/api.w.org\/{rel}","templated":true}]}}