{"id":9404,"date":"2016-10-10T15:44:45","date_gmt":"2016-10-10T14:44:45","guid":{"rendered":"http:\/\/serveiseducatius.xtec.cat\/baixllobregat6\/?p=9404"},"modified":"2016-10-10T15:55:31","modified_gmt":"2016-10-10T14:55:31","slug":"efemerides-de-literatura-infantil-i-juvenil-2017","status":"publish","type":"post","link":"https:\/\/serveiseducatius.xtec.cat\/baixllobregat6\/biblioteca-escolar\/informacions\/literatura-infantil-i-juvenil\/efemerides-de-literatura-infantil-i-juvenil-2017\/","title":{"rendered":"Efem\u00e8rides de literatura infantil i juvenil 2017"},"content":{"rendered":"<p><img loading=\"lazy\" decoding=\"async\" class=\"wp-image-9410 size-medium alignleft\" src=\"http:\/\/serveiseducatius.xtec.cat\/baixllobregat6\/wp-content\/uploads\/usu778\/2016\/10\/efemerides2017-300x138.jpg\" alt=\"efemerides2017\" width=\"300\" height=\"138\" srcset=\"https:\/\/serveiseducatius.xtec.cat\/baixllobregat6\/wp-content\/uploads\/usu778\/2016\/10\/efemerides2017-300x138.jpg 300w, https:\/\/serveiseducatius.xtec.cat\/baixllobregat6\/wp-content\/uploads\/usu778\/2016\/10\/efemerides2017.jpg 520w\" sizes=\"auto, (max-width: 300px) 100vw, 300px\" \/>Recull elaborat pel Servei de Documentaci\u00f3 LIJ de la <a href=\"http:\/\/ajuntament.barcelona.cat\/biblioteques\/bibxavierbenguerel\/ca\" target=\"_blank\">Biblioteca Xavier Benguerel<\/a>,\u00a0que cont\u00e9 les efem\u00e8rides de literatura infantil i juvenil m\u00e9s destacades de l&#8217;any d017, amb l\u2019objectiu que des de les biblioteques es puguin donar a con\u00e8ixer autors, llibres i personatges rellevants.<\/p>\n<p>Entre les efem\u00e8rides m\u00e9s destacades hi ha:<\/p>\n<ul>\n<li>\n<div>75 anys del naixement d&#8217;Isabel Allende<\/div>\n<\/li>\n<li>\n<div>120 anys de la publicaci\u00f3 de <i>Dr\u00e0cula<\/i> de Bram Stoker<\/div>\n<\/li>\n<li>\n<div>50 anys de la 1a edici\u00f3 de <i>Frederick<\/i>\u00a0 de Leo Lionni<\/div>\n<\/li>\n<li>\n<div>50 anys del naixement de Daniel Nesquens<\/div>\n<\/li>\n<li>\n<div>50 anys de la publicaci\u00f3 de <i>Les presoneres de Tabriz<\/i> de Maria Novell<\/div>\n<\/li>\n<li>125 anys del naixement de J.R.R. Tolkien<\/li>\n<li>\n<div>150 anys del naixement de l&#8217;il\u00b7lustrador Antoni Utrillo<\/div>\n<\/li>\n<\/ul>\n<p>&nbsp;<\/p>\n<div class=\"issuuembed\" style=\"width: 700px; height: 400px;\" data-configid=\"0\/39456527\"><\/div>\n<p><script src=\"\/\/e.issuu.com\/embed.js\" async=\"true\" type=\"text\/javascript\"><\/script><\/p>\n","protected":false},"excerpt":{"rendered":"<p>Recull elaborat pel Servei de Documentaci\u00f3 LIJ de la Biblioteca Xavier Benguerel,\u00a0que cont\u00e9 les efem\u00e8rides de literatura infantil i juvenil m\u00e9s destacades de l&#8217;any d017, amb l\u2019objectiu que des de les biblioteques es puguin donar a con\u00e8ixer autors, llibres i personatges rellevants. Entre les efem\u00e8rides m\u00e9s destacades hi ha: 75 anys del naixement d&#8217;Isabel Allende [&hellip;]<\/p>\n","protected":false},"author":1,"featured_media":9410,"comment_status":"open","ping_status":"open","sticky":false,"template":"","format":"standard","meta":{"_bbp_topic_count":0,"_bbp_reply_count":0,"_bbp_total_topic_count":0,"_bbp_total_reply_count":0,"_bbp_voice_count":0,"_bbp_anonymous_reply_count":0,"_bbp_topic_count_hidden":0,"_bbp_reply_count_hidden":0,"_bbp_forum_subforum_count":0,"site-sidebar-layout":"default","site-content-layout":"","ast-site-content-layout":"","site-content-style":"default","site-sidebar-style":"default","ast-global-header-display":"","ast-banner-title-visibility":"","ast-main-header-display":"","ast-hfb-above-header-display":"","ast-hfb-below-header-display":"","ast-hfb-mobile-header-display":"","site-post-title":"","ast-breadcrumbs-content":"","ast-featured-img":"","footer-sml-layout":"","theme-transparent-header-meta":"","adv-header-id-meta":"","stick-header-meta":"","header-above-stick-meta":"","header-main-stick-meta":"","header-below-stick-meta":"","astra-migrate-meta-layouts":"default","ast-page-background-enabled":"default","ast-page-background-meta":{"desktop":{"background-color":"var(--ast-global-color-4)","background-image":"","background-repeat":"repeat","background-position":"center center","background-size":"auto","background-attachment":"scroll","background-type":"","background-media":"","overlay-type":"","overlay-color":"","overlay-opacity":"","overlay-gradient":""},"tablet":{"background-color":"","background-image":"","background-repeat":"repeat","background-position":"center center","background-size":"auto","background-attachment":"scroll","background-type":"","background-media":"","overlay-type":"","overlay-color":"","overlay-opacity":"","overlay-gradient":""},"mobile":{"background-color":"","background-image":"","background-repeat":"repeat","background-position":"center center","background-size":"auto","background-attachment":"scroll","background-type":"","background-media":"","overlay-type":"","overlay-color":"","overlay-opacity":"","overlay-gradient":""}},"ast-content-background-meta":{"desktop":{"background-color":"var(--ast-global-color-5)","background-image":"","background-repeat":"repeat","background-position":"center center","background-size":"auto","background-attachment":"scroll","background-type":"","background-media":"","overlay-type":"","overlay-color":"","overlay-opacity":"","overlay-gradient":""},"tablet":{"background-color":"var(--ast-global-color-5)","background-image":"","background-repeat":"repeat","background-position":"center center","background-size":"auto","background-attachment":"scroll","background-type":"","background-media":"","overlay-type":"","overlay-color":"","overlay-opacity":"","overlay-gradient":""},"mobile":{"background-color":"var(--ast-global-color-5)","background-image":"","background-repeat":"repeat","background-position":"center center","background-size":"auto","background-attachment":"scroll","background-type":"","background-media":"","overlay-type":"","overlay-color":"","overlay-opacity":"","overlay-gradient":""}},"footnotes":""},"categories":[1077],"tags":[1675,1676,453,694],"class_list":["post-9404","post","type-post","status-publish","format-standard","has-post-thumbnail","hentry","category-literatura-infantil-i-juvenil","tag-1675","tag-autores-i-autors","tag-efemerides","tag-literatura-infantil-i-juvenil"],"post_mailing_queue_ids":[],"_links":{"self":[{"href":"https:\/\/serveiseducatius.xtec.cat\/baixllobregat6\/wp-json\/wp\/v2\/posts\/9404","targetHints":{"allow":["GET"]}}],"collection":[{"href":"https:\/\/serveiseducatius.xtec.cat\/baixllobregat6\/wp-json\/wp\/v2\/posts"}],"about":[{"href":"https:\/\/serveiseducatius.xtec.cat\/baixllobregat6\/wp-json\/wp\/v2\/types\/post"}],"author":[{"embeddable":true,"href":"https:\/\/serveiseducatius.xtec.cat\/baixllobregat6\/wp-json\/wp\/v2\/users\/1"}],"replies":[{"embeddable":true,"href":"https:\/\/serveiseducatius.xtec.cat\/baixllobregat6\/wp-json\/wp\/v2\/comments?post=9404"}],"version-history":[{"count":3,"href":"https:\/\/serveiseducatius.xtec.cat\/baixllobregat6\/wp-json\/wp\/v2\/posts\/9404\/revisions"}],"predecessor-version":[{"id":9411,"href":"https:\/\/serveiseducatius.xtec.cat\/baixllobregat6\/wp-json\/wp\/v2\/posts\/9404\/revisions\/9411"}],"wp:featuredmedia":[{"embeddable":true,"href":"https:\/\/serveiseducatius.xtec.cat\/baixllobregat6\/wp-json\/wp\/v2\/media\/9410"}],"wp:attachment":[{"href":"https:\/\/serveiseducatius.xtec.cat\/baixllobregat6\/wp-json\/wp\/v2\/media?parent=9404"}],"wp:term":[{"taxonomy":"category","embeddable":true,"href":"https:\/\/serveiseducatius.xtec.cat\/baixllobregat6\/wp-json\/wp\/v2\/categories?post=9404"},{"taxonomy":"post_tag","embeddable":true,"href":"https:\/\/serveiseducatius.xtec.cat\/baixllobregat6\/wp-json\/wp\/v2\/tags?post=9404"}],"curies":[{"name":"wp","href":"https:\/\/api.w.org\/{rel}","templated":true}]}}