{"id":9385,"date":"2016-10-03T15:26:07","date_gmt":"2016-10-03T14:26:07","guid":{"rendered":"http:\/\/serveiseducatius.xtec.cat\/baixllobregat6\/?p=9385"},"modified":"2016-10-03T15:31:32","modified_gmt":"2016-10-03T14:31:32","slug":"el-forum-educacio-de-la-fundacio-utopia-enceta-la-temporada-amb-un-debat-sobre-la-jornada-escolar-i-la-reforma-horaria","status":"publish","type":"post","link":"https:\/\/serveiseducatius.xtec.cat\/baixllobregat6\/politicaeducativa\/el-forum-educacio-de-la-fundacio-utopia-enceta-la-temporada-amb-un-debat-sobre-la-jornada-escolar-i-la-reforma-horaria\/","title":{"rendered":"El F\u00f2rum Educaci\u00f3 de la Fundaci\u00f3 Utopia enceta la temporada amb un debat sobre la jornada escolar i la reforma hor\u00e0ria"},"content":{"rendered":"<p><a href=\"http:\/\/serveiseducatius.xtec.cat\/baixllobregat6\/wp-content\/uploads\/usu778\/2016\/10\/cartellreformahoraria.png\"><img loading=\"lazy\" decoding=\"async\" class=\"alignleft wp-image-9386\" src=\"http:\/\/serveiseducatius.xtec.cat\/baixllobregat6\/wp-content\/uploads\/usu778\/2016\/10\/cartellreformahoraria-1024x1024.png\" alt=\"cartellreformahoraria\" width=\"520\" height=\"520\" srcset=\"https:\/\/serveiseducatius.xtec.cat\/baixllobregat6\/wp-content\/uploads\/usu778\/2016\/10\/cartellreformahoraria-1024x1024.png 1024w, https:\/\/serveiseducatius.xtec.cat\/baixllobregat6\/wp-content\/uploads\/usu778\/2016\/10\/cartellreformahoraria-150x150.png 150w, https:\/\/serveiseducatius.xtec.cat\/baixllobregat6\/wp-content\/uploads\/usu778\/2016\/10\/cartellreformahoraria-300x300.png 300w, https:\/\/serveiseducatius.xtec.cat\/baixllobregat6\/wp-content\/uploads\/usu778\/2016\/10\/cartellreformahoraria-768x768.png 768w, https:\/\/serveiseducatius.xtec.cat\/baixllobregat6\/wp-content\/uploads\/usu778\/2016\/10\/cartellreformahoraria.png 1170w\" sizes=\"auto, (max-width: 520px) 100vw, 520px\" \/><\/a>La <strong>Fundaci\u00f3 Utopia<\/strong> considera l\u2019educaci\u00f3 com un b\u00e9 p\u00fablic i un dret hum\u00e0 fonamental \u2013 en totes les branques i nivells \u2013 que, en els nostres temps, est\u00e0 sent sotmesa a un r\u00e0pid proc\u00e9s de mercantilitzaci\u00f3 i degradaci\u00f3 fruit d\u2019una pol\u00edtica neoliberal. La Fundaci\u00f3 Utopia ent\u00e9n que davant d\u2019aquesta situaci\u00f3 \u00e9s necessari recuperar el discurs educatiu i dur a terme accions que tornin l\u2019educaci\u00f3 al centre de les inquietuds socials.<\/p>\n<p>El <em><strong>F\u00f2rum Educaci\u00f3<\/strong><\/em> est\u00e0 constitu\u00eft per persones que representin entitats o institucions del Baix Llobregat que tenen inter\u00e8s manifest sobre temes educatius i s\u2019inscriuen volunt\u00e0riament.<\/p>\n<p>Les finalitats del F\u00f2rum Educaci\u00f3 s\u00f3n dur a terme debats, exposicions i confer\u00e8ncies sobre:<\/p>\n<blockquote>\n<ul>\n<li>Impulsar la recuperaci\u00f3 del discurs educatiu en el marc d\u2019una educaci\u00f3 p\u00fablica, laica i gratu\u00efta.<\/li>\n<li>Promoure la difusi\u00f3 d\u2019estudis i investigacions sobre el sistema educatiu o sobre algun dels seus aspectes que, per la seva rellev\u00e0ncia, tinguin clara incid\u00e8ncia en l\u2019escola, entesa en sentit ampli.<\/li>\n<li>Estimular i promoure el debat sobre normatives i d\u2019altres actuacions pol\u00edtiques que incideixen directament en l\u2019\u00e0mbit educatiu o en algun dels seus aspectes.<\/li>\n<li>Promoure la import\u00e0ncia i el valor de l\u2019educaci\u00f3 en els \u00e0mbits social, cultural i pol\u00edtic.<\/li>\n<li>Estimular la democratitzaci\u00f3 del sistema educatiu, que, entre d\u2019altres accions, inclou:<\/li>\n<li>Promoure institucions educatives gestionades democr\u00e0ticament i obertes a la comunitat,<\/li>\n<li>Fomentar pr\u00e0ctiques i valors democr\u00e0tics a l\u2019escola,<\/li>\n<li>Impulsar la recerca de la qualitat de les pol\u00edtiques i processos educatius,<\/li>\n<li>Recuperar la mem\u00f2ria col\u00b7lectiva,<\/li>\n<li>Rebutjar els autoritarismes,<\/li>\n<li>Fomentar el dret dels estudiants a participar en la gesti\u00f3 de les institucions educatives,<\/li>\n<li>Afermar i donar valor al rol dels treballadors i treballadores de l\u2019educaci\u00f3.<\/li>\n<\/ul>\n<\/blockquote>\n<p>El debat sobre el temps escolar no \u00e9s nou. Des de fa anys, molts pa\u00efsos del nostre entorn han ordenat les seves jornades i calendaris escolars amb criteris diferents. A Catalunya, la instauraci\u00f3 de les \u201cvacances d\u2019hivern\u201d i la \u201csetmana blanca\u201d ha tingut una vida ef\u00edmera. Tamb\u00e9 de vida curta va ser la implantaci\u00f3 de la sisena hora a les escoles p\u00fabliques. D\u2019altra banda, la implantaci\u00f3 de la jornada cont\u00ednua s\u2019inici\u00e0 el 2013, de manera experimental. Avui, encara es mant\u00e9 aix\u00ed, sense generalitzar-se, i el Departament\u00a0d\u2019Ensenyament perllong\u00e0 el passat gener el pla experimental fins el 2019.<\/p>\n<blockquote>\n<h5>Aix\u00ed doncs, la primera sessi\u00f3 d\u2019aquest curs tractar\u00e0 sobre <strong>Jornada escolar: cont\u00ednua o partida<\/strong> i se celebrar\u00e0 el proper <strong>dia 27 d\u2019octubre, de 18:30 a 20:30 hores<\/strong>, a la seu de la Fundaci\u00f3 [<a title=\"Castell de Conerll\u00e0 - localitzaci\u00f3 -,\" href=\"https:\/\/goo.gl\/maps\/GpPgMPz2J8G2\" target=\"_blank\">Castell de Cornell\u00e0, c\/Men\u00e9ndez Pelayo, s\/n, Cornell\u00e0 de Llobregat<\/a>] <a href=\"http:\/\/www.fundacioutopia.org\/\" target=\"_blank\" data-saferedirecturl=\"https:\/\/www.google.com\/url?hl=ca&amp;q=http:\/\/www.fundacioutopia.org\/&amp;source=gmail&amp;ust=1475589477054000&amp;usg=AFQjCNG2Ch4KkqpSjbv2rUb7ClVmewoszg\">http:\/\/www.fundacioutopia.org\/<\/a><\/h5>\n<h5>Hi participaran com a ponents <strong>Fabi\u00e1n Mohedano<\/strong>, parlamentari al Parlament de Catalunya i promotor de la \u201c<em><strong>Iniciativa per a la reforma hor\u00e0ria\u201d<\/strong><\/em>, i <strong>\u00c0lex Castillo<\/strong>, membre de l\u2019AMPA de l\u2019IES Consell de Cent de Barcelona, que ha estat president de la FAPAC fins el mar\u00e7 del 2016.<\/h5>\n<\/blockquote>\n<p>Podeu comunicar el vostre inter\u00e8s en assistir-hi amb la tramesa d&#8217;un correu-e a:\u00a0<a href=\"mailto:secretaria@fundacioutopia.org\" target=\"_blank\">secretaria@fundacioutopia.org<\/a>.<\/p>\n","protected":false},"excerpt":{"rendered":"<p>La Fundaci\u00f3 Utopia considera l\u2019educaci\u00f3 com un b\u00e9 p\u00fablic i un dret hum\u00e0 fonamental \u2013 en totes les branques i nivells \u2013 que, en els nostres temps, est\u00e0 sent sotmesa a un r\u00e0pid proc\u00e9s de mercantilitzaci\u00f3 i degradaci\u00f3 fruit d\u2019una pol\u00edtica neoliberal. La Fundaci\u00f3 Utopia ent\u00e9n que davant d\u2019aquesta situaci\u00f3 \u00e9s necessari recuperar el discurs [&hellip;]<\/p>\n","protected":false},"author":195,"featured_media":9386,"comment_status":"open","ping_status":"open","sticky":false,"template":"","format":"standard","meta":{"_bbp_topic_count":0,"_bbp_reply_count":0,"_bbp_total_topic_count":0,"_bbp_total_reply_count":0,"_bbp_voice_count":0,"_bbp_anonymous_reply_count":0,"_bbp_topic_count_hidden":0,"_bbp_reply_count_hidden":0,"_bbp_forum_subforum_count":0,"site-sidebar-layout":"default","site-content-layout":"","ast-site-content-layout":"","site-content-style":"default","site-sidebar-style":"default","ast-global-header-display":"","ast-banner-title-visibility":"","ast-main-header-display":"","ast-hfb-above-header-display":"","ast-hfb-below-header-display":"","ast-hfb-mobile-header-display":"","site-post-title":"","ast-breadcrumbs-content":"","ast-featured-img":"","footer-sml-layout":"","theme-transparent-header-meta":"","adv-header-id-meta":"","stick-header-meta":"","header-above-stick-meta":"","header-main-stick-meta":"","header-below-stick-meta":"","astra-migrate-meta-layouts":"default","ast-page-background-enabled":"default","ast-page-background-meta":{"desktop":{"background-color":"var(--ast-global-color-4)","background-image":"","background-repeat":"repeat","background-position":"center center","background-size":"auto","background-attachment":"scroll","background-type":"","background-media":"","overlay-type":"","overlay-color":"","overlay-opacity":"","overlay-gradient":""},"tablet":{"background-color":"","background-image":"","background-repeat":"repeat","background-position":"center center","background-size":"auto","background-attachment":"scroll","background-type":"","background-media":"","overlay-type":"","overlay-color":"","overlay-opacity":"","overlay-gradient":""},"mobile":{"background-color":"","background-image":"","background-repeat":"repeat","background-position":"center center","background-size":"auto","background-attachment":"scroll","background-type":"","background-media":"","overlay-type":"","overlay-color":"","overlay-opacity":"","overlay-gradient":""}},"ast-content-background-meta":{"desktop":{"background-color":"var(--ast-global-color-5)","background-image":"","background-repeat":"repeat","background-position":"center center","background-size":"auto","background-attachment":"scroll","background-type":"","background-media":"","overlay-type":"","overlay-color":"","overlay-opacity":"","overlay-gradient":""},"tablet":{"background-color":"var(--ast-global-color-5)","background-image":"","background-repeat":"repeat","background-position":"center center","background-size":"auto","background-attachment":"scroll","background-type":"","background-media":"","overlay-type":"","overlay-color":"","overlay-opacity":"","overlay-gradient":""},"mobile":{"background-color":"var(--ast-global-color-5)","background-image":"","background-repeat":"repeat","background-position":"center center","background-size":"auto","background-attachment":"scroll","background-type":"","background-media":"","overlay-type":"","overlay-color":"","overlay-opacity":"","overlay-gradient":""}},"footnotes":""},"categories":[176,1,29],"tags":[446,447,1673,1671,1670,1672],"class_list":["post-9385","post","type-post","status-publish","format-standard","has-post-thumbnail","hentry","category-dinamica-educativa-sant-vicenc-dels-horts","category-politicaeducativa","category-se-baixllobregat6","tag-educacio-primaria","tag-educacio-secundaria","tag-fundacio-utopia","tag-horaris","tag-jornada-escolar","tag-reforma-horaria"],"post_mailing_queue_ids":[],"_links":{"self":[{"href":"https:\/\/serveiseducatius.xtec.cat\/baixllobregat6\/wp-json\/wp\/v2\/posts\/9385","targetHints":{"allow":["GET"]}}],"collection":[{"href":"https:\/\/serveiseducatius.xtec.cat\/baixllobregat6\/wp-json\/wp\/v2\/posts"}],"about":[{"href":"https:\/\/serveiseducatius.xtec.cat\/baixllobregat6\/wp-json\/wp\/v2\/types\/post"}],"author":[{"embeddable":true,"href":"https:\/\/serveiseducatius.xtec.cat\/baixllobregat6\/wp-json\/wp\/v2\/users\/195"}],"replies":[{"embeddable":true,"href":"https:\/\/serveiseducatius.xtec.cat\/baixllobregat6\/wp-json\/wp\/v2\/comments?post=9385"}],"version-history":[{"count":2,"href":"https:\/\/serveiseducatius.xtec.cat\/baixllobregat6\/wp-json\/wp\/v2\/posts\/9385\/revisions"}],"predecessor-version":[{"id":9388,"href":"https:\/\/serveiseducatius.xtec.cat\/baixllobregat6\/wp-json\/wp\/v2\/posts\/9385\/revisions\/9388"}],"wp:featuredmedia":[{"embeddable":true,"href":"https:\/\/serveiseducatius.xtec.cat\/baixllobregat6\/wp-json\/wp\/v2\/media\/9386"}],"wp:attachment":[{"href":"https:\/\/serveiseducatius.xtec.cat\/baixllobregat6\/wp-json\/wp\/v2\/media?parent=9385"}],"wp:term":[{"taxonomy":"category","embeddable":true,"href":"https:\/\/serveiseducatius.xtec.cat\/baixllobregat6\/wp-json\/wp\/v2\/categories?post=9385"},{"taxonomy":"post_tag","embeddable":true,"href":"https:\/\/serveiseducatius.xtec.cat\/baixllobregat6\/wp-json\/wp\/v2\/tags?post=9385"}],"curies":[{"name":"wp","href":"https:\/\/api.w.org\/{rel}","templated":true}]}}