{"id":9044,"date":"2016-06-20T09:59:43","date_gmt":"2016-06-20T08:59:43","guid":{"rendered":"http:\/\/serveiseducatius.xtec.cat\/baixllobregat6\/?p=9044"},"modified":"2018-11-26T11:26:54","modified_gmt":"2018-11-26T10:26:54","slug":"trencar-prejudicis-i-millorar-els-resultats-laprenentatge-serveis-a-lins-eduard-fontsere","status":"publish","type":"post","link":"https:\/\/serveiseducatius.xtec.cat\/baixllobregat6\/comunitat\/asc\/trencar-prejudicis-i-millorar-els-resultats-laprenentatge-serveis-a-lins-eduard-fontsere\/","title":{"rendered":"Trencar prejudicis i millorar els resultats. L&#8217;aprenentatge servei a l&#8217;INS Eduard Fontser\u00e9"},"content":{"rendered":"<p>Com es fa perqu\u00e8 un institut que tothom del barri considera \u201ca evitar\u201d de cop i volta sigui un dels impulsors d\u2019un projecte que ha donat lloc a tota una corrent educativa a una ciutat? Qu\u00e8 fa que un institut que perilla, per falta d\u2019inscripcions i baixes qualificacions, passi a omplir-se cada curs i a millorar notablement els seus resultats? Com aconseguim que uns i unes joves amb les autoestimes danyades, dels quals ning\u00fa sembla esperar res, s\u2019empoderin i impliquin activament en el seu barri?<\/p>\n<p>Tot aix\u00f2 (i m\u00e9s!) ho ha aconseguit l\u2019IES Eduard Fontser\u00e9 en els darrers 10 anys demostrant que \u00e9s possible obtenir bons resultats en un entorn poc favorable. Gr\u00e0cies a l\u2019esfor\u00e7 del seu equip hum\u00e0 per generar un interessant projecte educatiu dintre del qual destaquen els projectes d\u2019aprenentatge servei. <!--more-->Aix\u00ed han aconseguit que l\u2019alumnat m\u00e9s vulnerable no caigui en la marginaci\u00f3 i, a m\u00e9s, participi activament en la vida ciutadana amb un projecte pedag\u00f2gic que prioritza el treball en xarxa amb la comunitat i utilitza els projectes d\u2019aprenentatge servei com una eina educativa d\u2019obertura a l\u2019entorn. Ha millorat la conviv\u00e8ncia i el clima del centre, i ha fet un gir per ser un centre obert a l\u2019exterior, per\u00f2 sense deixar de banda la lluita contra l\u2019abandonament escolar i la cerca de bons resultats acad\u00e8mics.<\/p>\n<p>En aquesta nova publicaci\u00f3 de Quaderns d\u2019ApS ens apropem a aquest centre per descobrir quin ha estat el proc\u00e9s de transformaci\u00f3 que han viscut i quin paper han tingut els molts projectes d\u2019aprenentatge servei que realitzen. Perseguim identificar els elements que han pogut facilitar aquest proc\u00e9s, reflexionar sobre l\u2019encaix que hi han tingut els projectes d\u2019ApS i quines transformacions han de tenir lloc en un centre educatiu per poder donar cabuda a un nombre important de projectes d\u2019aquest tipus.<\/p>\n<p>Descobrim un centre que, sota un fort lideratge per\u00f2 ben distribu\u00eft, va saber generar un repte clar i compartit per la comunitat educativa i trobar unes eines adequades per assolir-lo. Veiem quins consells pr\u00e0ctics podem aprendre per capgirar un centre cap a la revisi\u00f3 constant i la millora. Dins d\u2019aquest recorregut descobrim el paper de l\u2019ApS com un element crucial perqu\u00e8 el barri canvi\u00e9s la mirada que tenia dels joves de l\u2019institut aportant una visi\u00f3 diferent a la construcci\u00f3 de la seva pr\u00f2pia identitat i expectatives. Aquesta millor imatge i autoestima, sumada a una nova relaci\u00f3 amb el seu professorat, ara en un centre m\u00e9s pacificat i obert al di\u00e0leg i una major dedicaci\u00f3 temporal a activitats educatives i c\u00edviques, ha possibilitat una nova realitat educativa on els resultats no s\u2019han fet esperar.<\/p>\n<h6>Font: <a href=\"http:\/\/www.aprenentatgeservei.org\/\" target=\"_blank\" rel=\"noopener\">Fundaci\u00f3 Aprenentatge Servei<\/a><\/h6>\n<p><iframe loading=\"lazy\" src=\"https:\/\/drive.google.com\/a\/xtec.cat\/file\/d\/0B4-p4FAtOEYWWEhldTZzRTBEWGc\/preview\" width=\"700\" height=\"915\"><\/iframe><\/p>\n","protected":false},"excerpt":{"rendered":"<p>Com es fa perqu\u00e8 un institut que tothom del barri considera \u201ca evitar\u201d de cop i volta sigui un dels impulsors d\u2019un projecte que ha donat lloc a tota una corrent educativa a una ciutat? Qu\u00e8 fa que un institut que perilla, per falta d\u2019inscripcions i baixes qualificacions, passi a omplir-se cada curs i a [&hellip;]<\/p>\n","protected":false},"author":1,"featured_media":0,"comment_status":"open","ping_status":"closed","sticky":false,"template":"","format":"standard","meta":{"_bbp_topic_count":0,"_bbp_reply_count":0,"_bbp_total_topic_count":0,"_bbp_total_reply_count":0,"_bbp_voice_count":0,"_bbp_anonymous_reply_count":0,"_bbp_topic_count_hidden":0,"_bbp_reply_count_hidden":0,"_bbp_forum_subforum_count":0,"site-sidebar-layout":"default","site-content-layout":"","ast-site-content-layout":"","site-content-style":"default","site-sidebar-style":"default","ast-global-header-display":"","ast-banner-title-visibility":"","ast-main-header-display":"","ast-hfb-above-header-display":"","ast-hfb-below-header-display":"","ast-hfb-mobile-header-display":"","site-post-title":"","ast-breadcrumbs-content":"","ast-featured-img":"","footer-sml-layout":"","theme-transparent-header-meta":"","adv-header-id-meta":"","stick-header-meta":"","header-above-stick-meta":"","header-main-stick-meta":"","header-below-stick-meta":"","astra-migrate-meta-layouts":"default","ast-page-background-enabled":"default","ast-page-background-meta":{"desktop":{"background-color":"var(--ast-global-color-4)","background-image":"","background-repeat":"repeat","background-position":"center center","background-size":"auto","background-attachment":"scroll","background-type":"","background-media":"","overlay-type":"","overlay-color":"","overlay-opacity":"","overlay-gradient":""},"tablet":{"background-color":"","background-image":"","background-repeat":"repeat","background-position":"center center","background-size":"auto","background-attachment":"scroll","background-type":"","background-media":"","overlay-type":"","overlay-color":"","overlay-opacity":"","overlay-gradient":""},"mobile":{"background-color":"","background-image":"","background-repeat":"repeat","background-position":"center center","background-size":"auto","background-attachment":"scroll","background-type":"","background-media":"","overlay-type":"","overlay-color":"","overlay-opacity":"","overlay-gradient":""}},"ast-content-background-meta":{"desktop":{"background-color":"var(--ast-global-color-5)","background-image":"","background-repeat":"repeat","background-position":"center center","background-size":"auto","background-attachment":"scroll","background-type":"","background-media":"","overlay-type":"","overlay-color":"","overlay-opacity":"","overlay-gradient":""},"tablet":{"background-color":"var(--ast-global-color-5)","background-image":"","background-repeat":"repeat","background-position":"center center","background-size":"auto","background-attachment":"scroll","background-type":"","background-media":"","overlay-type":"","overlay-color":"","overlay-opacity":"","overlay-gradient":""},"mobile":{"background-color":"var(--ast-global-color-5)","background-image":"","background-repeat":"repeat","background-position":"center center","background-size":"auto","background-attachment":"scroll","background-type":"","background-media":"","overlay-type":"","overlay-color":"","overlay-opacity":"","overlay-gradient":""}},"footnotes":""},"categories":[77],"tags":[1611,1610,675,161],"class_list":["post-9044","post","type-post","status-publish","format-standard","hentry","category-asc","tag-desigualtats","tag-ins-fontsere","tag-lhospitalet-de-llobregat","tag-secundaria"],"post_mailing_queue_ids":[],"_links":{"self":[{"href":"https:\/\/serveiseducatius.xtec.cat\/baixllobregat6\/wp-json\/wp\/v2\/posts\/9044","targetHints":{"allow":["GET"]}}],"collection":[{"href":"https:\/\/serveiseducatius.xtec.cat\/baixllobregat6\/wp-json\/wp\/v2\/posts"}],"about":[{"href":"https:\/\/serveiseducatius.xtec.cat\/baixllobregat6\/wp-json\/wp\/v2\/types\/post"}],"author":[{"embeddable":true,"href":"https:\/\/serveiseducatius.xtec.cat\/baixllobregat6\/wp-json\/wp\/v2\/users\/1"}],"replies":[{"embeddable":true,"href":"https:\/\/serveiseducatius.xtec.cat\/baixllobregat6\/wp-json\/wp\/v2\/comments?post=9044"}],"version-history":[{"count":3,"href":"https:\/\/serveiseducatius.xtec.cat\/baixllobregat6\/wp-json\/wp\/v2\/posts\/9044\/revisions"}],"predecessor-version":[{"id":14795,"href":"https:\/\/serveiseducatius.xtec.cat\/baixllobregat6\/wp-json\/wp\/v2\/posts\/9044\/revisions\/14795"}],"wp:attachment":[{"href":"https:\/\/serveiseducatius.xtec.cat\/baixllobregat6\/wp-json\/wp\/v2\/media?parent=9044"}],"wp:term":[{"taxonomy":"category","embeddable":true,"href":"https:\/\/serveiseducatius.xtec.cat\/baixllobregat6\/wp-json\/wp\/v2\/categories?post=9044"},{"taxonomy":"post_tag","embeddable":true,"href":"https:\/\/serveiseducatius.xtec.cat\/baixllobregat6\/wp-json\/wp\/v2\/tags?post=9044"}],"curies":[{"name":"wp","href":"https:\/\/api.w.org\/{rel}","templated":true}]}}