{"id":8482,"date":"2016-05-04T18:55:02","date_gmt":"2016-05-04T17:55:02","guid":{"rendered":"http:\/\/serveiseducatius.xtec.cat\/baixllobregat6\/?p=8482"},"modified":"2016-05-05T15:28:38","modified_gmt":"2016-05-05T14:28:38","slug":"lescola-mare-de-deu-del-rocio-finalista-al-concurs-escolar-del-salo-del-comic","status":"publish","type":"post","link":"https:\/\/serveiseducatius.xtec.cat\/baixllobregat6\/se-baixllobregat6\/lescola-mare-de-deu-del-rocio-finalista-al-concurs-escolar-del-salo-del-comic\/","title":{"rendered":"L&#8217;Escola Mare de D\u00e9u del Roc\u00edo finalista al concurs escolar del Sal\u00f3 del C\u00f2mic"},"content":{"rendered":"<p><a href=\"http:\/\/serveiseducatius.xtec.cat\/baixllobregat6\/wp-content\/uploads\/usu778\/2016\/05\/245461_408845_1456474718149.jpg\"><img loading=\"lazy\" decoding=\"async\" class=\"alignnone wp-image-8483\" src=\"http:\/\/serveiseducatius.xtec.cat\/baixllobregat6\/wp-content\/uploads\/usu778\/2016\/05\/245461_408845_1456474718149.jpg\" alt=\"245461_408845_1456474718149\" width=\"680\" height=\"370\" srcset=\"https:\/\/serveiseducatius.xtec.cat\/baixllobregat6\/wp-content\/uploads\/usu778\/2016\/05\/245461_408845_1456474718149.jpg 680w, https:\/\/serveiseducatius.xtec.cat\/baixllobregat6\/wp-content\/uploads\/usu778\/2016\/05\/245461_408845_1456474718149-300x163.jpg 300w\" sizes=\"auto, (max-width: 680px) 100vw, 680px\" \/><\/a><\/p>\n<p>Dues alumnes de l&#8217;<strong>Escola Mare de D\u00e9u del Roc\u00edo<\/strong> de Sant Vicen\u00e7 dels Horts han quedat finalistes del <a href=\"http:\/\/comic-34.ficomic.com\/v-concurs-escolar-comic.cfm\" target=\"_blank\">V Concurs Escolar Sal\u00f3 del C\u00f2mic<\/a>\u00a0que enguany tenia com a tem\u00e0tica les\u00a0<strong>Historietes sobre rodes<\/strong>, on\u00a0els cotxes, motos i bicicletes en s\u00f3n els protagonistes.<\/p>\n<p>En el veredicte, el jurat\u00a0\u00a0del V Concurs Escolar Sal\u00f3 del C\u00f2mic format per representants del Sal\u00f3 del C\u00f2mic i del Servei d\u2019Immersi\u00f3 i Acolliment Ling\u00fc\u00edstics del Departament d\u2019Ensenyament, ha seleccionat per a cada categoria a tres finalistes entre les que hi ha:<\/p>\n<ul>\n<li><strong>Saoussane Ziati<\/strong>, en la categoria A corresponent al cicle mitj\u00e0 pel seu treball <em><strong>El cotxe antic<\/strong><\/em><strong>.<\/strong><\/li>\n<li><strong>Judit Medina Pacheco<\/strong>, en la categoria B corresponent al cicle superior pel seu treball\u00a0<em><strong>Ferrani a la ciutat<\/strong><\/em>.<\/li>\n<\/ul>\n<p>Enhorabona a l&#8217;escola per la feina i especialment a les seves mestres \u00c9rika \u00c1vila i Ver\u00f3nica Vela.<\/p>\n<p>&nbsp;<\/p>\n","protected":false},"excerpt":{"rendered":"<p>Dues alumnes de l&#8217;Escola Mare de D\u00e9u del Roc\u00edo de Sant Vicen\u00e7 dels Horts han quedat finalistes del V Concurs Escolar Sal\u00f3 del C\u00f2mic\u00a0que enguany tenia com a tem\u00e0tica les\u00a0Historietes sobre rodes, on\u00a0els cotxes, motos i bicicletes en s\u00f3n els protagonistes. En el veredicte, el jurat\u00a0\u00a0del V Concurs Escolar Sal\u00f3 del C\u00f2mic format per representants [&hellip;]<\/p>\n","protected":false},"author":1,"featured_media":8483,"comment_status":"open","ping_status":"open","sticky":false,"template":"","format":"standard","meta":{"_bbp_topic_count":0,"_bbp_reply_count":0,"_bbp_total_topic_count":0,"_bbp_total_reply_count":0,"_bbp_voice_count":0,"_bbp_anonymous_reply_count":0,"_bbp_topic_count_hidden":0,"_bbp_reply_count_hidden":0,"_bbp_forum_subforum_count":0,"site-sidebar-layout":"default","site-content-layout":"","ast-site-content-layout":"","site-content-style":"default","site-sidebar-style":"default","ast-global-header-display":"","ast-banner-title-visibility":"","ast-main-header-display":"","ast-hfb-above-header-display":"","ast-hfb-below-header-display":"","ast-hfb-mobile-header-display":"","site-post-title":"","ast-breadcrumbs-content":"","ast-featured-img":"","footer-sml-layout":"","theme-transparent-header-meta":"","adv-header-id-meta":"","stick-header-meta":"","header-above-stick-meta":"","header-main-stick-meta":"","header-below-stick-meta":"","astra-migrate-meta-layouts":"default","ast-page-background-enabled":"default","ast-page-background-meta":{"desktop":{"background-color":"var(--ast-global-color-4)","background-image":"","background-repeat":"repeat","background-position":"center center","background-size":"auto","background-attachment":"scroll","background-type":"","background-media":"","overlay-type":"","overlay-color":"","overlay-opacity":"","overlay-gradient":""},"tablet":{"background-color":"","background-image":"","background-repeat":"repeat","background-position":"center center","background-size":"auto","background-attachment":"scroll","background-type":"","background-media":"","overlay-type":"","overlay-color":"","overlay-opacity":"","overlay-gradient":""},"mobile":{"background-color":"","background-image":"","background-repeat":"repeat","background-position":"center center","background-size":"auto","background-attachment":"scroll","background-type":"","background-media":"","overlay-type":"","overlay-color":"","overlay-opacity":"","overlay-gradient":""}},"ast-content-background-meta":{"desktop":{"background-color":"var(--ast-global-color-5)","background-image":"","background-repeat":"repeat","background-position":"center center","background-size":"auto","background-attachment":"scroll","background-type":"","background-media":"","overlay-type":"","overlay-color":"","overlay-opacity":"","overlay-gradient":""},"tablet":{"background-color":"var(--ast-global-color-5)","background-image":"","background-repeat":"repeat","background-position":"center center","background-size":"auto","background-attachment":"scroll","background-type":"","background-media":"","overlay-type":"","overlay-color":"","overlay-opacity":"","overlay-gradient":""},"mobile":{"background-color":"var(--ast-global-color-5)","background-image":"","background-repeat":"repeat","background-position":"center center","background-size":"auto","background-attachment":"scroll","background-type":"","background-media":"","overlay-type":"","overlay-color":"","overlay-opacity":"","overlay-gradient":""}},"footnotes":""},"categories":[1036,29],"tags":[311,312,331,479,516,907],"class_list":["post-8482","post","type-post","status-publish","format-standard","has-post-thumbnail","hentry","category-activitat-dels-centres","category-se-baixllobregat6","tag-cicle-mitja","tag-cicle-superior","tag-comic","tag-esc-mare-de-deu-del-rocio","tag-escriptura","tag-sant-vicenc-dels-horts"],"post_mailing_queue_ids":[],"_links":{"self":[{"href":"https:\/\/serveiseducatius.xtec.cat\/baixllobregat6\/wp-json\/wp\/v2\/posts\/8482","targetHints":{"allow":["GET"]}}],"collection":[{"href":"https:\/\/serveiseducatius.xtec.cat\/baixllobregat6\/wp-json\/wp\/v2\/posts"}],"about":[{"href":"https:\/\/serveiseducatius.xtec.cat\/baixllobregat6\/wp-json\/wp\/v2\/types\/post"}],"author":[{"embeddable":true,"href":"https:\/\/serveiseducatius.xtec.cat\/baixllobregat6\/wp-json\/wp\/v2\/users\/1"}],"replies":[{"embeddable":true,"href":"https:\/\/serveiseducatius.xtec.cat\/baixllobregat6\/wp-json\/wp\/v2\/comments?post=8482"}],"version-history":[{"count":1,"href":"https:\/\/serveiseducatius.xtec.cat\/baixllobregat6\/wp-json\/wp\/v2\/posts\/8482\/revisions"}],"predecessor-version":[{"id":8484,"href":"https:\/\/serveiseducatius.xtec.cat\/baixllobregat6\/wp-json\/wp\/v2\/posts\/8482\/revisions\/8484"}],"wp:featuredmedia":[{"embeddable":true,"href":"https:\/\/serveiseducatius.xtec.cat\/baixllobregat6\/wp-json\/wp\/v2\/media\/8483"}],"wp:attachment":[{"href":"https:\/\/serveiseducatius.xtec.cat\/baixllobregat6\/wp-json\/wp\/v2\/media?parent=8482"}],"wp:term":[{"taxonomy":"category","embeddable":true,"href":"https:\/\/serveiseducatius.xtec.cat\/baixllobregat6\/wp-json\/wp\/v2\/categories?post=8482"},{"taxonomy":"post_tag","embeddable":true,"href":"https:\/\/serveiseducatius.xtec.cat\/baixllobregat6\/wp-json\/wp\/v2\/tags?post=8482"}],"curies":[{"name":"wp","href":"https:\/\/api.w.org\/{rel}","templated":true}]}}