{"id":8464,"date":"2016-05-04T14:45:26","date_gmt":"2016-05-04T13:45:26","guid":{"rendered":"http:\/\/serveiseducatius.xtec.cat\/baixllobregat6\/?p=8464"},"modified":"2016-05-04T15:05:31","modified_gmt":"2016-05-04T14:05:31","slug":"cinema-i-historia-estrena-de-mayo-de-1940","status":"publish","type":"post","link":"https:\/\/serveiseducatius.xtec.cat\/baixllobregat6\/se-baixllobregat6\/cinema-i-historia-estrena-de-mayo-de-1940\/","title":{"rendered":"Cinema i Hist\u00f2ria. Estrena de \u00abMayo de 1940\u00bb de Christian Carion"},"content":{"rendered":"<p><a href=\"http:\/\/serveiseducatius.xtec.cat\/baixllobregat6\/wp-content\/uploads\/usu778\/2016\/05\/cartellmayo1940.jpg\"><img loading=\"lazy\" decoding=\"async\" class=\"alignleft wp-image-8465 \" src=\"http:\/\/serveiseducatius.xtec.cat\/baixllobregat6\/wp-content\/uploads\/usu778\/2016\/05\/cartellmayo1940-260x300.jpg\" alt=\"cartellmayo1940\" width=\"248\" height=\"286\" srcset=\"https:\/\/serveiseducatius.xtec.cat\/baixllobregat6\/wp-content\/uploads\/usu778\/2016\/05\/cartellmayo1940-260x300.jpg 260w, https:\/\/serveiseducatius.xtec.cat\/baixllobregat6\/wp-content\/uploads\/usu778\/2016\/05\/cartellmayo1940.jpg 650w\" sizes=\"auto, (max-width: 248px) 100vw, 248px\" \/><\/a>La Segona Guerra Mundial va ser un dels esdeveniments m\u00e9s tr\u00e0gics del m\u00f3n contemporani i les generacions que van viure aquesta \u00e8poca s\u00f3n testimonis de les greus conseq\u00fc\u00e8ncies socials d&#8217;una guerra d&#8217;aquesta dimensi\u00f3. <strong>\u00ab<em>Mayo de 1940\u00bb<\/em><\/strong>\u00a0recupera part d&#8217;aquests testimonis per narrar una hist\u00f2ria tr\u00e0gica per\u00f2 plena d&#8217;ensenyances i esperan\u00e7a.<\/p>\n<p>La productora posa a la disposici\u00f3 dels centres educatius, una guia did\u00e0ctica on el context hist\u00f2ric i els personatges ens condueixen a con\u00e8ixer una part molt important de la hist\u00f2ria d&#8217;Europa.<\/p>\n<p>&nbsp;<\/p>\n<p><iframe loading=\"lazy\" src=\"https:\/\/drive.google.com\/a\/xtec.cat\/file\/d\/0B4-p4FAtOEYWM0o0SWpNbHpzR2c\/preview\" width=\"853\" height=\"1050\"><\/iframe><\/p>\n<p><strong>\u00ab<em>Mayo de 1940\u00bb<\/em><\/strong> aborda la Segona Guerra Mundial des del punt de vista de les poblacions franceses despla\u00e7ades a causa de l&#8217;invasi\u00f3 alemanya. Per al desenvolupament de la narraci\u00f3, el director franc\u00e8s <strong>Christian Carion<\/strong>, s&#8217;ha basat en la mem\u00f2ria dels seus pares que van viure l&#8217;\u00e8xode en primera persona. A m\u00e9s, ha recopilat nombrosos testimonis de ciutadans que van viure aquesta mateixa situaci\u00f3.<\/p>\n<p>L&#8217;estrena est\u00e0 prevista pel 6 de maig. A continuaci\u00f3 podeu visionar el tr\u00e0iler i accedir a l&#8217;espai oficial del film.<br \/>\n<iframe loading=\"lazy\" src=\"https:\/\/www.youtube.com\/embed\/SfC1tyYoSl0\" width=\"853\" height=\"480\" frameborder=\"0\" allowfullscreen=\"allowfullscreen\"><\/iframe><\/p>\n<p>|<a href=\"http:\/\/www.golem.es\/mayode1940\/\" target=\"_blank\">M\u00c9S INFO<\/a>|<\/p>\n","protected":false},"excerpt":{"rendered":"<p>La Segona Guerra Mundial va ser un dels esdeveniments m\u00e9s tr\u00e0gics del m\u00f3n contemporani i les generacions que van viure aquesta \u00e8poca s\u00f3n testimonis de les greus conseq\u00fc\u00e8ncies socials d&#8217;una guerra d&#8217;aquesta dimensi\u00f3. \u00abMayo de 1940\u00bb\u00a0recupera part d&#8217;aquests testimonis per narrar una hist\u00f2ria tr\u00e0gica per\u00f2 plena d&#8217;ensenyances i esperan\u00e7a. La productora posa a la disposici\u00f3 [&hellip;]<\/p>\n","protected":false},"author":1,"featured_media":8465,"comment_status":"open","ping_status":"open","sticky":false,"template":"","format":"standard","meta":{"_bbp_topic_count":0,"_bbp_reply_count":0,"_bbp_total_topic_count":0,"_bbp_total_reply_count":0,"_bbp_voice_count":0,"_bbp_anonymous_reply_count":0,"_bbp_topic_count_hidden":0,"_bbp_reply_count_hidden":0,"_bbp_forum_subforum_count":0,"site-sidebar-layout":"default","site-content-layout":"","ast-site-content-layout":"","site-content-style":"default","site-sidebar-style":"default","ast-global-header-display":"","ast-banner-title-visibility":"","ast-main-header-display":"","ast-hfb-above-header-display":"","ast-hfb-below-header-display":"","ast-hfb-mobile-header-display":"","site-post-title":"","ast-breadcrumbs-content":"","ast-featured-img":"","footer-sml-layout":"","theme-transparent-header-meta":"","adv-header-id-meta":"","stick-header-meta":"","header-above-stick-meta":"","header-main-stick-meta":"","header-below-stick-meta":"","astra-migrate-meta-layouts":"default","ast-page-background-enabled":"default","ast-page-background-meta":{"desktop":{"background-color":"var(--ast-global-color-4)","background-image":"","background-repeat":"repeat","background-position":"center center","background-size":"auto","background-attachment":"scroll","background-type":"","background-media":"","overlay-type":"","overlay-color":"","overlay-opacity":"","overlay-gradient":""},"tablet":{"background-color":"","background-image":"","background-repeat":"repeat","background-position":"center center","background-size":"auto","background-attachment":"scroll","background-type":"","background-media":"","overlay-type":"","overlay-color":"","overlay-opacity":"","overlay-gradient":""},"mobile":{"background-color":"","background-image":"","background-repeat":"repeat","background-position":"center center","background-size":"auto","background-attachment":"scroll","background-type":"","background-media":"","overlay-type":"","overlay-color":"","overlay-opacity":"","overlay-gradient":""}},"ast-content-background-meta":{"desktop":{"background-color":"var(--ast-global-color-5)","background-image":"","background-repeat":"repeat","background-position":"center center","background-size":"auto","background-attachment":"scroll","background-type":"","background-media":"","overlay-type":"","overlay-color":"","overlay-opacity":"","overlay-gradient":""},"tablet":{"background-color":"var(--ast-global-color-5)","background-image":"","background-repeat":"repeat","background-position":"center center","background-size":"auto","background-attachment":"scroll","background-type":"","background-media":"","overlay-type":"","overlay-color":"","overlay-opacity":"","overlay-gradient":""},"mobile":{"background-color":"var(--ast-global-color-5)","background-image":"","background-repeat":"repeat","background-position":"center center","background-size":"auto","background-attachment":"scroll","background-type":"","background-media":"","overlay-type":"","overlay-color":"","overlay-opacity":"","overlay-gradient":""}},"footnotes":""},"categories":[176,29],"tags":[317,1584,597,1583],"class_list":["post-8464","post","type-post","status-publish","format-standard","has-post-thumbnail","hentry","category-dinamica-educativa-sant-vicenc-dels-horts","category-se-baixllobregat6","tag-cinema","tag-franca","tag-historia","tag-segona-guerra-mundial"],"post_mailing_queue_ids":[],"_links":{"self":[{"href":"https:\/\/serveiseducatius.xtec.cat\/baixllobregat6\/wp-json\/wp\/v2\/posts\/8464","targetHints":{"allow":["GET"]}}],"collection":[{"href":"https:\/\/serveiseducatius.xtec.cat\/baixllobregat6\/wp-json\/wp\/v2\/posts"}],"about":[{"href":"https:\/\/serveiseducatius.xtec.cat\/baixllobregat6\/wp-json\/wp\/v2\/types\/post"}],"author":[{"embeddable":true,"href":"https:\/\/serveiseducatius.xtec.cat\/baixllobregat6\/wp-json\/wp\/v2\/users\/1"}],"replies":[{"embeddable":true,"href":"https:\/\/serveiseducatius.xtec.cat\/baixllobregat6\/wp-json\/wp\/v2\/comments?post=8464"}],"version-history":[{"count":3,"href":"https:\/\/serveiseducatius.xtec.cat\/baixllobregat6\/wp-json\/wp\/v2\/posts\/8464\/revisions"}],"predecessor-version":[{"id":8480,"href":"https:\/\/serveiseducatius.xtec.cat\/baixllobregat6\/wp-json\/wp\/v2\/posts\/8464\/revisions\/8480"}],"wp:featuredmedia":[{"embeddable":true,"href":"https:\/\/serveiseducatius.xtec.cat\/baixllobregat6\/wp-json\/wp\/v2\/media\/8465"}],"wp:attachment":[{"href":"https:\/\/serveiseducatius.xtec.cat\/baixllobregat6\/wp-json\/wp\/v2\/media?parent=8464"}],"wp:term":[{"taxonomy":"category","embeddable":true,"href":"https:\/\/serveiseducatius.xtec.cat\/baixllobregat6\/wp-json\/wp\/v2\/categories?post=8464"},{"taxonomy":"post_tag","embeddable":true,"href":"https:\/\/serveiseducatius.xtec.cat\/baixllobregat6\/wp-json\/wp\/v2\/tags?post=8464"}],"curies":[{"name":"wp","href":"https:\/\/api.w.org\/{rel}","templated":true}]}}