{"id":8456,"date":"2016-05-03T15:51:14","date_gmt":"2016-05-03T14:51:14","guid":{"rendered":"http:\/\/serveiseducatius.xtec.cat\/baixllobregat6\/?p=8456"},"modified":"2016-05-05T08:12:18","modified_gmt":"2016-05-05T07:12:18","slug":"lescola-sant-josep-ha-participat-a-la-jornada-mou-te-i-veuras","status":"publish","type":"post","link":"https:\/\/serveiseducatius.xtec.cat\/baixllobregat6\/se-baixllobregat6\/lescola-sant-josep-ha-participat-a-la-jornada-mou-te-i-veuras\/","title":{"rendered":"L&#8217;Escola Sant Josep ha participat a la jornada \u00abMou-te i veur\u00e0s!\u00bb"},"content":{"rendered":"<p><a href=\"http:\/\/serveiseducatius.xtec.cat\/baixllobregat6\/wp-content\/uploads\/usu778\/2016\/05\/IMG-20160428-WA0018.jpg\"><img loading=\"lazy\" decoding=\"async\" class=\"alignnone wp-image-8459\" src=\"http:\/\/serveiseducatius.xtec.cat\/baixllobregat6\/wp-content\/uploads\/usu778\/2016\/05\/IMG-20160428-WA0018-1024x576.jpg\" alt=\"IMG-20160428-WA0018\" width=\"520\" height=\"293\" srcset=\"https:\/\/serveiseducatius.xtec.cat\/baixllobregat6\/wp-content\/uploads\/usu778\/2016\/05\/IMG-20160428-WA0018-1024x576.jpg 1024w, https:\/\/serveiseducatius.xtec.cat\/baixllobregat6\/wp-content\/uploads\/usu778\/2016\/05\/IMG-20160428-WA0018-300x169.jpg 300w, https:\/\/serveiseducatius.xtec.cat\/baixllobregat6\/wp-content\/uploads\/usu778\/2016\/05\/IMG-20160428-WA0018.jpg 1600w\" sizes=\"auto, (max-width: 520px) 100vw, 520px\" \/><\/a><\/p>\n<p><em><strong>\u00abMou-te i veur\u00e0s\u00bb<\/strong><\/em> \u00e9s el nom que reben les jornades d&#8217;educaci\u00f3 f\u00edsica que anualment organitza l&#8217;<strong>Institut Guttmann<\/strong> i que tenen com a objectiu principal que els alumnes que hi participin gaudeixin plegats d&#8217;un dia amb esperit inclusiu on l&#8217;eina clau \u00e9s la cooperaci\u00f3.<\/p>\n<p>Aquestes jornades parteixen de la premisa b\u00e0sica que l&#8217;educaci\u00f3 f\u00edsica t\u00e9 un paper socialitzador fonamental com a espai d&#8217;acollida i d&#8217;igualtat d&#8217;oportunitats.<\/p>\n<p>El disseny de les jornades pret\u00e9n que tot l&#8217;alumnat pugui participar i gaudir de la pr\u00e0ctica de l&#8217;activitat f\u00edsica en el seu entorn m\u00e9s immediat creant uns camins de coneixement, d&#8217;intercanvi, d&#8217;aprenentatge que afavoreixin la inclusi\u00f3 de l&#8217;infant amb diversitat funcional a totes les activitats f\u00edsiques de l&#8217;escola.<!--more--><br \/>\n<a href=\"http:\/\/serveiseducatius.xtec.cat\/baixllobregat6\/wp-content\/uploads\/usu778\/2016\/05\/IMG-20160428-WA0016.jpg\"><img loading=\"lazy\" decoding=\"async\" class=\"alignnone wp-image-8458\" src=\"http:\/\/serveiseducatius.xtec.cat\/baixllobregat6\/wp-content\/uploads\/usu778\/2016\/05\/IMG-20160428-WA0016-1024x576.jpg\" alt=\"IMG-20160428-WA0016\" width=\"520\" height=\"293\" srcset=\"https:\/\/serveiseducatius.xtec.cat\/baixllobregat6\/wp-content\/uploads\/usu778\/2016\/05\/IMG-20160428-WA0016-1024x576.jpg 1024w, https:\/\/serveiseducatius.xtec.cat\/baixllobregat6\/wp-content\/uploads\/usu778\/2016\/05\/IMG-20160428-WA0016-300x169.jpg 300w, https:\/\/serveiseducatius.xtec.cat\/baixllobregat6\/wp-content\/uploads\/usu778\/2016\/05\/IMG-20160428-WA0016.jpg 1600w\" sizes=\"auto, (max-width: 520px) 100vw, 520px\" \/><\/a><\/p>\n<p>Els alumnes de primer de l&#8217;<strong>escola Sant Josep<\/strong> de Sant Vicen\u00e7 dels Horts han participat en la jornada d&#8217;enguany que, com cada edici\u00f3,\u00a0ha tingut\u00a0un fil conductor: <b><i>el m\u00f3n del circ<\/i><\/b><i><\/i>. Al voltant d&#8217;aquesta tem\u00e0tica s&#8217;han proposat una s\u00e8rie d&#8217;activitats extretes dels jocs de pati\u00a0<i><\/i>on l&#8217;educaci\u00f3 f\u00edsica hi t\u00e9 un paper molt important.<\/p>\n<p><a href=\"http:\/\/serveiseducatius.xtec.cat\/baixllobregat6\/wp-content\/uploads\/usu778\/2016\/05\/1461748845947.jpg\"><img loading=\"lazy\" decoding=\"async\" class=\"alignnone wp-image-8457\" src=\"http:\/\/serveiseducatius.xtec.cat\/baixllobregat6\/wp-content\/uploads\/usu778\/2016\/05\/1461748845947.jpg\" alt=\"1461748845947\" width=\"520\" height=\"385\" \/><\/a><\/p>\n<p>&nbsp;<\/p>\n","protected":false},"excerpt":{"rendered":"<p>\u00abMou-te i veur\u00e0s\u00bb \u00e9s el nom que reben les jornades d&#8217;educaci\u00f3 f\u00edsica que anualment organitza l&#8217;Institut Guttmann i que tenen com a objectiu principal que els alumnes que hi participin gaudeixin plegats d&#8217;un dia amb esperit inclusiu on l&#8217;eina clau \u00e9s la cooperaci\u00f3. Aquestes jornades parteixen de la premisa b\u00e0sica que l&#8217;educaci\u00f3 f\u00edsica t\u00e9 un [&hellip;]<\/p>\n","protected":false},"author":1,"featured_media":8459,"comment_status":"open","ping_status":"open","sticky":false,"template":"","format":"standard","meta":{"_bbp_topic_count":0,"_bbp_reply_count":0,"_bbp_total_topic_count":0,"_bbp_total_reply_count":0,"_bbp_voice_count":0,"_bbp_anonymous_reply_count":0,"_bbp_topic_count_hidden":0,"_bbp_reply_count_hidden":0,"_bbp_forum_subforum_count":0,"site-sidebar-layout":"default","site-content-layout":"","ast-site-content-layout":"","site-content-style":"default","site-sidebar-style":"default","ast-global-header-display":"","ast-banner-title-visibility":"","ast-main-header-display":"","ast-hfb-above-header-display":"","ast-hfb-below-header-display":"","ast-hfb-mobile-header-display":"","site-post-title":"","ast-breadcrumbs-content":"","ast-featured-img":"","footer-sml-layout":"","theme-transparent-header-meta":"","adv-header-id-meta":"","stick-header-meta":"","header-above-stick-meta":"","header-main-stick-meta":"","header-below-stick-meta":"","astra-migrate-meta-layouts":"default","ast-page-background-enabled":"default","ast-page-background-meta":{"desktop":{"background-color":"var(--ast-global-color-4)","background-image":"","background-repeat":"repeat","background-position":"center center","background-size":"auto","background-attachment":"scroll","background-type":"","background-media":"","overlay-type":"","overlay-color":"","overlay-opacity":"","overlay-gradient":""},"tablet":{"background-color":"","background-image":"","background-repeat":"repeat","background-position":"center center","background-size":"auto","background-attachment":"scroll","background-type":"","background-media":"","overlay-type":"","overlay-color":"","overlay-opacity":"","overlay-gradient":""},"mobile":{"background-color":"","background-image":"","background-repeat":"repeat","background-position":"center center","background-size":"auto","background-attachment":"scroll","background-type":"","background-media":"","overlay-type":"","overlay-color":"","overlay-opacity":"","overlay-gradient":""}},"ast-content-background-meta":{"desktop":{"background-color":"var(--ast-global-color-5)","background-image":"","background-repeat":"repeat","background-position":"center center","background-size":"auto","background-attachment":"scroll","background-type":"","background-media":"","overlay-type":"","overlay-color":"","overlay-opacity":"","overlay-gradient":""},"tablet":{"background-color":"var(--ast-global-color-5)","background-image":"","background-repeat":"repeat","background-position":"center center","background-size":"auto","background-attachment":"scroll","background-type":"","background-media":"","overlay-type":"","overlay-color":"","overlay-opacity":"","overlay-gradient":""},"mobile":{"background-color":"var(--ast-global-color-5)","background-image":"","background-repeat":"repeat","background-position":"center center","background-size":"auto","background-attachment":"scroll","background-type":"","background-media":"","overlay-type":"","overlay-color":"","overlay-opacity":"","overlay-gradient":""}},"footnotes":""},"categories":[1036,29],"tags":[1582,437,493,508,907],"class_list":["post-8456","post","type-post","status-publish","format-standard","has-post-thumbnail","hentry","category-activitat-dels-centres","category-se-baixllobregat6","tag-diversitat-funcional","tag-educacio-fisica","tag-escola-inclusiva","tag-escola-sant-josep","tag-sant-vicenc-dels-horts"],"post_mailing_queue_ids":[],"_links":{"self":[{"href":"https:\/\/serveiseducatius.xtec.cat\/baixllobregat6\/wp-json\/wp\/v2\/posts\/8456","targetHints":{"allow":["GET"]}}],"collection":[{"href":"https:\/\/serveiseducatius.xtec.cat\/baixllobregat6\/wp-json\/wp\/v2\/posts"}],"about":[{"href":"https:\/\/serveiseducatius.xtec.cat\/baixllobregat6\/wp-json\/wp\/v2\/types\/post"}],"author":[{"embeddable":true,"href":"https:\/\/serveiseducatius.xtec.cat\/baixllobregat6\/wp-json\/wp\/v2\/users\/1"}],"replies":[{"embeddable":true,"href":"https:\/\/serveiseducatius.xtec.cat\/baixllobregat6\/wp-json\/wp\/v2\/comments?post=8456"}],"version-history":[{"count":3,"href":"https:\/\/serveiseducatius.xtec.cat\/baixllobregat6\/wp-json\/wp\/v2\/posts\/8456\/revisions"}],"predecessor-version":[{"id":8485,"href":"https:\/\/serveiseducatius.xtec.cat\/baixllobregat6\/wp-json\/wp\/v2\/posts\/8456\/revisions\/8485"}],"wp:featuredmedia":[{"embeddable":true,"href":"https:\/\/serveiseducatius.xtec.cat\/baixllobregat6\/wp-json\/wp\/v2\/media\/8459"}],"wp:attachment":[{"href":"https:\/\/serveiseducatius.xtec.cat\/baixllobregat6\/wp-json\/wp\/v2\/media?parent=8456"}],"wp:term":[{"taxonomy":"category","embeddable":true,"href":"https:\/\/serveiseducatius.xtec.cat\/baixllobregat6\/wp-json\/wp\/v2\/categories?post=8456"},{"taxonomy":"post_tag","embeddable":true,"href":"https:\/\/serveiseducatius.xtec.cat\/baixllobregat6\/wp-json\/wp\/v2\/tags?post=8456"}],"curies":[{"name":"wp","href":"https:\/\/api.w.org\/{rel}","templated":true}]}}