{"id":816,"date":"2008-05-18T08:40:56","date_gmt":"2008-05-18T08:40:56","guid":{"rendered":"http:\/\/www.reporteducacio.cat\/blocreport\/?p=816"},"modified":"2015-12-17T16:20:11","modified_gmt":"2015-12-17T15:20:11","slug":"literatura-infantil-i-juvenil","status":"publish","type":"post","link":"https:\/\/serveiseducatius.xtec.cat\/baixllobregat6\/recursos\/catalegs-tematics\/lectura-escriptura-i-biblioteca\/literatura-infantil-i-juvenil\/","title":{"rendered":"Literatura infantil i juvenil"},"content":{"rendered":"<p>Bibliografia en servei de pr\u00e9stec a la biblioteca del Servei Educatiu Baix Llobregat-6. Tem\u00e0tiques: paper de la literatura infantil i juvenil en la formaci\u00f3 dels lectors; hist\u00f2ria de la literatura infantil i juvenil; estudis sobre alguns aspectes claus de la LIJ&#8230;<\/p>\n<p>087.1AMO &#8211; Amo S\u00e1nchez-Fort\u00fan, Jos\u00e9 Manuel del. <strong>Literatura infantil: claves para la formaci\u00f3n de competencia literaria<\/strong>. Aljube (4058)<\/p>\n<p>087.1COL &#8211; Colomer, Teresa. <a href=\"http:\/\/www.xtec.es\/cgi\/mediateca_crp?NU=MP018083\" target=\"_blank\"><strong>Introducci\u00f3n a la literatura infantil y juvenil <\/strong><\/a>. S\u00edntesis (294) <em>(adults; ensenyants; professionals de l&#8217;educaci\u00f3)<\/em><\/p>\n<p>087.1COL &#8211; Colomer, Teresa; [direcci\u00f3]. <a href=\"http:\/\/www.xtec.es\/cgi\/mediateca_crp?NU=MP008360\" target=\"_blank\"><strong>Siete llaves para valorar las historias infantiles <\/strong><\/a>. Fundaci\u00f3n Germ\u00e1n S\u00e1nchez Ruip\u00e9rez; [Madrid] (1054) <em>(ensenyants; educaci\u00f3 infantil; prim\u00e0ria)<\/em><\/p>\n<p>087.1COL &#8211; Colomer, Teresa. <strong>La formaci\u00f3n del lector literario. Narrativa infantil y juvenil actual<\/strong>. Fundaci\u00f3n Germ\u00e1n S\u00e1nchez Ruip\u00e9rez (10720)<\/p>\n<p>087.1COL &#8211; Colomer, Teresa [coord]. <a href=\"http:\/\/www.xtec.es\/cgi\/mediateca_crp?NU=MP027312&amp;CRP=\" target=\"_blank\"><strong>Lectures adolescents<\/strong><\/a>. Gra\u00f3 (10658)<\/p>\n<p>087.1DUR &#8211; Duran, Teresa. <a href=\"http:\/\/www.xtec.es\/cgi\/mediateca_crp?NU=MP025816&amp;CRP=\" target=\"_blank\"><strong>Personatge a la vista! Llibres que fan lectors<\/strong><\/a>. Generalitat de Catalunya (6914)<\/p>\n<p>087.1 Dur &#8211; Duran, Teresa. <a href=\"http:\/\/www.xtec.es\/cgi\/mediateca_crp?NU=MP025057&amp;CRP=\" target=\"_blank\"><strong>\u00c0lbums i altres lectures : an\u00e0lisi dels llibres per a infants<\/strong><\/a>. Rosa Sensat (10755)<\/p>\n<p>087.1DUR &#8211; Duran, Teresa; Luna, Marta; [text]. <a href=\"http:\/\/www.xtec.es\/cgi\/mediateca_crp?NU=MP011714\" target=\"_blank\"><strong>Un i un i un\u2026 fan cent. Cent personatges de la literatura infantil i juvenil <\/strong><\/a>. La Galera; [Barcelona] (3453) <em>(prim\u00e0ria; secund\u00e0ria obligat\u00f2ria; ensenyants; formaci\u00f3 professorat)<\/em><\/p>\n<p>087.1DUR &#8211; Duran, Teresa; Ros, Roser. <a href=\"http:\/\/www.xtec.es\/cgi\/mediateca_crp?NU=MP006533\" target=\"_blank\"><strong>Primeres literatures <\/strong><\/a>. La Galera; [Barcelona] (3064) <em>(ensenyants; pares; educaci\u00f3 infantil)<\/em><\/p>\n<p>087.1LIB &#8211; <strong><a href=\"http:\/\/www.xtec.es\/cgi\/mediateca_crp?NU=MP022390&amp;CRP=\" target=\"_blank\">Libros escogidos de literatura infantil (3 &#8211; 7 a\u00f1os) 2003-2004<\/a><\/strong>. Fundaci\u00f3n Germ\u00e1n\u00a0 S\u00e1nchez Ruip\u00e9rez (2334)<\/p>\n<p>087.1LUR &#8211; Lurie, Alison.\u00a0<strong>No se lo cuentes a los mayores. Literatura infantil, espacio subversivo<\/strong>. Fundaci\u00f3n Germ\u00e1n\u00a0 S\u00e1nchez Ruip\u00e9rez (10718)<\/p>\n<p>028.1MOL &#8211; Molist, Pep. <strong><a href=\"http:\/\/www.xtec.es\/cgi\/mediateca_crp?NU=MP015157&amp;CRP=\" target=\"_blank\">Els llibres tranquils. El curs de la vida a trav\u00e9s de la literatura infantil<\/a><\/strong>. Pag\u00e8s editor (6909)<\/p>\n<p>087.1MOL &#8211; Molist, Pep. <a href=\"http:\/\/www.xtec.es\/cgi\/mediateca_crp?NU=MP026543&amp;CRP=\" target=\"_blank\"><strong>Dins el mirall : la literatura infantil i juvenil explicada als adults<\/strong><\/a>. Gra\u00f3 (10631)<\/p>\n<p>087.1VEN &#8211; Ventura, N\u00faria. <strong><a href=\"http:\/\/www.xtec.es\/cgi\/mediateca_crp?NU=MP012042&amp;CRP=\" target=\"_blank\">Autors de literatura infantil catalana (a partir de 1970)<\/a><\/strong>. Diputaci\u00f3 de Barcelona (8954) (ensenyants; prim\u00e0ria; secund\u00e0ria)<\/p>\n<p>087.1VEN &#8211; Ventura, N\u00faria; Duran, Anna. <a href=\"http:\/\/www.xtec.es\/cgi\/mediateca_crp?NU=MP010442\" target=\"_blank\"><strong>Autors clau de la literatura infantil (I) 2a meitat del segle XX<\/strong><\/a>. Diputaci\u00f3 de Barcelona (8737) (Professorat, pares i mares)<\/p>\n<p>087.1VEN &#8211; Ventura, N\u00faria; Duran, Anna. <a href=\"http:\/\/www.xtec.es\/cgi\/mediateca_crp?NU=MP010443\" target=\"_blank\"><strong>Autors clau de la literatura infantil (II) 2a meitat del segle XX<\/strong><\/a>. Diputaci\u00f3 de Barcelona (8738) (Professorat, pares i mares)<\/p>\n<p>82-32(035) Pro &#8211; Propp, Vladimir. <a href=\"http:\/\/www.xtec.es\/cgi\/mediateca_crp?NU=LRSS0287&amp;CRP=\" target=\"_blank\"><strong>Morfolog\u00eda del cuento<\/strong><\/a>. Akal (10738) <em>(ensenyants) <\/em><\/p>\n","protected":false},"excerpt":{"rendered":"<p>Bibliografia en servei de pr\u00e9stec a la biblioteca del Servei Educatiu Baix Llobregat-6. Tem\u00e0tiques: paper de la literatura infantil i juvenil en la formaci\u00f3 dels lectors; hist\u00f2ria de la literatura infantil i juvenil; estudis sobre alguns aspectes claus de la LIJ&#8230; 087.1AMO &#8211; Amo S\u00e1nchez-Fort\u00fan, Jos\u00e9 Manuel del. Literatura infantil: claves para la formaci\u00f3n de [&hellip;]<\/p>\n","protected":false},"author":1,"featured_media":0,"comment_status":"open","ping_status":"open","sticky":false,"template":"","format":"standard","meta":{"_bbp_topic_count":0,"_bbp_reply_count":0,"_bbp_total_topic_count":0,"_bbp_total_reply_count":0,"_bbp_voice_count":0,"_bbp_anonymous_reply_count":0,"_bbp_topic_count_hidden":0,"_bbp_reply_count_hidden":0,"_bbp_forum_subforum_count":0,"site-sidebar-layout":"default","site-content-layout":"","ast-site-content-layout":"","site-content-style":"default","site-sidebar-style":"default","ast-global-header-display":"","ast-banner-title-visibility":"","ast-main-header-display":"","ast-hfb-above-header-display":"","ast-hfb-below-header-display":"","ast-hfb-mobile-header-display":"","site-post-title":"","ast-breadcrumbs-content":"","ast-featured-img":"","footer-sml-layout":"","theme-transparent-header-meta":"","adv-header-id-meta":"","stick-header-meta":"","header-above-stick-meta":"","header-main-stick-meta":"","header-below-stick-meta":"","astra-migrate-meta-layouts":"default","ast-page-background-enabled":"default","ast-page-background-meta":{"desktop":{"background-color":"var(--ast-global-color-4)","background-image":"","background-repeat":"repeat","background-position":"center center","background-size":"auto","background-attachment":"scroll","background-type":"","background-media":"","overlay-type":"","overlay-color":"","overlay-opacity":"","overlay-gradient":""},"tablet":{"background-color":"","background-image":"","background-repeat":"repeat","background-position":"center center","background-size":"auto","background-attachment":"scroll","background-type":"","background-media":"","overlay-type":"","overlay-color":"","overlay-opacity":"","overlay-gradient":""},"mobile":{"background-color":"","background-image":"","background-repeat":"repeat","background-position":"center center","background-size":"auto","background-attachment":"scroll","background-type":"","background-media":"","overlay-type":"","overlay-color":"","overlay-opacity":"","overlay-gradient":""}},"ast-content-background-meta":{"desktop":{"background-color":"var(--ast-global-color-5)","background-image":"","background-repeat":"repeat","background-position":"center center","background-size":"auto","background-attachment":"scroll","background-type":"","background-media":"","overlay-type":"","overlay-color":"","overlay-opacity":"","overlay-gradient":""},"tablet":{"background-color":"var(--ast-global-color-5)","background-image":"","background-repeat":"repeat","background-position":"center center","background-size":"auto","background-attachment":"scroll","background-type":"","background-media":"","overlay-type":"","overlay-color":"","overlay-opacity":"","overlay-gradient":""},"mobile":{"background-color":"var(--ast-global-color-5)","background-image":"","background-repeat":"repeat","background-position":"center center","background-size":"auto","background-attachment":"scroll","background-type":"","background-media":"","overlay-type":"","overlay-color":"","overlay-opacity":"","overlay-gradient":""}},"footnotes":""},"categories":[181],"tags":[360,100,693,695],"class_list":["post-816","post","type-post","status-publish","format-standard","hentry","category-lectura-escriptura-i-biblioteca","tag-conte","tag-lectura","tag-literatura-infantil","tag-literatura-juvenil"],"post_mailing_queue_ids":[],"_links":{"self":[{"href":"https:\/\/serveiseducatius.xtec.cat\/baixllobregat6\/wp-json\/wp\/v2\/posts\/816","targetHints":{"allow":["GET"]}}],"collection":[{"href":"https:\/\/serveiseducatius.xtec.cat\/baixllobregat6\/wp-json\/wp\/v2\/posts"}],"about":[{"href":"https:\/\/serveiseducatius.xtec.cat\/baixllobregat6\/wp-json\/wp\/v2\/types\/post"}],"author":[{"embeddable":true,"href":"https:\/\/serveiseducatius.xtec.cat\/baixllobregat6\/wp-json\/wp\/v2\/users\/1"}],"replies":[{"embeddable":true,"href":"https:\/\/serveiseducatius.xtec.cat\/baixllobregat6\/wp-json\/wp\/v2\/comments?post=816"}],"version-history":[{"count":1,"href":"https:\/\/serveiseducatius.xtec.cat\/baixllobregat6\/wp-json\/wp\/v2\/posts\/816\/revisions"}],"predecessor-version":[{"id":5825,"href":"https:\/\/serveiseducatius.xtec.cat\/baixllobregat6\/wp-json\/wp\/v2\/posts\/816\/revisions\/5825"}],"wp:attachment":[{"href":"https:\/\/serveiseducatius.xtec.cat\/baixllobregat6\/wp-json\/wp\/v2\/media?parent=816"}],"wp:term":[{"taxonomy":"category","embeddable":true,"href":"https:\/\/serveiseducatius.xtec.cat\/baixllobregat6\/wp-json\/wp\/v2\/categories?post=816"},{"taxonomy":"post_tag","embeddable":true,"href":"https:\/\/serveiseducatius.xtec.cat\/baixllobregat6\/wp-json\/wp\/v2\/tags?post=816"}],"curies":[{"name":"wp","href":"https:\/\/api.w.org\/{rel}","templated":true}]}}