{"id":8103,"date":"2016-03-15T13:47:49","date_gmt":"2016-03-15T12:47:49","guid":{"rendered":"http:\/\/serveiseducatius.xtec.cat\/se-baixllobregat6\/?p=8103"},"modified":"2020-06-08T12:16:36","modified_gmt":"2020-06-08T10:16:36","slug":"projecte-oratoria","status":"publish","type":"post","link":"https:\/\/serveiseducatius.xtec.cat\/baixllobregat6\/dinamitzacio\/lectura-en-veu-alta\/projecte-oratoria\/","title":{"rendered":"Projecte &#8220;Orat\u00f2ria&#8221;"},"content":{"rendered":"<p><a href=\"http:\/\/serveiseducatius.xtec.cat\/se-baixllobregat6\/wp-content\/uploads\/usu778\/2016\/03\/banner_web_oratoria.jpg\"><img loading=\"lazy\" decoding=\"async\" class=\" size-full wp-image-8104 alignleft\" src=\"http:\/\/serveiseducatius.xtec.cat\/se-baixllobregat6\/wp-content\/uploads\/usu778\/2016\/03\/banner_web_oratoria.jpg\" alt=\"banner_web_oratoria\" width=\"245\" height=\"232\" \/><\/a>El projecte &#8220;Orat\u00f2ria&#8221; que proposa l&#8217;editorial Santillana &#8211; Grup Promotor s&#8217;adre\u00e7a a alumnat d&#8217;educaci\u00f3 secund\u00e0ria (ESO i Batxillerat). T\u00e9 com a objectiu fonamental ajudar a desenvolupar habilitats de comunicaci\u00f3 i a adquirir compet\u00e8ncies per parlar davant els altres.<\/p>\n<p>Consta de si quaderns (4 per a ESO i 2 per a BTX) i cada quadern s&#8217;estructura en cinc tallers volgudament pr\u00e0ctics A cada taller s&#8217;hi\u00a0plantegen diferents tasques que tenen com a objectiu afermar la seguretat i la confian\u00e7a en el moment de parlar en p\u00fablic. Alhora, ensenyen a estructurar el missatge i a fer una exposici\u00f3 ordenada i clara, incorporant-hi elements que ajudin a millorar l&#8217;estil personal i a donar m\u00e9s esclat a la intervenci\u00f3 oral, ja sigui individual o en grup.<\/p>\n<p>El contingut dels tallers \u00e9s molt variat i divers, els temes triats obeeixen a un criteri de pluralitat did\u00e0ctica. La seva finalitat \u00e9s que puguin ser \u00fatils a tots els professors que vulguin incorporar la comunicaci\u00f3, l&#8217;expressi\u00f3 i la creaci\u00f3 oral a les seves aules.<\/p>\n<p>A cada quadern tamb\u00e9 \u00e9s possible treballar temes transversals que poden suscitar debats molt interessants i enriquidors, oferint un valu\u00f3s m\u00e8tode d&#8217;innovaci\u00f3 a l&#8217;aula, la din\u00e0mica del qual beneficia tant l&#8217;alumnat com el professorat.<\/p>\n<p>Podeu consultar els llibres a la biblioteca del Servei Educatiu Baix Llobregat-6 i al <a href=\"http:\/\/www.santillana.es\/ca\/w\/professors\/Projectes-Educatius\/eso-i-batxillerat\/oratoria\/\" target=\"_blank\" rel=\"noopener noreferrer\">web del projecte<\/a>.<\/p>\n","protected":false},"excerpt":{"rendered":"<p>El projecte &#8220;Orat\u00f2ria&#8221; que proposa l&#8217;editorial Santillana &#8211; Grup Promotor s&#8217;adre\u00e7a a alumnat d&#8217;educaci\u00f3 secund\u00e0ria (ESO i Batxillerat). T\u00e9 com a objectiu fonamental ajudar a desenvolupar habilitats de comunicaci\u00f3 i a adquirir compet\u00e8ncies per parlar davant els altres. Consta de si quaderns (4 per a ESO i 2 per a BTX) i cada quadern s&#8217;estructura [&hellip;]<\/p>\n","protected":false},"author":1,"featured_media":8104,"comment_status":"open","ping_status":"closed","sticky":false,"template":"","format":"standard","meta":{"_bbp_topic_count":0,"_bbp_reply_count":0,"_bbp_total_topic_count":0,"_bbp_total_reply_count":0,"_bbp_voice_count":0,"_bbp_anonymous_reply_count":0,"_bbp_topic_count_hidden":0,"_bbp_reply_count_hidden":0,"_bbp_forum_subforum_count":0,"site-sidebar-layout":"default","site-content-layout":"","ast-site-content-layout":"","site-content-style":"default","site-sidebar-style":"default","ast-global-header-display":"","ast-banner-title-visibility":"","ast-main-header-display":"","ast-hfb-above-header-display":"","ast-hfb-below-header-display":"","ast-hfb-mobile-header-display":"","site-post-title":"","ast-breadcrumbs-content":"","ast-featured-img":"","footer-sml-layout":"","theme-transparent-header-meta":"","adv-header-id-meta":"","stick-header-meta":"","header-above-stick-meta":"","header-main-stick-meta":"","header-below-stick-meta":"","astra-migrate-meta-layouts":"default","ast-page-background-enabled":"default","ast-page-background-meta":{"desktop":{"background-color":"var(--ast-global-color-4)","background-image":"","background-repeat":"repeat","background-position":"center center","background-size":"auto","background-attachment":"scroll","background-type":"","background-media":"","overlay-type":"","overlay-color":"","overlay-opacity":"","overlay-gradient":""},"tablet":{"background-color":"","background-image":"","background-repeat":"repeat","background-position":"center center","background-size":"auto","background-attachment":"scroll","background-type":"","background-media":"","overlay-type":"","overlay-color":"","overlay-opacity":"","overlay-gradient":""},"mobile":{"background-color":"","background-image":"","background-repeat":"repeat","background-position":"center center","background-size":"auto","background-attachment":"scroll","background-type":"","background-media":"","overlay-type":"","overlay-color":"","overlay-opacity":"","overlay-gradient":""}},"ast-content-background-meta":{"desktop":{"background-color":"var(--ast-global-color-5)","background-image":"","background-repeat":"repeat","background-position":"center center","background-size":"auto","background-attachment":"scroll","background-type":"","background-media":"","overlay-type":"","overlay-color":"","overlay-opacity":"","overlay-gradient":""},"tablet":{"background-color":"var(--ast-global-color-5)","background-image":"","background-repeat":"repeat","background-position":"center center","background-size":"auto","background-attachment":"scroll","background-type":"","background-media":"","overlay-type":"","overlay-color":"","overlay-opacity":"","overlay-gradient":""},"mobile":{"background-color":"var(--ast-global-color-5)","background-image":"","background-repeat":"repeat","background-position":"center center","background-size":"auto","background-attachment":"scroll","background-type":"","background-media":"","overlay-type":"","overlay-color":"","overlay-opacity":"","overlay-gradient":""}},"footnotes":""},"categories":[1964,72],"tags":[267,43,1535,1366,2215,911],"class_list":["post-8103","post","type-post","status-publish","format-standard","has-post-thumbnail","hentry","category-bibliografia-docent","category-lectura-en-veu-alta","tag-batxilerat","tag-expressio-oral","tag-oratoria","tag-recursos-de-llengua-oral","tag-reporteducacio","tag-secundaria-obligatoria"],"post_mailing_queue_ids":[],"_links":{"self":[{"href":"https:\/\/serveiseducatius.xtec.cat\/baixllobregat6\/wp-json\/wp\/v2\/posts\/8103","targetHints":{"allow":["GET"]}}],"collection":[{"href":"https:\/\/serveiseducatius.xtec.cat\/baixllobregat6\/wp-json\/wp\/v2\/posts"}],"about":[{"href":"https:\/\/serveiseducatius.xtec.cat\/baixllobregat6\/wp-json\/wp\/v2\/types\/post"}],"author":[{"embeddable":true,"href":"https:\/\/serveiseducatius.xtec.cat\/baixllobregat6\/wp-json\/wp\/v2\/users\/1"}],"replies":[{"embeddable":true,"href":"https:\/\/serveiseducatius.xtec.cat\/baixllobregat6\/wp-json\/wp\/v2\/comments?post=8103"}],"version-history":[{"count":2,"href":"https:\/\/serveiseducatius.xtec.cat\/baixllobregat6\/wp-json\/wp\/v2\/posts\/8103\/revisions"}],"predecessor-version":[{"id":12364,"href":"https:\/\/serveiseducatius.xtec.cat\/baixllobregat6\/wp-json\/wp\/v2\/posts\/8103\/revisions\/12364"}],"wp:featuredmedia":[{"embeddable":true,"href":"https:\/\/serveiseducatius.xtec.cat\/baixllobregat6\/wp-json\/wp\/v2\/media\/8104"}],"wp:attachment":[{"href":"https:\/\/serveiseducatius.xtec.cat\/baixllobregat6\/wp-json\/wp\/v2\/media?parent=8103"}],"wp:term":[{"taxonomy":"category","embeddable":true,"href":"https:\/\/serveiseducatius.xtec.cat\/baixllobregat6\/wp-json\/wp\/v2\/categories?post=8103"},{"taxonomy":"post_tag","embeddable":true,"href":"https:\/\/serveiseducatius.xtec.cat\/baixllobregat6\/wp-json\/wp\/v2\/tags?post=8103"}],"curies":[{"name":"wp","href":"https:\/\/api.w.org\/{rel}","templated":true}]}}