{"id":7925,"date":"2016-02-29T09:15:27","date_gmt":"2016-02-29T08:15:27","guid":{"rendered":"http:\/\/serveiseducatius.xtec.cat\/se-baixllobregat6\/?p=7925"},"modified":"2017-11-22T13:37:05","modified_gmt":"2017-11-22T12:37:05","slug":"educacio-dema","status":"publish","type":"post","link":"https:\/\/serveiseducatius.xtec.cat\/baixllobregat6\/gestio\/infogestio\/educacio-dema\/","title":{"rendered":"Educaci\u00f3 dem\u00e0"},"content":{"rendered":"<div class=\"ast-oembed-container \" style=\"height: 100%;\"><iframe loading=\"lazy\" title=\"Educaci\u00f3 Dem\u00e0 - V\u00eddeo promocional\" width=\"500\" height=\"281\" src=\"https:\/\/www.youtube.com\/embed\/BGlqierjCqg?feature=oembed\" frameborder=\"0\" allow=\"accelerometer; autoplay; clipboard-write; encrypted-media; gyroscope; picture-in-picture; web-share\" referrerpolicy=\"strict-origin-when-cross-origin\" allowfullscreen><\/iframe><\/div>\n<div class=\"col col-lg-6\">\n<p>Aquest projecte de la <a href=\"http:\/\/www.fbofill.cat\/\" target=\"_blank\">Fundaci\u00f3 Bofill<\/a> vol estimular l&#8217;esperit de transformaci\u00f3 educativa a<!--more--><\/p>\n<p> Catalunya a trav\u00e9s del reconeixement i el suport als innovadors i emprenedors educatius i a les seves\u00a0iniciatives. Es vol crear una comunitat amb persones conscients de la import\u00e0ncia de la innovaci\u00f3 en educaci\u00f3, encuriosides per con\u00e8ixer les \u00faltimes tend\u00e8ncies i projectes educatius, inclinades a\u00a0contactar amb altres persones del sector, interessades en transferir i sistematitzar experi\u00e8ncies per a liderar el canvi educatiu, i creatives i col\u2219laboratives per a promoure transformacions\u00a0educatives reals.<\/p>\n<\/div>\n<div class=\"col col-lg-6\">\n<p>Qu\u00e8 s&#8217;est\u00e0\u00a0\u00a0fent?<\/p>\n<ul>\n<li>Crear una comunitat estable interdisciplin\u00e0ria per a debatre sobre tend\u00e8ncies i innovacions en educaci\u00f3.<\/li>\n<li>Escanejar innovadors educatius i experi\u00e8ncies transformadores, potenciant la reflexi\u00f3 i divulgaci\u00f3 de pr\u00e0ctiques educatives orientades a millorar l\u2019educaci\u00f3.<\/li>\n<li>Recon\u00e8ixer i donar veu als innovadors i emprenedors perqu\u00e8 puguin contribuir en l\u2019agenda de la innovaci\u00f3 educativa de Catalunya.<\/li>\n<li>Potenciar el coneixement i difusi\u00f3 entre la comunitat de les experi\u00e8ncies d\u2019innovaci\u00f3 amb m\u00e9s capacitat de r\u00e8plica.<\/li>\n<\/ul>\n<p><a href=\"http:\/\/educaciodema.cat\/\" target=\"_blank\">M\u00e9s info<\/a><\/p>\n<p>&nbsp;<\/p>\n<\/div>\n","protected":false},"excerpt":{"rendered":"<p>Aquest projecte de la Fundaci\u00f3 Bofill vol estimular l&#8217;esperit de transformaci\u00f3 educativa a<\/p>\n","protected":false},"author":1,"featured_media":0,"comment_status":"open","ping_status":"open","sticky":false,"template":"","format":"standard","meta":{"_bbp_topic_count":0,"_bbp_reply_count":0,"_bbp_total_topic_count":0,"_bbp_total_reply_count":0,"_bbp_voice_count":0,"_bbp_anonymous_reply_count":0,"_bbp_topic_count_hidden":0,"_bbp_reply_count_hidden":0,"_bbp_forum_subforum_count":0,"site-sidebar-layout":"default","site-content-layout":"","ast-site-content-layout":"","site-content-style":"default","site-sidebar-style":"default","ast-global-header-display":"","ast-banner-title-visibility":"","ast-main-header-display":"","ast-hfb-above-header-display":"","ast-hfb-below-header-display":"","ast-hfb-mobile-header-display":"","site-post-title":"","ast-breadcrumbs-content":"","ast-featured-img":"","footer-sml-layout":"","theme-transparent-header-meta":"","adv-header-id-meta":"","stick-header-meta":"","header-above-stick-meta":"","header-main-stick-meta":"","header-below-stick-meta":"","astra-migrate-meta-layouts":"default","ast-page-background-enabled":"default","ast-page-background-meta":{"desktop":{"background-color":"var(--ast-global-color-4)","background-image":"","background-repeat":"repeat","background-position":"center center","background-size":"auto","background-attachment":"scroll","background-type":"","background-media":"","overlay-type":"","overlay-color":"","overlay-opacity":"","overlay-gradient":""},"tablet":{"background-color":"","background-image":"","background-repeat":"repeat","background-position":"center center","background-size":"auto","background-attachment":"scroll","background-type":"","background-media":"","overlay-type":"","overlay-color":"","overlay-opacity":"","overlay-gradient":""},"mobile":{"background-color":"","background-image":"","background-repeat":"repeat","background-position":"center center","background-size":"auto","background-attachment":"scroll","background-type":"","background-media":"","overlay-type":"","overlay-color":"","overlay-opacity":"","overlay-gradient":""}},"ast-content-background-meta":{"desktop":{"background-color":"var(--ast-global-color-5)","background-image":"","background-repeat":"repeat","background-position":"center center","background-size":"auto","background-attachment":"scroll","background-type":"","background-media":"","overlay-type":"","overlay-color":"","overlay-opacity":"","overlay-gradient":""},"tablet":{"background-color":"var(--ast-global-color-5)","background-image":"","background-repeat":"repeat","background-position":"center center","background-size":"auto","background-attachment":"scroll","background-type":"","background-media":"","overlay-type":"","overlay-color":"","overlay-opacity":"","overlay-gradient":""},"mobile":{"background-color":"var(--ast-global-color-5)","background-image":"","background-repeat":"repeat","background-position":"center center","background-size":"auto","background-attachment":"scroll","background-type":"","background-media":"","overlay-type":"","overlay-color":"","overlay-opacity":"","overlay-gradient":""}},"footnotes":""},"categories":[1925],"tags":[347,430,564,650,736,809,1515],"class_list":["post-7925","post","type-post","status-publish","format-standard","hentry","category-infogestio","tag-comunitat-de-practica","tag-educacio","tag-fundacio-bofill","tag-intercanvi-dexperiencies","tag-mestres","tag-pedagogia","tag-professors"],"post_mailing_queue_ids":[],"_links":{"self":[{"href":"https:\/\/serveiseducatius.xtec.cat\/baixllobregat6\/wp-json\/wp\/v2\/posts\/7925","targetHints":{"allow":["GET"]}}],"collection":[{"href":"https:\/\/serveiseducatius.xtec.cat\/baixllobregat6\/wp-json\/wp\/v2\/posts"}],"about":[{"href":"https:\/\/serveiseducatius.xtec.cat\/baixllobregat6\/wp-json\/wp\/v2\/types\/post"}],"author":[{"embeddable":true,"href":"https:\/\/serveiseducatius.xtec.cat\/baixllobregat6\/wp-json\/wp\/v2\/users\/1"}],"replies":[{"embeddable":true,"href":"https:\/\/serveiseducatius.xtec.cat\/baixllobregat6\/wp-json\/wp\/v2\/comments?post=7925"}],"version-history":[{"count":3,"href":"https:\/\/serveiseducatius.xtec.cat\/baixllobregat6\/wp-json\/wp\/v2\/posts\/7925\/revisions"}],"predecessor-version":[{"id":7928,"href":"https:\/\/serveiseducatius.xtec.cat\/baixllobregat6\/wp-json\/wp\/v2\/posts\/7925\/revisions\/7928"}],"wp:attachment":[{"href":"https:\/\/serveiseducatius.xtec.cat\/baixllobregat6\/wp-json\/wp\/v2\/media?parent=7925"}],"wp:term":[{"taxonomy":"category","embeddable":true,"href":"https:\/\/serveiseducatius.xtec.cat\/baixllobregat6\/wp-json\/wp\/v2\/categories?post=7925"},{"taxonomy":"post_tag","embeddable":true,"href":"https:\/\/serveiseducatius.xtec.cat\/baixllobregat6\/wp-json\/wp\/v2\/tags?post=7925"}],"curies":[{"name":"wp","href":"https:\/\/api.w.org\/{rel}","templated":true}]}}