{"id":7889,"date":"2016-03-10T15:29:34","date_gmt":"2016-03-10T14:29:34","guid":{"rendered":"http:\/\/serveiseducatius.xtec.cat\/se-baixllobregat6\/?p=7889"},"modified":"2020-12-21T09:38:47","modified_gmt":"2020-12-21T08:38:47","slug":"20e-aniversari-de-reporteducacio","status":"publish","type":"post","link":"https:\/\/serveiseducatius.xtec.cat\/baixllobregat6\/se-baixllobregat6\/20e-aniversari-de-reporteducacio\/","title":{"rendered":"20\u00e8 aniversari digital de reporteducaci\u00f3"},"content":{"rendered":"<p><a href=\"http:\/\/serveiseducatius.xtec.cat\/se-baixllobregat6\/wp-content\/uploads\/usu778\/2016\/03\/logo20anysgran.png\"><img loading=\"lazy\" decoding=\"async\" class=\" size-full wp-image-8084 aligncenter\" src=\"http:\/\/serveiseducatius.xtec.cat\/se-baixllobregat6\/wp-content\/uploads\/usu778\/2016\/03\/logo20anysgran.png\" alt=\"logo20anysgran\" width=\"600\" height=\"557\" srcset=\"https:\/\/serveiseducatius.xtec.cat\/baixllobregat6\/wp-content\/uploads\/usu778\/2016\/03\/logo20anysgran.png 600w, https:\/\/serveiseducatius.xtec.cat\/baixllobregat6\/wp-content\/uploads\/usu778\/2016\/03\/logo20anysgran-300x279.png 300w\" sizes=\"auto, (max-width: 600px) 100vw, 600px\" \/><\/a>El gener de 1985 sortia el n\u00famero 0 del butllet\u00ed del centre de recursos pedag\u00f2gics que donava origen al primer contacte amb les escoles de Sant Vicen\u00e7 dels Horts,<\/p>\n<p>En iniciar-se el curs 1985-1986, el butllet\u00ed &#8220;<em><strong>report<\/strong><\/em>&#8221; ja iniciava, amb un caire m\u00e9s formal, la seva aparici\u00f3 bimestral. Amb una rudiment\u00e0ria autoedici\u00f3, es van succeir diversos exemplars que permeten copsar l&#8217;evoluci\u00f3 del centre de recursos pedag\u00f2gics: primer amb l&#8217;extensi\u00f3 subcomarcal de la seva demarcaci\u00f3 (incorporant poblacions com Molins de Rei, El Papiol, Torrelles de Llobregat, Pallej\u00e0, Corbera de Llobregat, Cervell\u00f3, La Palma, i Vallirana), la introducci\u00f3 gradual de recursos tecnol\u00f2gics, l&#8217;evoluci\u00f3 en el disseny de l&#8217;oferta formativa de la formaci\u00f3 continuada del professorat, les diverses activitats de dinamitzaci\u00f3 educativa, etc\u00e8tera. I, segonament, exposant els canvis que s&#8217;anaven introduint, com ara, la\u00a0nova reorganitzaci\u00f3 territorial -amb el pas de Molins de Rei i el Papiol a la demarcaci\u00f3 de Sant Feliu de Llobregat-,\u00a0canvi de denominaci\u00f3 (Baix Llobregat-6), coordinaci\u00f3, execuci\u00f3 i seguiment de la formaci\u00f3 permanent des del mateix servei educatiu, fins a la integraci\u00f3 dels diversos serveis educatius del Departament d&#8217;Ensenyament amb incid\u00e8ncia en una mateixa demarcaci\u00f3, en una unitat org\u00e0nica i funcional.<\/p>\n<figure id=\"attachment_7899\" aria-describedby=\"caption-attachment-7899\" style=\"width: 750px\" class=\"wp-caption alignnone\"><a href=\"http:\/\/serveiseducatius.xtec.cat\/se-baixllobregat6\/wp-content\/uploads\/usu778\/2016\/02\/report6583786-d78f-4c98-8f09-17a472b41132.jpeg\"><img loading=\"lazy\" decoding=\"async\" class=\"wp-image-7899\" src=\"http:\/\/serveiseducatius.xtec.cat\/se-baixllobregat6\/wp-content\/uploads\/usu778\/2016\/02\/report6583786-d78f-4c98-8f09-17a472b41132.jpeg\" alt=\"report en paper\" width=\"750\" height=\"607\" srcset=\"https:\/\/serveiseducatius.xtec.cat\/baixllobregat6\/wp-content\/uploads\/usu778\/2016\/02\/report6583786-d78f-4c98-8f09-17a472b41132.jpeg 640w, https:\/\/serveiseducatius.xtec.cat\/baixllobregat6\/wp-content\/uploads\/usu778\/2016\/02\/report6583786-d78f-4c98-8f09-17a472b41132-300x243.jpeg 300w\" sizes=\"auto, (max-width: 750px) 100vw, 750px\" \/><\/a><figcaption id=\"caption-attachment-7899\" class=\"wp-caption-text\">Aplec d&#8217;exemplars de diferents edicions del report<em>E<\/em>ducaci\u00f3 en la seva etapa anal\u00f2gica.<\/figcaption><\/figure>\n<p>&nbsp;<\/p>\n<p>Tan bon punt la internet va arribar a una primera fase de democratitzaci\u00f3 i d&#8217;aix\u00f2 fa aproximadament vint anys, es va fer el pas cap a la versi\u00f3 digital del butllet\u00ed, i, uns anys m\u00e9s tard, el 2010, quan es va aprovar el domini .cat,\u00a0\u00a0<strong><em>reporteducaci\u00f3<\/em><\/strong> ho va incorporar a la seva\u00a0marca:\u00a0<strong><em><a href=\"http:\/\/www.reporteducacio.cat\" target=\"_blank\" rel=\"noopener noreferrer\">reporteducacio.cat<\/a><\/em><\/strong>.<\/p>\n<p>En\u00a0l&#8217;actualitat, www.reporteducacio.cat \u00e9s el portal del <a href=\"http:\/\/serveiseducatius.xtec.cat\/se-baixllobregat6\/el-servei-educatiu\/presentacio\/\" target=\"_blank\" rel=\"noopener noreferrer\">Servei Educatiu Baix Llobregat-6<\/a> i informa sobre el conjunt dels equips que en formen part: centre de recursos pedag\u00f2gics, equip d&#8217;assessorament i orientaci\u00f3 psicopedag\u00f2gica, centre de recursos per a deficients auditius i l&#8217;equip de llengua i cohesi\u00f3 social.<\/p>\n<p>El XX\u00e8 aniversari de reporteducacio.cat coincideix amb la posada en marxa de la plataforma <a href=\"http:\/\/agora.xtec.cat\/nodes\/\" target=\"_blank\" rel=\"noopener noreferrer\">Nodes<\/a>\u00a0del Departament d&#8217;Ensenyament, que\u00a0el nostre servei, des del primer moment de la seva implementaci\u00f3, va adoptar com a eina de comunicaci\u00f3 i interacci\u00f3 amb els centres de la nostra demarcaci\u00f3.<\/p>\n","protected":false},"excerpt":{"rendered":"<p>El gener de 1985 sortia el n\u00famero 0 del butllet\u00ed del centre de recursos pedag\u00f2gics que donava origen al primer contacte amb les escoles de Sant Vicen\u00e7 dels Horts, En iniciar-se el curs 1985-1986, el butllet\u00ed &#8220;report&#8221; ja iniciava, amb un caire m\u00e9s formal, la seva aparici\u00f3 bimestral. Amb una rudiment\u00e0ria autoedici\u00f3, es van succeir [&hellip;]<\/p>\n","protected":false},"author":1,"featured_media":8084,"comment_status":"open","ping_status":"closed","sticky":false,"template":"","format":"standard","meta":{"_bbp_topic_count":0,"_bbp_reply_count":0,"_bbp_total_topic_count":0,"_bbp_total_reply_count":0,"_bbp_voice_count":0,"_bbp_anonymous_reply_count":0,"_bbp_topic_count_hidden":0,"_bbp_reply_count_hidden":0,"_bbp_forum_subforum_count":0,"site-sidebar-layout":"default","site-content-layout":"","ast-site-content-layout":"","site-content-style":"default","site-sidebar-style":"default","ast-global-header-display":"","ast-banner-title-visibility":"","ast-main-header-display":"","ast-hfb-above-header-display":"","ast-hfb-below-header-display":"","ast-hfb-mobile-header-display":"","site-post-title":"","ast-breadcrumbs-content":"","ast-featured-img":"","footer-sml-layout":"","theme-transparent-header-meta":"","adv-header-id-meta":"","stick-header-meta":"","header-above-stick-meta":"","header-main-stick-meta":"","header-below-stick-meta":"","astra-migrate-meta-layouts":"default","ast-page-background-enabled":"default","ast-page-background-meta":{"desktop":{"background-color":"var(--ast-global-color-4)","background-image":"","background-repeat":"repeat","background-position":"center center","background-size":"auto","background-attachment":"scroll","background-type":"","background-media":"","overlay-type":"","overlay-color":"","overlay-opacity":"","overlay-gradient":""},"tablet":{"background-color":"","background-image":"","background-repeat":"repeat","background-position":"center center","background-size":"auto","background-attachment":"scroll","background-type":"","background-media":"","overlay-type":"","overlay-color":"","overlay-opacity":"","overlay-gradient":""},"mobile":{"background-color":"","background-image":"","background-repeat":"repeat","background-position":"center center","background-size":"auto","background-attachment":"scroll","background-type":"","background-media":"","overlay-type":"","overlay-color":"","overlay-opacity":"","overlay-gradient":""}},"ast-content-background-meta":{"desktop":{"background-color":"var(--ast-global-color-5)","background-image":"","background-repeat":"repeat","background-position":"center center","background-size":"auto","background-attachment":"scroll","background-type":"","background-media":"","overlay-type":"","overlay-color":"","overlay-opacity":"","overlay-gradient":""},"tablet":{"background-color":"var(--ast-global-color-5)","background-image":"","background-repeat":"repeat","background-position":"center center","background-size":"auto","background-attachment":"scroll","background-type":"","background-media":"","overlay-type":"","overlay-color":"","overlay-opacity":"","overlay-gradient":""},"mobile":{"background-color":"var(--ast-global-color-5)","background-image":"","background-repeat":"repeat","background-position":"center center","background-size":"auto","background-attachment":"scroll","background-type":"","background-media":"","overlay-type":"","overlay-color":"","overlay-opacity":"","overlay-gradient":""}},"footnotes":""},"categories":[176,29],"tags":[263,430,467,1514,809,1513,1534,854,2215,907,918],"class_list":["post-7889","post","type-post","status-publish","format-standard","has-post-thumbnail","hentry","category-dinamica-educativa-sant-vicenc-dels-horts","category-se-baixllobregat6","tag-baix-llobregat","tag-educacio","tag-ensenyament","tag-mitjans-de-comunicacio-local","tag-pedagogia","tag-periodisme","tag-portada","tag-professorat","tag-reporteducacio","tag-sant-vicenc-dels-horts","tag-serveis-educatius"],"post_mailing_queue_ids":[],"_links":{"self":[{"href":"https:\/\/serveiseducatius.xtec.cat\/baixllobregat6\/wp-json\/wp\/v2\/posts\/7889","targetHints":{"allow":["GET"]}}],"collection":[{"href":"https:\/\/serveiseducatius.xtec.cat\/baixllobregat6\/wp-json\/wp\/v2\/posts"}],"about":[{"href":"https:\/\/serveiseducatius.xtec.cat\/baixllobregat6\/wp-json\/wp\/v2\/types\/post"}],"author":[{"embeddable":true,"href":"https:\/\/serveiseducatius.xtec.cat\/baixllobregat6\/wp-json\/wp\/v2\/users\/1"}],"replies":[{"embeddable":true,"href":"https:\/\/serveiseducatius.xtec.cat\/baixllobregat6\/wp-json\/wp\/v2\/comments?post=7889"}],"version-history":[{"count":4,"href":"https:\/\/serveiseducatius.xtec.cat\/baixllobregat6\/wp-json\/wp\/v2\/posts\/7889\/revisions"}],"predecessor-version":[{"id":20189,"href":"https:\/\/serveiseducatius.xtec.cat\/baixllobregat6\/wp-json\/wp\/v2\/posts\/7889\/revisions\/20189"}],"wp:featuredmedia":[{"embeddable":true,"href":"https:\/\/serveiseducatius.xtec.cat\/baixllobregat6\/wp-json\/wp\/v2\/media\/8084"}],"wp:attachment":[{"href":"https:\/\/serveiseducatius.xtec.cat\/baixllobregat6\/wp-json\/wp\/v2\/media?parent=7889"}],"wp:term":[{"taxonomy":"category","embeddable":true,"href":"https:\/\/serveiseducatius.xtec.cat\/baixllobregat6\/wp-json\/wp\/v2\/categories?post=7889"},{"taxonomy":"post_tag","embeddable":true,"href":"https:\/\/serveiseducatius.xtec.cat\/baixllobregat6\/wp-json\/wp\/v2\/tags?post=7889"}],"curies":[{"name":"wp","href":"https:\/\/api.w.org\/{rel}","templated":true}]}}