{"id":7687,"date":"2013-11-25T20:31:00","date_gmt":"2013-11-25T19:31:00","guid":{"rendered":""},"modified":"2016-02-23T13:03:10","modified_gmt":"2016-02-23T12:03:10","slug":"trastorns-malestars-i-diversitat-com-abordem-el-tdah","status":"publish","type":"post","link":"https:\/\/serveiseducatius.xtec.cat\/baixllobregat6\/diversitat-en-xarxa\/trastorns-de-laprenentatge\/tdah\/trastorns-malestars-i-diversitat-com-abordem-el-tdah\/","title":{"rendered":"Trastorns, malestars i diversitat. Com abordem el TDAH?"},"content":{"rendered":"<div style=\"clear: right; float: right; margin-bottom: 1em; margin-left: 1em;\"><a href=\"http:\/\/www.ciimu.org\/images\/newsletters\/Publicacio_Jornades_TDAH_Gener_2013.pdf\" target=\"_blank\"><img loading=\"lazy\" decoding=\"async\" src=\"http:\/\/serveiseducatius.xtec.cat\/se-baixllobregat6\/wp-content\/uploads\/usu778\/2013\/11\/PORTADA_TDAH-221x300.jpg\" alt=\"PORTADA TDAH\" width=\"146\" height=\"200\" border=\"0\" \/><\/a><\/div>\n<p><span style=\"font-family: 'verdana' , sans-serif;\">Els dies 24 i 25 de gener de 2013, l&#8217;Institut d\u2019Inf\u00e0ncia i M\u00f3n Urb\u00e0 (CIIMU) amb la col\u00b7laboraci\u00f3 de l&#8217;Il\u00b7lustre Col\u00b7legi d\u2019Advocats de Barcelona van presentar les Jornades Trastorns, malestars i diversitat. Com abordem el TDAH?. Jornades que preten\u00eden crear, des d&#8217;un punt de vista multidisciplinar, un espai de reflexi\u00f3 i debat sobre aquesta tem\u00e0tica.\u00a0<\/span><br \/>\n<span style=\"font-family: 'verdana' , sans-serif;\"><br \/>\n<\/span><span style=\"font-family: 'verdana' , sans-serif;\"><a href=\"http:\/\/www.ciimu.org\/images\/newsletters\/Publicacio_Jornades_TDAH_Gener_2013.pdf\" target=\"_blank\">Les pon\u00e8ncies que es van presentar han estat recollides en aquesta publicaci\u00f3\u00a0<\/a><\/span><\/p>\n<p><span style=\"font-family: 'verdana' , sans-serif;\"><a href=\"http:\/\/www.ciimu.org\/index.php?option=com_content&amp;view=article&amp;id=750%3Ajornades-trastorns-malestars-i-diversitat-com-abordem-el-tdah-2013&amp;catid=43%3Ajornadas-y-congresos&amp;Itemid=41&amp;lang=ca\" target=\"_blank\">Tamb\u00e9 podeu accedir als v\u00eddeos i s\u2019han recollit algunes de les nombroses intervencions que es van fer des dels convidats de la fila zero i des del p\u00fablic assistent en un v\u00eddeo resum. Aix\u00ed mateix us adjuntem el link on podreu escoltar la tert\u00falia que es va celebrar despr\u00e9s de les jornades en el programa \u201cEl mat\u00ed de Catalunya R\u00e0dio\u201d de Manuel Fuentes, amb la intervenci\u00f3 dels Drs. Joan Ramon Laporte, Jos\u00e9 Ram\u00f3n Ubieto i Josep Antoni Ramos.<\/a><\/span><br \/>\n<a name=\"more\"><\/a><\/p>\n<p><span style=\"font-family: 'verdana' , sans-serif;\">Creiem que en conjunt constitueix un bon material que reflecteix \u00a0moltes de les diferents aproximacions, \u00a0preocupacions i controv\u00e8rsies que estan presents avui en relaci\u00f3 a la detecci\u00f3, el diagn\u00f2stic i el tractament del TDAH. Esperem que siguin tamb\u00e9 un bon instrument per continuar avan\u00e7ant en la comprensi\u00f3 i abordatge d\u2019aquest tema des del rigor cient\u00edfic i el respecte a la diversitat d\u2019enfocaments, per\u00f2 sobre tot des de la perspectiva que \u00e9s l\u2019inter\u00e8s superior de l\u2019infant el que ha d\u2019orientar priorit\u00e0riament totes les actuacions.<\/span><\/p>\n","protected":false},"excerpt":{"rendered":"<p>Els dies 24 i 25 de gener de 2013, l&#8217;Institut d\u2019Inf\u00e0ncia i M\u00f3n Urb\u00e0 (CIIMU) amb la col\u00b7laboraci\u00f3 de l&#8217;Il\u00b7lustre Col\u00b7legi d\u2019Advocats de Barcelona van presentar les Jornades Trastorns, malestars i diversitat. Com abordem el TDAH?. Jornades que preten\u00eden crear, des d&#8217;un punt de vista multidisciplinar, un espai de reflexi\u00f3 i debat sobre aquesta tem\u00e0tica.\u00a0 [&hellip;]<\/p>\n","protected":false},"author":1,"featured_media":7726,"comment_status":"open","ping_status":"open","sticky":false,"template":"","format":"standard","meta":{"_bbp_topic_count":0,"_bbp_reply_count":0,"_bbp_total_topic_count":0,"_bbp_total_reply_count":0,"_bbp_voice_count":0,"_bbp_anonymous_reply_count":0,"_bbp_topic_count_hidden":0,"_bbp_reply_count_hidden":0,"_bbp_forum_subforum_count":0,"site-sidebar-layout":"default","site-content-layout":"","ast-site-content-layout":"","site-content-style":"default","site-sidebar-style":"default","ast-global-header-display":"","ast-banner-title-visibility":"","ast-main-header-display":"","ast-hfb-above-header-display":"","ast-hfb-below-header-display":"","ast-hfb-mobile-header-display":"","site-post-title":"","ast-breadcrumbs-content":"","ast-featured-img":"","footer-sml-layout":"","theme-transparent-header-meta":"","adv-header-id-meta":"","stick-header-meta":"","header-above-stick-meta":"","header-main-stick-meta":"","header-below-stick-meta":"","astra-migrate-meta-layouts":"default","ast-page-background-enabled":"default","ast-page-background-meta":{"desktop":{"background-color":"var(--ast-global-color-4)","background-image":"","background-repeat":"repeat","background-position":"center center","background-size":"auto","background-attachment":"scroll","background-type":"","background-media":"","overlay-type":"","overlay-color":"","overlay-opacity":"","overlay-gradient":""},"tablet":{"background-color":"","background-image":"","background-repeat":"repeat","background-position":"center center","background-size":"auto","background-attachment":"scroll","background-type":"","background-media":"","overlay-type":"","overlay-color":"","overlay-opacity":"","overlay-gradient":""},"mobile":{"background-color":"","background-image":"","background-repeat":"repeat","background-position":"center center","background-size":"auto","background-attachment":"scroll","background-type":"","background-media":"","overlay-type":"","overlay-color":"","overlay-opacity":"","overlay-gradient":""}},"ast-content-background-meta":{"desktop":{"background-color":"var(--ast-global-color-5)","background-image":"","background-repeat":"repeat","background-position":"center center","background-size":"auto","background-attachment":"scroll","background-type":"","background-media":"","overlay-type":"","overlay-color":"","overlay-opacity":"","overlay-gradient":""},"tablet":{"background-color":"var(--ast-global-color-5)","background-image":"","background-repeat":"repeat","background-position":"center center","background-size":"auto","background-attachment":"scroll","background-type":"","background-media":"","overlay-type":"","overlay-color":"","overlay-opacity":"","overlay-gradient":""},"mobile":{"background-color":"var(--ast-global-color-5)","background-image":"","background-repeat":"repeat","background-position":"center center","background-size":"auto","background-attachment":"scroll","background-type":"","background-media":"","overlay-type":"","overlay-color":"","overlay-opacity":"","overlay-gradient":""}},"footnotes":""},"categories":[1488],"tags":[1499,1467],"class_list":["post-7687","post","type-post","status-publish","format-standard","has-post-thumbnail","hentry","category-tdah","tag-mestresee","tag-tdah"],"post_mailing_queue_ids":[],"_links":{"self":[{"href":"https:\/\/serveiseducatius.xtec.cat\/baixllobregat6\/wp-json\/wp\/v2\/posts\/7687","targetHints":{"allow":["GET"]}}],"collection":[{"href":"https:\/\/serveiseducatius.xtec.cat\/baixllobregat6\/wp-json\/wp\/v2\/posts"}],"about":[{"href":"https:\/\/serveiseducatius.xtec.cat\/baixllobregat6\/wp-json\/wp\/v2\/types\/post"}],"author":[{"embeddable":true,"href":"https:\/\/serveiseducatius.xtec.cat\/baixllobregat6\/wp-json\/wp\/v2\/users\/1"}],"replies":[{"embeddable":true,"href":"https:\/\/serveiseducatius.xtec.cat\/baixllobregat6\/wp-json\/wp\/v2\/comments?post=7687"}],"version-history":[{"count":3,"href":"https:\/\/serveiseducatius.xtec.cat\/baixllobregat6\/wp-json\/wp\/v2\/posts\/7687\/revisions"}],"predecessor-version":[{"id":7781,"href":"https:\/\/serveiseducatius.xtec.cat\/baixllobregat6\/wp-json\/wp\/v2\/posts\/7687\/revisions\/7781"}],"wp:featuredmedia":[{"embeddable":true,"href":"https:\/\/serveiseducatius.xtec.cat\/baixllobregat6\/wp-json\/wp\/v2\/media\/7726"}],"wp:attachment":[{"href":"https:\/\/serveiseducatius.xtec.cat\/baixllobregat6\/wp-json\/wp\/v2\/media?parent=7687"}],"wp:term":[{"taxonomy":"category","embeddable":true,"href":"https:\/\/serveiseducatius.xtec.cat\/baixllobregat6\/wp-json\/wp\/v2\/categories?post=7687"},{"taxonomy":"post_tag","embeddable":true,"href":"https:\/\/serveiseducatius.xtec.cat\/baixllobregat6\/wp-json\/wp\/v2\/tags?post=7687"}],"curies":[{"name":"wp","href":"https:\/\/api.w.org\/{rel}","templated":true}]}}