{"id":7680,"date":"2014-11-11T14:22:00","date_gmt":"2014-11-11T13:22:00","guid":{"rendered":""},"modified":"2016-02-23T13:03:09","modified_gmt":"2016-02-23T12:03:09","slug":"2a-sessio-de-treball-sobre-terapia-visual-comportamental-amb-lolga-balbuena-optometrista-comportamental-i-terapeuta-visual","status":"publish","type":"post","link":"https:\/\/serveiseducatius.xtec.cat\/baixllobregat6\/diversitat-en-xarxa\/trastorns-de-laprenentatge\/2a-sessio-de-treball-sobre-terapia-visual-comportamental-amb-lolga-balbuena-optometrista-comportamental-i-terapeuta-visual\/","title":{"rendered":"Ter\u00e0pia Visual Comportamental"},"content":{"rendered":"<p>El passat dilluns 10 de novembre v\u00e0rem fer la 2\u00aa sessi\u00f3 de treball amb l&#8217;Olga Balbuena.<\/p>\n<p>En aquesta sessi\u00f3 v\u00e0rem tractar sobre la <b>Ter\u00e0pia Visual<\/b> i les <a href=\"https:\/\/drive.google.com\/file\/d\/0By8OQAexSSr9dmpackxIYnltOVU\/view?usp=sharing\" target=\"_blank\"><span style=\"color: blue;\"><b>Disfuncions Visuals<\/b><\/span><\/a><\/p>\n<p><u><b>Ter\u00e0pia Visual<\/b><\/u><\/p>\n<ul>\n<li>T\u00e8cniques que s\u2019ocupen de desenvolupar, millorar i intensificar les capacitats visuals.<\/li>\n<li>L\u2019objectiu final \u00e9s aconseguir el m\u00e0xim rendiment visual amb el m\u00ednim esfor\u00e7 energ\u00e8tic.<\/li>\n<li>La ter\u00e0pia visual ens permet aprendre, mitjan\u00e7ant exercicis, a utilitzar d\u2019una forma m\u00e9s efica\u00e7 la nostra visi\u00f3.<\/li>\n<\/ul>\n<p>&nbsp;<\/p>\n<div class=\"issuuembed\" data-configid=\"1151399\/10100092\" style=\"height: 444px; width: 625px;\">\n<\/div>\n<p>\n<script async=\"true\" src=\"\/\/e.issuu.com\/embed.js\" type=\"text\/javascript\"><\/script><\/p>\n<p>\nTamb\u00e9 v\u00e0rem tractar els problemes d&#8217;aprenentatge i del paper de l&#8217;optometrista en alguns d&#8217;aquests casos.<\/p>\n<p>Hi ha certes HABILITATS VISUALS I PERCEPTUALS (a part de l\u2019AGUDESA VISUAL), implicades en el proc\u00e9s del nostre aprenentatge i si aquestes no les tenim ben desenvolupades, manifestem una s\u00e8rie de SENYALS tant a l&#8217;escola com a casa.<br \/>\nSenyals que moltes vegades us passen desapercebudes i que nosaltres, amb el nostre comportament, us cridem que \u201cALGO PASSA\u201d o que \u201cALGUNA COSA NO VA B\u00c9\u201d; per\u00f2 a vegades us \u00e9s dif\u00edcil adonar-vos-en.<\/p>\n<h4><b>\u00a0<\/b><\/h4>\n<h4><b>Quins s\u00f3n aquests senyals?<\/b><\/h4>\n<p><a name=\"more\"><\/a><b><br \/>\n<\/b><b>PROBLEMA D\u2019AGUDESA VISUAL I\/O ACOMODATIU<\/b><\/p>\n<ul>\n<li>No veiem b\u00e9 la pissarra<\/li>\n<li>Ens refreguem els ulls constantment<\/li>\n<li>Tenim els ulls vermells o plorosos<\/li>\n<li>No aguantem llegint molt de temps<\/li>\n<\/ul>\n<p><b>PROBLEMA DE MOVIMENT OCULAR<\/b><\/p>\n<ul>\n<li>Necesitem ajudar-nos amb el dit per llegir<\/li>\n<li>Ens saltem l\u00ednies o paraules<\/li>\n<li>Som lectors lents<\/li>\n<\/ul>\n<p><b>PROBLEMA DE COORDINACI\u00d3 \u00a0ENTRE ELS \u00a0DOS ULLS (FUSI\u00d3)<\/b><\/p>\n<ul>\n<li>Ens tapem un ull<\/li>\n<li>Ens apropem al text i girem el cap per anul.lar un ull amb el nas<\/li>\n<li>La nostra posici\u00f3 normal de cap \u00e9s girada o inclinada (tort\u00edcolis)<\/li>\n<\/ul>\n<p><b>PROBLEMA EN LES HABILITATS PERCEPTUALS<\/b><\/p>\n<ul>\n<li>Tenim problemes per treure la idea principal d\u2019un text, i fer un resumen<\/li>\n<li>Quan ens canvieu el plantejament d\u2019un problema, ja no l\u2019entenem<\/li>\n<li>Se\u2019ns d\u00f3na molt malament els c\u00e0lculs matem\u00e0tics i els evitem<\/li>\n<li>Invertim lletres o les canviem de posici\u00f3 dins de la mateixa paraula<\/li>\n<\/ul>\n<p><b>PROBLEMA DE COORDINACI\u00d3 ULL-M\u00c0<\/b><\/p>\n<ul>\n<li>Som bruts en els nostres treballs escolars<\/li>\n<li>Som desorganitzats en les nostres feines de c\u00f2pia<\/li>\n<li>Som dolents dibuixant o en esports<\/li>\n<li>Quan ens pregunteu de forma oral sabem millor el tema que quan ens examineu per escrit<\/li>\n<\/ul>\n<p><b>PROBLEMA DE REFLEXES PRIMITIUS\u00a0<\/b><\/p>\n<ul>\n<li>Tenim problemes amb els companys<\/li>\n<li>No aguantem quiets en una cadira sense parar de moure\u2019ns<\/li>\n<li>Tenim mala postura corporal al seure o al caminar<\/li>\n<\/ul>\n<div>\n<div><b><br \/>\n<\/b><b>Olga Balbuena Fern\u00e1ndez<\/b><\/div>\n<div>Optometrista Comportamental i Terapeuta Visual<\/div>\n<div>(Membre ACOTV I SIODEC)<\/div>\n<div><\/div>\n<div>\u00d2ptica Clar de Llum<\/div>\n<div>St. Vicen\u00e7 els Horts<\/div>\n<div><\/div>\n<div><span style=\"color: blue;\"><a href=\"http:\/\/www.clardellum.com\/\">www.clardellum.com<\/a><\/span><\/div>\n<div><span style=\"color: blue;\"><a href=\"mailto:clardellum@gmail.com\">clardellum@gmail.com<\/a><\/span><\/div>\n<\/div>\n","protected":false},"excerpt":{"rendered":"<p>El passat dilluns 10 de novembre v\u00e0rem fer la 2\u00aa sessi\u00f3 de treball amb l&#8217;Olga Balbuena. En aquesta sessi\u00f3 v\u00e0rem tractar sobre la Ter\u00e0pia Visual i les Disfuncions Visuals Ter\u00e0pia Visual T\u00e8cniques que s\u2019ocupen de desenvolupar, millorar i intensificar les capacitats visuals. L\u2019objectiu final \u00e9s aconseguir el m\u00e0xim rendiment visual amb el m\u00ednim esfor\u00e7 energ\u00e8tic. [&hellip;]<\/p>\n","protected":false},"author":1,"featured_media":0,"comment_status":"open","ping_status":"open","sticky":false,"template":"","format":"standard","meta":{"_bbp_topic_count":0,"_bbp_reply_count":0,"_bbp_total_topic_count":0,"_bbp_total_reply_count":0,"_bbp_voice_count":0,"_bbp_anonymous_reply_count":0,"_bbp_topic_count_hidden":0,"_bbp_reply_count_hidden":0,"_bbp_forum_subforum_count":0,"site-sidebar-layout":"default","site-content-layout":"","ast-site-content-layout":"","site-content-style":"default","site-sidebar-style":"default","ast-global-header-display":"","ast-banner-title-visibility":"","ast-main-header-display":"","ast-hfb-above-header-display":"","ast-hfb-below-header-display":"","ast-hfb-mobile-header-display":"","site-post-title":"","ast-breadcrumbs-content":"","ast-featured-img":"","footer-sml-layout":"","theme-transparent-header-meta":"","adv-header-id-meta":"","stick-header-meta":"","header-above-stick-meta":"","header-main-stick-meta":"","header-below-stick-meta":"","astra-migrate-meta-layouts":"default","ast-page-background-enabled":"default","ast-page-background-meta":{"desktop":{"background-color":"var(--ast-global-color-4)","background-image":"","background-repeat":"repeat","background-position":"center center","background-size":"auto","background-attachment":"scroll","background-type":"","background-media":"","overlay-type":"","overlay-color":"","overlay-opacity":"","overlay-gradient":""},"tablet":{"background-color":"","background-image":"","background-repeat":"repeat","background-position":"center center","background-size":"auto","background-attachment":"scroll","background-type":"","background-media":"","overlay-type":"","overlay-color":"","overlay-opacity":"","overlay-gradient":""},"mobile":{"background-color":"","background-image":"","background-repeat":"repeat","background-position":"center center","background-size":"auto","background-attachment":"scroll","background-type":"","background-media":"","overlay-type":"","overlay-color":"","overlay-opacity":"","overlay-gradient":""}},"ast-content-background-meta":{"desktop":{"background-color":"var(--ast-global-color-5)","background-image":"","background-repeat":"repeat","background-position":"center center","background-size":"auto","background-attachment":"scroll","background-type":"","background-media":"","overlay-type":"","overlay-color":"","overlay-opacity":"","overlay-gradient":""},"tablet":{"background-color":"var(--ast-global-color-5)","background-image":"","background-repeat":"repeat","background-position":"center center","background-size":"auto","background-attachment":"scroll","background-type":"","background-media":"","overlay-type":"","overlay-color":"","overlay-opacity":"","overlay-gradient":""},"mobile":{"background-color":"var(--ast-global-color-5)","background-image":"","background-repeat":"repeat","background-position":"center center","background-size":"auto","background-attachment":"scroll","background-type":"","background-media":"","overlay-type":"","overlay-color":"","overlay-opacity":"","overlay-gradient":""}},"footnotes":""},"categories":[1487],"tags":[1463,1499,1464,1465],"class_list":["post-7680","post","type-post","status-publish","format-standard","hentry","category-trastorns-de-laprenentatge","tag-dificultats-daprenentatge","tag-mestresee","tag-rapidesa-lectora","tag-terapia-visual"],"post_mailing_queue_ids":[],"_links":{"self":[{"href":"https:\/\/serveiseducatius.xtec.cat\/baixllobregat6\/wp-json\/wp\/v2\/posts\/7680","targetHints":{"allow":["GET"]}}],"collection":[{"href":"https:\/\/serveiseducatius.xtec.cat\/baixllobregat6\/wp-json\/wp\/v2\/posts"}],"about":[{"href":"https:\/\/serveiseducatius.xtec.cat\/baixllobregat6\/wp-json\/wp\/v2\/types\/post"}],"author":[{"embeddable":true,"href":"https:\/\/serveiseducatius.xtec.cat\/baixllobregat6\/wp-json\/wp\/v2\/users\/1"}],"replies":[{"embeddable":true,"href":"https:\/\/serveiseducatius.xtec.cat\/baixllobregat6\/wp-json\/wp\/v2\/comments?post=7680"}],"version-history":[{"count":2,"href":"https:\/\/serveiseducatius.xtec.cat\/baixllobregat6\/wp-json\/wp\/v2\/posts\/7680\/revisions"}],"predecessor-version":[{"id":7768,"href":"https:\/\/serveiseducatius.xtec.cat\/baixllobregat6\/wp-json\/wp\/v2\/posts\/7680\/revisions\/7768"}],"wp:attachment":[{"href":"https:\/\/serveiseducatius.xtec.cat\/baixllobregat6\/wp-json\/wp\/v2\/media?parent=7680"}],"wp:term":[{"taxonomy":"category","embeddable":true,"href":"https:\/\/serveiseducatius.xtec.cat\/baixllobregat6\/wp-json\/wp\/v2\/categories?post=7680"},{"taxonomy":"post_tag","embeddable":true,"href":"https:\/\/serveiseducatius.xtec.cat\/baixllobregat6\/wp-json\/wp\/v2\/tags?post=7680"}],"curies":[{"name":"wp","href":"https:\/\/api.w.org\/{rel}","templated":true}]}}