{"id":7126,"date":"2010-04-15T21:31:00","date_gmt":"2010-04-15T20:31:00","guid":{"rendered":"http:\/\/serveiseducatius.xtec.cat\/se-baixllobregat6\/general\/30-anys-sense-gianni-rodari\/"},"modified":"2016-02-08T12:37:41","modified_gmt":"2016-02-08T11:37:41","slug":"30-anys-sense-gianni-rodari","status":"publish","type":"post","link":"https:\/\/serveiseducatius.xtec.cat\/baixllobregat6\/biblioteca-escolar\/informacions\/literatura-infantil-i-juvenil\/30-anys-sense-gianni-rodari\/","title":{"rendered":"30 anys sense Gianni Rodari"},"content":{"rendered":"<p><\/p>\n<div style=\"clear: both; text-align: center;\"><a href=\"http:\/\/milibreria.files.wordpress.com\/2009\/02\/gianni-rodari-y-los-ninos-450.jpg\" style=\"clear: left; float: left; margin-bottom: 1em; margin-right: 1em;\"><img decoding=\"async\" border=\"0\" src=\"http:\/\/milibreria.files.wordpress.com\/2009\/02\/gianni-rodari-y-los-ninos-450.jpg\" \/><\/a><\/div>\n<div style=\"clear: left; float: left; margin-bottom: 1em; margin-right: 1em;\">El 14 d&#8217;abril de 1980 moria a Roma <strong>Gianni Rodari<\/strong>, escriptor i periodista, per\u00f2 per damunt de tot, mestre i pedagog, autor entre d&#8217;altres llibres, del cl\u00e0ssic&nbsp; <strong>Gram\u00e0tica de la fantasia: introducci\u00f3 a l&#8217;art d&#8217;inventar hist\u00f2ries<\/strong> (1973), on ens presenta algunes formes d&#8217;inventar hist\u00f2ries per nens i de com ajudar-los        a que ells mateixos de les inventin. Tot aquest llibre \u00e9s una proposta per a la        imaginaci\u00f3, ens ensenya maneres diferents com desenvolupar la  imaginaci\u00f3        als infants, i ho fa a trav\u00e9s&nbsp; jocs diversos que incentiven la producci\u00f3         de noves paraules, de noves hist\u00f2ries.<\/div>\n<p>Tamb\u00e9 \u00e9s autor de nombrosos llibres per a infants entre els que destaquen <strong>Les aventures d&#8217;en Cebeta<\/strong>, <strong>Gelsomino al pa\u00eds dels mentiders <\/strong>o els <strong>Contes per tel\u00e8fon<\/strong>.<\/p>\n<p>La revista <a href=\"http:\/\/revistababar.com\/wp\/?p=30\" target=\"_blank\"><strong>Babar<\/strong><\/a>, de literatura infantil i juvenil, publica un interessant article sobre la necessitat de considerar a Gianni Rodari un classic de la literatura per a infants. Aix\u00ed mateix, la revista <strong><a href=\"http:\/\/www.imaginaria.com.ar\/12\/5\/rodari.htm\" target=\"_blank\">Imaginaria<\/a> <\/strong>publica un extens informe sobre la seva figura, la seva obra i el seu pensament.<\/p>\n<p>Per altra banda, a l&#8217;edici\u00f3 del curs 2008-2009 del Seminari &#8220;El Gust per la lectura&#8221;, un dels autors que es van treballar va ser Gianni Rodari. A continuaci\u00f3 es relacionen els documents de treball que es van publicar:<\/p>\n<ul><\/p>\n<li>Confer\u00e8ncia: <a href=\"http:\/\/www.xtec.cat\/lic\/centre\/professorat\/dossiersgust\/gust_2008_09\/conferencies_gust_0809\/rodari.pdf\" target=\"_blank\"><strong><em>Rodari i Imaginaci\u00f3: un binomi fant\u00e0stic<\/em><\/strong><\/a>, a c\u00e0rrec de N\u00faria Alba i Anna F. Bu\u00f1uel.<\/li>\n<p><\/p>\n<li><a href=\"http:\/\/www.xtec.cat\/lic\/centre\/professorat\/dossiersgust\/gust_2008_09\/gust_primaria\/rodari%20definitius\/Rodari_CI.pdf\" target=\"_blank\"><strong><em>Els viatges d&#8217;en Joan Esquenadret<\/em><\/strong><\/a> (Dossier per a l&#8217;alumnat de CI)<\/li>\n<p><\/p>\n<li><a href=\"http:\/\/www.xtec.cat\/lic\/centre\/professorat\/dossiersgust\/gust_2008_09\/gust_primaria\/rodari%20definitius\/Rodari_CI.pdf\" target=\"_blank\"><em><strong>El past\u00eds caigut del cel<\/strong><\/em><\/a> (Dossier per a l&#8217;alumnat de CM)<\/li>\n<p><\/p>\n<li><a href=\"http:\/\/www.xtec.cat\/lic\/centre\/professorat\/dossiersgust\/gust_2008_09\/gust_primaria\/rodari%20definitius\/Rodari_CS.pdf\" target=\"_blank\"><strong><em>Gelsomino al pa\u00eds dels mentiders<\/em><\/strong><\/a> (Dossier per a l&#8217;alumnat de CS)<\/li>\n<p><\/p>\n<li><a href=\"http:\/\/www.xtec.cat\/lic\/centre\/professorat\/dossiersgust\/gust_2008_09\/gust_primaria\/rodari%20definitius\/Rodari_professorat.pdf\" target=\"_blank\"><strong><em>Gianni Rodari<\/em><\/strong><\/a> (Propostes per al prefessorat d&#8217;educaci\u00f3 prim\u00e0ria per a treballar els tres llibres anteriors), a c\u00e0rrec de Ricard Bonmat\u00ed.<\/li>\n<\/ul>\n","protected":false},"excerpt":{"rendered":"<p>El 14 d&#8217;abril de 1980 moria a Roma Gianni Rodari, escriptor i periodista, per\u00f2 per damunt de tot, mestre i pedagog, autor entre d&#8217;altres llibres, del cl\u00e0ssic&nbsp; Gram\u00e0tica de la fantasia: introducci\u00f3 a l&#8217;art d&#8217;inventar hist\u00f2ries (1973), on ens presenta algunes formes d&#8217;inventar hist\u00f2ries per nens i de com ajudar-los a que ells mateixos de [&hellip;]<\/p>\n","protected":false},"author":1,"featured_media":0,"comment_status":"open","ping_status":"open","sticky":false,"template":"","format":"standard","meta":{"_bbp_topic_count":0,"_bbp_reply_count":0,"_bbp_total_topic_count":0,"_bbp_total_reply_count":0,"_bbp_voice_count":0,"_bbp_anonymous_reply_count":0,"_bbp_topic_count_hidden":0,"_bbp_reply_count_hidden":0,"_bbp_forum_subforum_count":0,"site-sidebar-layout":"default","site-content-layout":"","ast-site-content-layout":"","site-content-style":"default","site-sidebar-style":"default","ast-global-header-display":"","ast-banner-title-visibility":"","ast-main-header-display":"","ast-hfb-above-header-display":"","ast-hfb-below-header-display":"","ast-hfb-mobile-header-display":"","site-post-title":"","ast-breadcrumbs-content":"","ast-featured-img":"","footer-sml-layout":"","theme-transparent-header-meta":"","adv-header-id-meta":"","stick-header-meta":"","header-above-stick-meta":"","header-main-stick-meta":"","header-below-stick-meta":"","astra-migrate-meta-layouts":"default","ast-page-background-enabled":"default","ast-page-background-meta":{"desktop":{"background-color":"var(--ast-global-color-4)","background-image":"","background-repeat":"repeat","background-position":"center center","background-size":"auto","background-attachment":"scroll","background-type":"","background-media":"","overlay-type":"","overlay-color":"","overlay-opacity":"","overlay-gradient":""},"tablet":{"background-color":"","background-image":"","background-repeat":"repeat","background-position":"center center","background-size":"auto","background-attachment":"scroll","background-type":"","background-media":"","overlay-type":"","overlay-color":"","overlay-opacity":"","overlay-gradient":""},"mobile":{"background-color":"","background-image":"","background-repeat":"repeat","background-position":"center center","background-size":"auto","background-attachment":"scroll","background-type":"","background-media":"","overlay-type":"","overlay-color":"","overlay-opacity":"","overlay-gradient":""}},"ast-content-background-meta":{"desktop":{"background-color":"var(--ast-global-color-5)","background-image":"","background-repeat":"repeat","background-position":"center center","background-size":"auto","background-attachment":"scroll","background-type":"","background-media":"","overlay-type":"","overlay-color":"","overlay-opacity":"","overlay-gradient":""},"tablet":{"background-color":"var(--ast-global-color-5)","background-image":"","background-repeat":"repeat","background-position":"center center","background-size":"auto","background-attachment":"scroll","background-type":"","background-media":"","overlay-type":"","overlay-color":"","overlay-opacity":"","overlay-gradient":""},"mobile":{"background-color":"var(--ast-global-color-5)","background-image":"","background-repeat":"repeat","background-position":"center center","background-size":"auto","background-attachment":"scroll","background-type":"","background-media":"","overlay-type":"","overlay-color":"","overlay-opacity":"","overlay-gradient":""}},"footnotes":""},"categories":[1077],"tags":[1436,453,1329],"class_list":["post-7126","post","type-post","status-publish","format-standard","hentry","category-literatura-infantil-i-juvenil","tag-biblioreport","tag-efemerides","tag-gianni-rodari"],"post_mailing_queue_ids":[],"_links":{"self":[{"href":"https:\/\/serveiseducatius.xtec.cat\/baixllobregat6\/wp-json\/wp\/v2\/posts\/7126","targetHints":{"allow":["GET"]}}],"collection":[{"href":"https:\/\/serveiseducatius.xtec.cat\/baixllobregat6\/wp-json\/wp\/v2\/posts"}],"about":[{"href":"https:\/\/serveiseducatius.xtec.cat\/baixllobregat6\/wp-json\/wp\/v2\/types\/post"}],"author":[{"embeddable":true,"href":"https:\/\/serveiseducatius.xtec.cat\/baixllobregat6\/wp-json\/wp\/v2\/users\/1"}],"replies":[{"embeddable":true,"href":"https:\/\/serveiseducatius.xtec.cat\/baixllobregat6\/wp-json\/wp\/v2\/comments?post=7126"}],"version-history":[{"count":1,"href":"https:\/\/serveiseducatius.xtec.cat\/baixllobregat6\/wp-json\/wp\/v2\/posts\/7126\/revisions"}],"predecessor-version":[{"id":7394,"href":"https:\/\/serveiseducatius.xtec.cat\/baixllobregat6\/wp-json\/wp\/v2\/posts\/7126\/revisions\/7394"}],"wp:attachment":[{"href":"https:\/\/serveiseducatius.xtec.cat\/baixllobregat6\/wp-json\/wp\/v2\/media?parent=7126"}],"wp:term":[{"taxonomy":"category","embeddable":true,"href":"https:\/\/serveiseducatius.xtec.cat\/baixllobregat6\/wp-json\/wp\/v2\/categories?post=7126"},{"taxonomy":"post_tag","embeddable":true,"href":"https:\/\/serveiseducatius.xtec.cat\/baixllobregat6\/wp-json\/wp\/v2\/tags?post=7126"}],"curies":[{"name":"wp","href":"https:\/\/api.w.org\/{rel}","templated":true}]}}