{"id":7010,"date":"2012-12-13T15:24:00","date_gmt":"2012-12-13T14:24:00","guid":{"rendered":"http:\/\/serveiseducatius.xtec.cat\/se-baixllobregat6\/general\/tertulies-literaries-dialogiques-a-lescola-mare-de-deu-del-rocio\/"},"modified":"2016-02-10T20:22:00","modified_gmt":"2016-02-10T19:22:00","slug":"tertulies-literaries-dialogiques-a-lescola-mare-de-deu-del-rocio","status":"publish","type":"post","link":"https:\/\/serveiseducatius.xtec.cat\/baixllobregat6\/biblioteca-escolar\/seminari-de-biblioteques-escolars\/tertulies-literaries-dialogiques-a-lescola-mare-de-deu-del-rocio\/","title":{"rendered":"Tert\u00falies liter\u00e0ries dial\u00f2giques, a l&#8217;escola Mare de D\u00e9u del Roc\u00edo"},"content":{"rendered":"<p>La propera sessi\u00f3 del seminari de coordinaci\u00f3 de biblioteques escolars es far\u00e0 a la biblioteca de l&#8217;escola Mare de D\u00e9u del Roc\u00edo de Sant Vicen\u00e7 dels Horts. En aquesta sessi\u00f3, la directora del centre ens explicar\u00e0 com duen a terme la tert\u00falia liter\u00e0ria dial\u00f2gica.<\/p>\n<div><\/div>\n<div>\n<div>Les tert\u00falies liter\u00e0ries dial\u00f2giques consisteixen en el fet que un grup de persones es reuneixen peri\u00f2dicament al voltant d\u2019un llibre per a reflexionar i dialogar a partir d\u2019ell. \u00c9s un espai on la gent pot participar en un projecte educacional que promou la literatura i la cultura.<\/div>\n<\/div>\n<p><a href=\"http:\/\/www.edu3.cat\/Edu3tv\/Fitxa?p_id=83122\"><img loading=\"lazy\" decoding=\"async\" title=\"Edu3.cat\" src=\"http:\/\/www.edu3.cat\/img\/logo_embed.png\" alt=\"Edu3.cat\" width=\"37\" height=\"39\" border=\"0\" \/> <\/a><\/p>\n<div><object width=\"520\" height=\"313\" classid=\"clsid:D27CDB6E-AE6D-11cf-96B8-444553540000\" codebase=\"http:\/\/fpdownload.macromedia.com\/get\/flashplayer\/current\/swflash.cab\"><param name=\"allowScriptAccess\" value=\"always\" \/><param name=\"allowFullScreen\" value=\"true\" \/><param name=\"movie\" value=\"http:\/\/www.edu3.cat\/html\/swf\/video\/video2.swf\" \/><param name=\"quality\" value=\"high\" \/><param name=\"flashvars\" value=\"url=http:\/\/www.edu3.cat\/portal\/pls\/portal\/edu3tv.flash.get_av_info?p_hash=c6dff33360ba77a0c6f3&amp;embed=http:\/\/www.edu3.cat\/Edu3tv\/Fitxa?p_id=83122\" \/><param name=\"bgcolor\" value=\"#000000\" \/><embed id=\"rvideo\" height=\"313\" width=\"520\" flashvars=\"url=http:\/\/www.edu3.cat\/portal\/pls\/portal\/edu3tv.flash.get_av_info?p_hash=c6dff33360ba77a0c6f3&amp;embed=http:\/\/www.edu3.cat\/Edu3tv\/Fitxa?p_id=83122\" movie=\"http:\/\/www.edu3.cat\/html\/swf\/video\/video2.swf\" allowfullscreen=\"allowfullscreen\" allowscriptaccess=\"always\" quality=\"high\" bgcolor=\"#000000\" name=\"rvideo\" style=\"\" src=\"http:\/\/www.edu3.cat\/html\/swf\/video\/video2.swf\" type=\"application\/x-shockwave-flash\" \/><\/object><\/div>\n<div><\/div>\n<div>Per m\u00e9s informaci\u00f3 sobre les tert\u00falies liter\u00e0ries dial\u00f2giques podeu consultar aquests enlla\u00e7os:<\/div>\n<div>\n<ul>\n<li><b><a href=\"http:\/\/www.uji.es\/bin\/publ\/edicions\/jfi9\/psico\/7.pdf\" target=\"_blank\">Les tert\u00falies liter\u00e0ries dial\u00f2giques: paraules per a transformar<\/a><\/b>. Universitat Jaume I de Castell\u00f3<\/li>\n<li><b><a href=\"http:\/\/blocs.xtec.cat\/bibliotecaescolariudellots\/files\/2010\/02\/tertulies.pdf\" target=\"_blank\">Tert\u00falies liter\u00e0ries dial\u00f2giques<\/a><\/b>. Biblioteca de l\u2019Escola de Riudellots<\/li>\n<li><b><a href=\"http:\/\/www.slideshare.net\/COBDC\/tertlies-literries-dialgiques-belinda-siles\" target=\"_blank\">Tert\u00falies liter\u00e0ries dial\u00f2giques<\/a><\/b>. Escola Doctor Fleming (Viladecans)<\/li>\n<\/ul>\n<\/div>\n","protected":false},"excerpt":{"rendered":"<p>La propera sessi\u00f3 del seminari de coordinaci\u00f3 de biblioteques escolars es far\u00e0 a la biblioteca de l&#8217;escola Mare de D\u00e9u del Roc\u00edo de Sant Vicen\u00e7 dels Horts. En aquesta sessi\u00f3, la directora del centre ens explicar\u00e0 com duen a terme la tert\u00falia liter\u00e0ria dial\u00f2gica. Les tert\u00falies liter\u00e0ries dial\u00f2giques consisteixen en el fet que un grup [&hellip;]<\/p>\n","protected":false},"author":1,"featured_media":0,"comment_status":"open","ping_status":"open","sticky":false,"template":"","format":"standard","meta":{"_bbp_topic_count":0,"_bbp_reply_count":0,"_bbp_total_topic_count":0,"_bbp_total_reply_count":0,"_bbp_voice_count":0,"_bbp_anonymous_reply_count":0,"_bbp_topic_count_hidden":0,"_bbp_reply_count_hidden":0,"_bbp_forum_subforum_count":0,"site-sidebar-layout":"default","site-content-layout":"","ast-site-content-layout":"","site-content-style":"default","site-sidebar-style":"default","ast-global-header-display":"","ast-banner-title-visibility":"","ast-main-header-display":"","ast-hfb-above-header-display":"","ast-hfb-below-header-display":"","ast-hfb-mobile-header-display":"","site-post-title":"","ast-breadcrumbs-content":"","ast-featured-img":"","footer-sml-layout":"","theme-transparent-header-meta":"","adv-header-id-meta":"","stick-header-meta":"","header-above-stick-meta":"","header-main-stick-meta":"","header-below-stick-meta":"","astra-migrate-meta-layouts":"default","ast-page-background-enabled":"default","ast-page-background-meta":{"desktop":{"background-color":"var(--ast-global-color-4)","background-image":"","background-repeat":"repeat","background-position":"center center","background-size":"auto","background-attachment":"scroll","background-type":"","background-media":"","overlay-type":"","overlay-color":"","overlay-opacity":"","overlay-gradient":""},"tablet":{"background-color":"","background-image":"","background-repeat":"repeat","background-position":"center center","background-size":"auto","background-attachment":"scroll","background-type":"","background-media":"","overlay-type":"","overlay-color":"","overlay-opacity":"","overlay-gradient":""},"mobile":{"background-color":"","background-image":"","background-repeat":"repeat","background-position":"center center","background-size":"auto","background-attachment":"scroll","background-type":"","background-media":"","overlay-type":"","overlay-color":"","overlay-opacity":"","overlay-gradient":""}},"ast-content-background-meta":{"desktop":{"background-color":"var(--ast-global-color-5)","background-image":"","background-repeat":"repeat","background-position":"center center","background-size":"auto","background-attachment":"scroll","background-type":"","background-media":"","overlay-type":"","overlay-color":"","overlay-opacity":"","overlay-gradient":""},"tablet":{"background-color":"var(--ast-global-color-5)","background-image":"","background-repeat":"repeat","background-position":"center center","background-size":"auto","background-attachment":"scroll","background-type":"","background-media":"","overlay-type":"","overlay-color":"","overlay-opacity":"","overlay-gradient":""},"mobile":{"background-color":"var(--ast-global-color-5)","background-image":"","background-repeat":"repeat","background-position":"center center","background-size":"auto","background-attachment":"scroll","background-type":"","background-media":"","overlay-type":"","overlay-color":"","overlay-opacity":"","overlay-gradient":""}},"footnotes":""},"categories":[1071],"tags":[1436,334,1321,502],"class_list":["post-7010","post","type-post","status-publish","format-standard","hentry","category-seminari-de-biblioteques-escolars","tag-biblioreport","tag-competencia-lectora","tag-conversa","tag-escola-mare-de-deu-del-rocio"],"post_mailing_queue_ids":[],"_links":{"self":[{"href":"https:\/\/serveiseducatius.xtec.cat\/baixllobregat6\/wp-json\/wp\/v2\/posts\/7010","targetHints":{"allow":["GET"]}}],"collection":[{"href":"https:\/\/serveiseducatius.xtec.cat\/baixllobregat6\/wp-json\/wp\/v2\/posts"}],"about":[{"href":"https:\/\/serveiseducatius.xtec.cat\/baixllobregat6\/wp-json\/wp\/v2\/types\/post"}],"author":[{"embeddable":true,"href":"https:\/\/serveiseducatius.xtec.cat\/baixllobregat6\/wp-json\/wp\/v2\/users\/1"}],"replies":[{"embeddable":true,"href":"https:\/\/serveiseducatius.xtec.cat\/baixllobregat6\/wp-json\/wp\/v2\/comments?post=7010"}],"version-history":[{"count":2,"href":"https:\/\/serveiseducatius.xtec.cat\/baixllobregat6\/wp-json\/wp\/v2\/posts\/7010\/revisions"}],"predecessor-version":[{"id":7591,"href":"https:\/\/serveiseducatius.xtec.cat\/baixllobregat6\/wp-json\/wp\/v2\/posts\/7010\/revisions\/7591"}],"wp:attachment":[{"href":"https:\/\/serveiseducatius.xtec.cat\/baixllobregat6\/wp-json\/wp\/v2\/media?parent=7010"}],"wp:term":[{"taxonomy":"category","embeddable":true,"href":"https:\/\/serveiseducatius.xtec.cat\/baixllobregat6\/wp-json\/wp\/v2\/categories?post=7010"},{"taxonomy":"post_tag","embeddable":true,"href":"https:\/\/serveiseducatius.xtec.cat\/baixllobregat6\/wp-json\/wp\/v2\/tags?post=7010"}],"curies":[{"name":"wp","href":"https:\/\/api.w.org\/{rel}","templated":true}]}}