{"id":7007,"date":"2013-01-21T16:11:00","date_gmt":"2013-01-21T15:11:00","guid":{"rendered":"http:\/\/serveiseducatius.xtec.cat\/se-baixllobregat6\/general\/en-nat-i-el-secret-de-lesperanca\/"},"modified":"2016-02-08T17:33:46","modified_gmt":"2016-02-08T16:33:46","slug":"en-nat-i-el-secret-de-lesperanca","status":"publish","type":"post","link":"https:\/\/serveiseducatius.xtec.cat\/baixllobregat6\/biblioteca-escolar\/llibres-comentats\/albums-il%c2%b7lustrats\/en-nat-i-el-secret-de-lesperanca\/","title":{"rendered":"En Nat i el secret de l&#8217;Esperan\u00e7a"},"content":{"rendered":"<p><\/p>\n<div style=\"clear: left; float: left; margin-bottom: 1em; margin-right: 1em;\"><img loading=\"lazy\" decoding=\"async\" alt=\"Nat\" height=\"200\" src=\"http:\/\/1.bp.blogspot.com\/-lH5wXzJxgRo\/TZiEcNaCJoI\/AAAAAAAAGAc\/i0ffBhzUtzU\/s200\/nat.jpg\" width=\"143\" \/><\/div>\n<p><strong><u><span style=\"color: #38761d;\">DADES T\u00c8CNIQUES<\/span><\/u><\/strong><\/p>\n<div><strong><i>Autora<\/i><\/strong>: Anik Le Ray<\/div>\n<div><strong><i>Il\u00b7lustradora<\/i><\/strong>: R\u00e9becca Dautremer<\/div>\n<div><strong><i>Editorial<\/i><\/strong>: Baula<\/div>\n<div><strong><i>Any d\u2019edici\u00f3<\/i><\/strong>: 2010<\/div>\n<div><strong><i>Format<\/i><\/strong>: \u00e0lbum il\u00b7lustrat<\/div>\n<div><strong><i>Idioma<\/i><\/strong>: catal\u00e0<\/div>\n<div><strong><i>P\u00e0gines<\/i><\/strong>: 54<\/div>\n<div><strong><i>Nivell<\/i><\/strong>: Cicle mitj\u00e0<\/div>\n<div>\n<\/div>\n<div><\/div>\n<div><strong><u><span style=\"color: #38761d;\">ESTUDI DEL LLIBRE<\/span><\/u><\/strong><\/div>\n<div><strong><i>Temes principals<\/i><\/strong>: Fantasia, mort, amistat, fam\u00edlia.<\/div>\n<div><strong><br \/><\/strong><\/div>\n<div><strong><i>G\u00e8nere<\/i><\/strong>: Conte<\/div>\n<div><strong><br \/><\/strong><\/div>\n<div><strong><i>Resum\/argument<\/i>: <\/strong><\/div>\n<div>Quan l\u2019Esperan\u00e7a deixa en her\u00e8ncia a en Natanael el contingut de la seva biblioteca, el jove no pot ni imaginar que tots aquells llibres amaguen el m\u00e9s incre\u00efble dels secrets\u2026 Ben aviat, l\u2019Al\u00edcia, en Pinotxo, el capit\u00e0 Garfi i tots els herois dels seus contes favorits adquireixen vida davant els seus ulls. Viuen sota una amena\u00e7a terrible i nom\u00e9s en Natanael els pot salvar. Comen\u00e7a aleshores per a ell una esbojarrada cursa contra rellotge per alliberar els seus nous amics.<\/div>\n<div><strong><br \/><\/strong><\/div>\n<div><strong><i>Ambientaci\u00f3<\/i><\/strong>:<\/div>\n<ul>\n<li><b><i>Temps<\/i><\/b>: Actualitat.<\/li>\n<li><b><i>Espai:<\/i><\/b> La casa de l\u2019\u00e0via Esperan\u00e7a a la ciutat de K\u00e9rity (Bretanya).<\/li>\n<\/ul>\n<div><strong><i>Personatges<\/i><\/strong>: Natanael (protagonista), la seva fam\u00edlia (els pares, la seva germana Ang\u00e8lica i l\u2019\u00e0via Esperan\u00e7a), un ve\u00ed, un antiquari, dos col\u00b7leccionistes de llibres i diferents personatges de contes cl\u00e0ssics.<\/div>\n<div><\/div>\n<div><strong><u><span style=\"color: #38761d;\">PROPOSTES D\u2019ACTIVITATS<\/span><\/u><\/strong><\/div>\n<ol>\n<li>Comentar el conte i com s\u00f3n els personatges principals.<\/li>\n<li>Expressar oralment les emocions i experi\u00e8ncies viscudes amb familiars que han anat al \u201cpa\u00eds d\u2019on no torna ning\u00fa\u201d.<\/li>\n<li>Recordar quins personatges de contes populars surten a la hist\u00f2ria i parlar sobre si els coneixen a tots, si troben algun a faltar, quin els hi agrada m\u00e9s i per qu\u00e8&#8230;<\/li>\n<li>Crear un conte individual o en petit grup on apareguin personatges de diferents contes populars utilitzant t\u00e8cniques de Gianni Rodari (<em>Els contes inversemblants<\/em>, <em>rondalles al rev\u00e9s<\/em>, <em>amanida de&nbsp; rondalles<\/em>,etc.)<\/li>\n<\/ol>\n<div><strong><u><span style=\"color: #38761d;\">ALTRES ASPECTES A DESTACAR<\/span><\/u><\/strong><\/div>\n<div>Amb colors molt suggerents i c\u00e0lids que fan que les il\u00b7lustracions semblin extretes d\u2019una pel\u00b7l\u00edcula d\u2019animaci\u00f3.<\/div>\n<div>Aquesta hist\u00f2ria ja s\u2019ha fet pel\u00b7l\u00edcula <strong><em>K\u00e9rity, la Maison des contes<\/em><\/strong>. A continuaci\u00f3 en podeu veure el tr\u00e0iler.<\/div>\n<div><iframe loading=\"lazy\" frameborder=\"0\" height=\"169\" src=\"http:\/\/www.youtube.com\/embed\/f45O-UjmbdI\" width=\"300\"><\/iframe><\/div>\n<p><i>Ressenya<\/i>: <b>Vicky Carrasco<\/b> (Escola Mare de D\u00e9u del Roc\u00edo, Sant Vicen\u00e7 dels Horts)<\/p>\n","protected":false},"excerpt":{"rendered":"<p>DADES T\u00c8CNIQUES Autora: Anik Le Ray Il\u00b7lustradora: R\u00e9becca Dautremer Editorial: Baula Any d\u2019edici\u00f3: 2010 Format: \u00e0lbum il\u00b7lustrat Idioma: catal\u00e0 P\u00e0gines: 54 Nivell: Cicle mitj\u00e0 ESTUDI DEL LLIBRE Temes principals: Fantasia, mort, amistat, fam\u00edlia. G\u00e8nere: Conte Resum\/argument: Quan l\u2019Esperan\u00e7a deixa en her\u00e8ncia a en Natanael el contingut de la seva biblioteca, el jove no pot ni [&hellip;]<\/p>\n","protected":false},"author":1,"featured_media":0,"comment_status":"open","ping_status":"open","sticky":false,"template":"","format":"standard","meta":{"_bbp_topic_count":0,"_bbp_reply_count":0,"_bbp_total_topic_count":0,"_bbp_total_reply_count":0,"_bbp_voice_count":0,"_bbp_anonymous_reply_count":0,"_bbp_topic_count_hidden":0,"_bbp_reply_count_hidden":0,"_bbp_forum_subforum_count":0,"site-sidebar-layout":"default","site-content-layout":"","ast-site-content-layout":"","site-content-style":"default","site-sidebar-style":"default","ast-global-header-display":"","ast-banner-title-visibility":"","ast-main-header-display":"","ast-hfb-above-header-display":"","ast-hfb-below-header-display":"","ast-hfb-mobile-header-display":"","site-post-title":"","ast-breadcrumbs-content":"","ast-featured-img":"","footer-sml-layout":"","theme-transparent-header-meta":"","adv-header-id-meta":"","stick-header-meta":"","header-above-stick-meta":"","header-main-stick-meta":"","header-below-stick-meta":"","astra-migrate-meta-layouts":"default","ast-page-background-enabled":"default","ast-page-background-meta":{"desktop":{"background-color":"var(--ast-global-color-4)","background-image":"","background-repeat":"repeat","background-position":"center center","background-size":"auto","background-attachment":"scroll","background-type":"","background-media":"","overlay-type":"","overlay-color":"","overlay-opacity":"","overlay-gradient":""},"tablet":{"background-color":"","background-image":"","background-repeat":"repeat","background-position":"center center","background-size":"auto","background-attachment":"scroll","background-type":"","background-media":"","overlay-type":"","overlay-color":"","overlay-opacity":"","overlay-gradient":""},"mobile":{"background-color":"","background-image":"","background-repeat":"repeat","background-position":"center center","background-size":"auto","background-attachment":"scroll","background-type":"","background-media":"","overlay-type":"","overlay-color":"","overlay-opacity":"","overlay-gradient":""}},"ast-content-background-meta":{"desktop":{"background-color":"var(--ast-global-color-5)","background-image":"","background-repeat":"repeat","background-position":"center center","background-size":"auto","background-attachment":"scroll","background-type":"","background-media":"","overlay-type":"","overlay-color":"","overlay-opacity":"","overlay-gradient":""},"tablet":{"background-color":"var(--ast-global-color-5)","background-image":"","background-repeat":"repeat","background-position":"center center","background-size":"auto","background-attachment":"scroll","background-type":"","background-media":"","overlay-type":"","overlay-color":"","overlay-opacity":"","overlay-gradient":""},"mobile":{"background-color":"var(--ast-global-color-5)","background-image":"","background-repeat":"repeat","background-position":"center center","background-size":"auto","background-attachment":"scroll","background-type":"","background-media":"","overlay-type":"","overlay-color":"","overlay-opacity":"","overlay-gradient":""}},"footnotes":""},"categories":[1110],"tags":[1436,311,363,1317],"class_list":["post-7007","post","type-post","status-publish","format-standard","hentry","category-albums-illustrats","tag-biblioreport","tag-cicle-mitja","tag-contes","tag-llibres-dimaginacio-i2"],"post_mailing_queue_ids":[],"_links":{"self":[{"href":"https:\/\/serveiseducatius.xtec.cat\/baixllobregat6\/wp-json\/wp\/v2\/posts\/7007","targetHints":{"allow":["GET"]}}],"collection":[{"href":"https:\/\/serveiseducatius.xtec.cat\/baixllobregat6\/wp-json\/wp\/v2\/posts"}],"about":[{"href":"https:\/\/serveiseducatius.xtec.cat\/baixllobregat6\/wp-json\/wp\/v2\/types\/post"}],"author":[{"embeddable":true,"href":"https:\/\/serveiseducatius.xtec.cat\/baixllobregat6\/wp-json\/wp\/v2\/users\/1"}],"replies":[{"embeddable":true,"href":"https:\/\/serveiseducatius.xtec.cat\/baixllobregat6\/wp-json\/wp\/v2\/comments?post=7007"}],"version-history":[{"count":1,"href":"https:\/\/serveiseducatius.xtec.cat\/baixllobregat6\/wp-json\/wp\/v2\/posts\/7007\/revisions"}],"predecessor-version":[{"id":7441,"href":"https:\/\/serveiseducatius.xtec.cat\/baixllobregat6\/wp-json\/wp\/v2\/posts\/7007\/revisions\/7441"}],"wp:attachment":[{"href":"https:\/\/serveiseducatius.xtec.cat\/baixllobregat6\/wp-json\/wp\/v2\/media?parent=7007"}],"wp:term":[{"taxonomy":"category","embeddable":true,"href":"https:\/\/serveiseducatius.xtec.cat\/baixllobregat6\/wp-json\/wp\/v2\/categories?post=7007"},{"taxonomy":"post_tag","embeddable":true,"href":"https:\/\/serveiseducatius.xtec.cat\/baixllobregat6\/wp-json\/wp\/v2\/tags?post=7007"}],"curies":[{"name":"wp","href":"https:\/\/api.w.org\/{rel}","templated":true}]}}