{"id":6999,"date":"2013-03-05T09:30:00","date_gmt":"2013-03-05T08:30:00","guid":{"rendered":"http:\/\/serveiseducatius.xtec.cat\/se-baixllobregat6\/general\/una-proposta-per-a-treballar-la-comprensio-i-expressio-oral-i-la-lectura\/"},"modified":"2016-02-11T14:52:00","modified_gmt":"2016-02-11T13:52:00","slug":"una-proposta-per-a-treballar-la-comprensio-i-expressio-oral-i-la-lectura","status":"publish","type":"post","link":"https:\/\/serveiseducatius.xtec.cat\/baixllobregat6\/biblioteca-escolar\/dinamitzacio-de-la-biblioteca\/activitats-biblioteca\/una-proposta-per-a-treballar-la-comprensio-i-expressio-oral-i-la-lectura\/","title":{"rendered":"Una proposta per a treballar la comprensi\u00f3 i expressi\u00f3 oral i la lectura"},"content":{"rendered":"<div style=\"clear: both; text-align: center;\"><a href=\"http:\/\/leer.es\/wp-content\/uploads\/cuentosredondos\/index.html\" target=\"_blank\"><img loading=\"lazy\" decoding=\"async\" src=\"http:\/\/leer.es\/wp-content\/uploads\/cuentosredondos\/imagenes\/cabecera.gif\" alt=\"\" width=\"400\" height=\"50\" border=\"0\" \/><\/a><\/div>\n<p>&#8220;<b><a href=\"http:\/\/leer.es\/wp-content\/uploads\/cuentosredondos\/index.html\" target=\"_blank\">Cuentos redondos&#8221;<\/a><\/b> \u00e9s una proposta de la Asociaci\u00f3 LitOral adre\u00e7ada a l&#8217;alumnat d&#8217;educaci\u00f3 infantil i de cicle inicial d&#8217;educaci\u00f3 prim\u00e0ria per tal de treballar la comprensi\u00f3 i l&#8217;expressi\u00f3 oral i aix\u00ed refor\u00e7ar el gust per la \u00a0lectura.<\/p>\n<p>Aquesta proposta parteix de la premisa b\u00e0sica que l&#8217;estructura r\u00edtmica d&#8217;elements de la tradici\u00f3 popular com els embarbussaments, les can\u00e7ons acumulatives i els contes amb estructura serveixen per a desenvolupar la comprensi\u00f3 i l&#8217;expressi\u00f3 oral i escrita.<\/p>\n<p>Consisteix en la creaci\u00f3 d&#8217;uns formats gr\u00e0fics que mitjan\u00e7ant unes senzilles manipulacions per part dels infants, aquests podran recordar sense dificultat les seq\u00fc\u00e8ncies narratives dels textos acumulatius de tradici\u00f3 oral.<\/p>\n<p>La proposta es divideix en tres grans apartats. El primer de caire m\u00e9s te\u00f2ric s&#8217;hi explica de quina manera els contes rodons s&#8217;insereixen en el curr\u00edculum i com afavoreixen la comprensi\u00f3 lectora; a m\u00e9s de dedicar un apartat a l&#8217;an\u00e0lisi estructural i de l&#8217;esquema d&#8217;un conte rod\u00f3.<\/p>\n<p>Al segon apartat es presenten vuit contes rodons. Al cap\u00edtol dedicat a cada conte, s&#8217;inclou el text, una an\u00e0lisi del text, la seva presentaci\u00f3 en format rod\u00f3 i material de suport (un v\u00eddeo, una seq\u00fc\u00e8ncia per a l&#8217;elaboraci\u00f3 i muntatge i el material retallable).<\/p>\n<p>El tercer apartat inclou suggeriments per a l&#8217;aplicaci\u00f3 did\u00e0ctica, una ampliaci\u00f3 del repertori de contes i una proposta per a l&#8217;intercanvi d&#8217;experi\u00e8ncies.<\/p>\n<p>&nbsp;<\/p>\n","protected":false},"excerpt":{"rendered":"<p>&#8220;Cuentos redondos&#8221; \u00e9s una proposta de la Asociaci\u00f3 LitOral adre\u00e7ada a l&#8217;alumnat d&#8217;educaci\u00f3 infantil i de cicle inicial d&#8217;educaci\u00f3 prim\u00e0ria per tal de treballar la comprensi\u00f3 i l&#8217;expressi\u00f3 oral i aix\u00ed refor\u00e7ar el gust per la \u00a0lectura. Aquesta proposta parteix de la premisa b\u00e0sica que l&#8217;estructura r\u00edtmica d&#8217;elements de la tradici\u00f3 popular com els embarbussaments, [&hellip;]<\/p>\n","protected":false},"author":1,"featured_media":0,"comment_status":"open","ping_status":"open","sticky":false,"template":"","format":"standard","meta":{"_bbp_topic_count":0,"_bbp_reply_count":0,"_bbp_total_topic_count":0,"_bbp_total_reply_count":0,"_bbp_voice_count":0,"_bbp_anonymous_reply_count":0,"_bbp_topic_count_hidden":0,"_bbp_reply_count_hidden":0,"_bbp_forum_subforum_count":0,"site-sidebar-layout":"default","site-content-layout":"","ast-site-content-layout":"","site-content-style":"default","site-sidebar-style":"default","ast-global-header-display":"","ast-banner-title-visibility":"","ast-main-header-display":"","ast-hfb-above-header-display":"","ast-hfb-below-header-display":"","ast-hfb-mobile-header-display":"","site-post-title":"","ast-breadcrumbs-content":"","ast-featured-img":"","footer-sml-layout":"","theme-transparent-header-meta":"","adv-header-id-meta":"","stick-header-meta":"","header-above-stick-meta":"","header-main-stick-meta":"","header-below-stick-meta":"","astra-migrate-meta-layouts":"default","ast-page-background-enabled":"default","ast-page-background-meta":{"desktop":{"background-color":"var(--ast-global-color-4)","background-image":"","background-repeat":"repeat","background-position":"center center","background-size":"auto","background-attachment":"scroll","background-type":"","background-media":"","overlay-type":"","overlay-color":"","overlay-opacity":"","overlay-gradient":""},"tablet":{"background-color":"","background-image":"","background-repeat":"repeat","background-position":"center center","background-size":"auto","background-attachment":"scroll","background-type":"","background-media":"","overlay-type":"","overlay-color":"","overlay-opacity":"","overlay-gradient":""},"mobile":{"background-color":"","background-image":"","background-repeat":"repeat","background-position":"center center","background-size":"auto","background-attachment":"scroll","background-type":"","background-media":"","overlay-type":"","overlay-color":"","overlay-opacity":"","overlay-gradient":""}},"ast-content-background-meta":{"desktop":{"background-color":"var(--ast-global-color-5)","background-image":"","background-repeat":"repeat","background-position":"center center","background-size":"auto","background-attachment":"scroll","background-type":"","background-media":"","overlay-type":"","overlay-color":"","overlay-opacity":"","overlay-gradient":""},"tablet":{"background-color":"var(--ast-global-color-5)","background-image":"","background-repeat":"repeat","background-position":"center center","background-size":"auto","background-attachment":"scroll","background-type":"","background-media":"","overlay-type":"","overlay-color":"","overlay-opacity":"","overlay-gradient":""},"mobile":{"background-color":"var(--ast-global-color-5)","background-image":"","background-repeat":"repeat","background-position":"center center","background-size":"auto","background-attachment":"scroll","background-type":"","background-media":"","overlay-type":"","overlay-color":"","overlay-opacity":"","overlay-gradient":""}},"footnotes":""},"categories":[1129],"tags":[228,1436,334,338,363,1318],"class_list":["post-6999","post","type-post","status-publish","format-standard","hentry","category-activitats-biblioteca","tag-animacio-lectora","tag-biblioreport","tag-competencia-lectora","tag-competencies-basiques","tag-contes","tag-contes-populars"],"post_mailing_queue_ids":[],"_links":{"self":[{"href":"https:\/\/serveiseducatius.xtec.cat\/baixllobregat6\/wp-json\/wp\/v2\/posts\/6999","targetHints":{"allow":["GET"]}}],"collection":[{"href":"https:\/\/serveiseducatius.xtec.cat\/baixllobregat6\/wp-json\/wp\/v2\/posts"}],"about":[{"href":"https:\/\/serveiseducatius.xtec.cat\/baixllobregat6\/wp-json\/wp\/v2\/types\/post"}],"author":[{"embeddable":true,"href":"https:\/\/serveiseducatius.xtec.cat\/baixllobregat6\/wp-json\/wp\/v2\/users\/1"}],"replies":[{"embeddable":true,"href":"https:\/\/serveiseducatius.xtec.cat\/baixllobregat6\/wp-json\/wp\/v2\/comments?post=6999"}],"version-history":[{"count":2,"href":"https:\/\/serveiseducatius.xtec.cat\/baixllobregat6\/wp-json\/wp\/v2\/posts\/6999\/revisions"}],"predecessor-version":[{"id":7633,"href":"https:\/\/serveiseducatius.xtec.cat\/baixllobregat6\/wp-json\/wp\/v2\/posts\/6999\/revisions\/7633"}],"wp:attachment":[{"href":"https:\/\/serveiseducatius.xtec.cat\/baixllobregat6\/wp-json\/wp\/v2\/media?parent=6999"}],"wp:term":[{"taxonomy":"category","embeddable":true,"href":"https:\/\/serveiseducatius.xtec.cat\/baixllobregat6\/wp-json\/wp\/v2\/categories?post=6999"},{"taxonomy":"post_tag","embeddable":true,"href":"https:\/\/serveiseducatius.xtec.cat\/baixllobregat6\/wp-json\/wp\/v2\/tags?post=6999"}],"curies":[{"name":"wp","href":"https:\/\/api.w.org\/{rel}","templated":true}]}}