{"id":6998,"date":"2013-03-07T17:33:00","date_gmt":"2013-03-07T16:33:00","guid":{"rendered":"http:\/\/serveiseducatius.xtec.cat\/se-baixllobregat6\/general\/documentacio-conclusions-i-propostes-de-les-5es-jornades-de-biblioteques-escolars\/"},"modified":"2016-02-11T14:50:48","modified_gmt":"2016-02-11T13:50:48","slug":"documentacio-conclusions-i-propostes-de-les-5es-jornades-de-biblioteques-escolars","status":"publish","type":"post","link":"https:\/\/serveiseducatius.xtec.cat\/baixllobregat6\/biblioteca-escolar\/informacions\/documentacio-conclusions-i-propostes-de-les-5es-jornades-de-biblioteques-escolars\/","title":{"rendered":"Documentaci\u00f3, conclusions i propostes de les 5es Jornades de Biblioteques Escolars"},"content":{"rendered":"<p style=\"clear: both; text-align: left;\">Els dies 5 i 6 de mar\u00e7, a la Facultat de Biblioteconomia i Documentaci\u00f3 de la Universitat de Barcelona es van celebrar les 5es Jornades de Biblioteques Escolars. Al meu entendre va ser una trobada d&#8217;un nivell qualitatiu molt elevat. Les confer\u00e8ncies, els documents presentats, la taula rodona sobre xarxes de suport a la biblioteca escolar i, sobretot, les experi\u00e8ncies centrades en el desplegament de la biblioteca escolar 2.0 i la compet\u00e8ncia informacional, ens mostraren que la feina que s&#8217;ha fet en el camp de les biblioteques escolars els darrers anys no t\u00e9 res a envejar a altres iniciatives (espanyoles) que en el mateix camp tenen m\u00e9s difusi\u00f3 (ser\u00e0 la llengua o&#8230;?). Al contrari, comentant-ho amb alguns dels assistents, crec que v\u00e0rem presentar una manera de fer i d&#8217;actuar inclusiva, una manera de treballar que ens va permetre concloure que, malgrat que hi ha feina per fer, la que s&#8217;ha fet va per bon cam\u00ed.<\/p>\n<div style=\"clear: both; text-align: left;\"><\/div>\n<div style=\"clear: both; text-align: left;\">Anem per parts i expliquem de qu\u00e8 es va parlar que se&#8217;ns va presentar:<\/div>\n<div style=\"clear: both; text-align: left;\"><\/div>\n<div style=\"clear: both; text-align: left;\">a) Es varen dictar dues confer\u00e8ncies:<\/div>\n<div style=\"clear: both; text-align: left;\"><\/div>\n<ul>\n<li><b><span style=\"color: #274e13;\">In\u00e9s Miret<\/span><\/b> (Consultora especialitzada en lectura, llibres i biblioteques des de Neturity) a la confer\u00e8ncia inicial va presentar l&#8217;estudi\u00a0<i style=\"font-weight: bold;\">Bibliotecas escolares. Din\u00e1micas 2005-2011<\/i>, Una an\u00e0lisi molt completa de la situaci\u00f3 de les biblioteques escolars a nivell estatal. La seva presentaci\u00f3 va ser feta a manera de reflexi\u00f3, aportant uns arguments sobre els quals cal aturar-se per reflexionar.<\/li>\n<li><b><span style=\"color: #274e13;\">Laura Borr\u00e0s<\/span><\/b> (Professora de la Universitat de Barcelona i directora de la Instituci\u00f3 de les Lletres Catalanes)\u00a0feu la confer\u00e8ncia de cloenda de les Jornades. Amb el t\u00edtol <i style=\"font-weight: bold;\">El plaer de la lectura, avui, dem\u00e0 i sempre!<\/i>\u00a0ens explic\u00e0 que significa llegir avui tenint en compte la metamorfosi que ha sofert la lectura.<\/li>\n<\/ul>\n<div style=\"clear: both; text-align: left;\">b) Es presentaren tres documents d&#8217;una v\u00e0lua excepcional i de gran utilitat per a les biblioteques escolars:<\/div>\n<div style=\"clear: both; text-align: left;\"><\/div>\n<ul>\n<li><b><span style=\"color: #274e13;\">Inmaculada Vellosillo<\/span><\/b> (Professora Titular de la Facultad de Ciencias de la documentaci\u00f3n de la Universidad Computense de Madrid) present\u00e0\u00a0<i><b><a href=\"http:\/\/serveiseducatius.xtec.cat\/se-baixllobregat6\/biblioteca-escolar\/informacions\/bibliografia-per-a-docents\/bibliotecas-escolares-entre-interrogantes\/\">Una eina per a l\u2019avaluaci\u00f3 de la biblioteca: biblioteques escolars entre interrogants<\/a><\/b><\/i>.\u00a0Un document de refer\u00e8ncia per permet fer una autoavaluaci\u00f3 de la biblioteca escolar des de tots els \u00e0mbits.<\/li>\n<li><b><span style=\"color: #274e13;\">Cec\u00edlia Llad\u00f3<\/span><\/b> (Coordinadora del Programa de biblioteca escolar \u201cpuntedu\u201d del Departament d\u2019Ensenyament) present\u00e0 les\u00a0<i style=\"font-weight: bold;\"><a href=\"http:\/\/serveiseducatius.xtec.cat\/se-baixllobregat6\/biblioteca-escolar\/informacions\/bibliografia-per-a-docents\/directrius-i-estandards-per-a-les-biblioteques-dels-centres-educatius-de-catalunya\/\">Directrius i est\u00e0ndards per a les biblioteques dels centres educatius de Catalunya<\/a><\/i>. Document llargament esperat que ha d&#8217;esdevenir la refer\u00e8ncia de tota acci\u00f3 que es faci des de les biblioteques escolars catalanes.<\/li>\n<li><b><span style=\"color: #274e13;\">Anna Blasco<\/span><\/b> (Centre de Recursos Pedag\u00f2gics de Sarri\u00e0-Sant Gervasi i\u00a0Coordinadora del Grup de treball \u201cLa biblioteca escolar 2.0&#8243;) present\u00e0 el document <a style=\"font-style: italic; font-weight: bold;\" href=\"https:\/\/sites.google.com\/a\/xtec.cat\/biblioteca-escolar-2-0\/\" target=\"_blank\">Biblioteca escolar 2.0<\/a>\u00a0un espai web que planteja amb claredat i de manera molt ben estructurada aquelles q\u00fcestions b\u00e0siques que sorgeixen en el moment d&#8217;abordar el vessant 2.0 de la biblioteca escolar.<\/li>\n<\/ul>\n<p>c) La taula rodona sobre les<b> xarxes de suport a les biblioteques escolars<\/b> ens mostr\u00e0 la preocupaci\u00f3 que hi ha arreu del territori per tal de treballar conjuntament pel b\u00e9 dels centres que malgrat les dificultats han decidit tirar endavant un projecte de biblioteca. Tots, biblioteques p\u00fabliques, ajuntaments, centres de recursos pedag\u00f2gics, associacions de mestres, entitats com el Col\u00b7legi de Oficial de Bibliotecaris i Documentalistes de Catalunya i institucions com algunes universitats van explicar el seu model d&#8217;intervenci\u00f3.<\/p>\n<div>\n<ul>\n<li><b><span style=\"color: #274e13;\">Jordi Dolcet<\/span><\/b> (CRP Baix Llobregat-6. Xarxa de CRP: Banc de Recursos: La lectura font de plaer i de coneixement) explic\u00e0 la feina que es feia des dels 75 CRP del Departament d&#8217;Ensenyament per a donar suport a les biblioteques dels centres educatius de Catalunya, i ho exemplific\u00e0 a partir de la presentaci\u00f3 del <b><i><a href=\"http:\/\/xtec.gencat.cat\/ca\/serveis\/sez\/crp\/bancderecursos\/\" target=\"_blank\">Banc de Recursos: La lectura font de plaer i de coneixement<\/a><\/i><\/b>, un repositori de recursos per a treballar la lectura des dels diferents vessants.<\/li>\n<li><b><span style=\"color: #274e13;\">Encarna Isanda<\/span><\/b> (Biblioteca Artur Martorell i Xarxa de Biblioteques Escolars de l\u2019Institut Municipal d\u2019Educaci\u00f3 de Barcelona) explic\u00e0 com des de la Biblioteca Artur Martorell es d\u00f3na suport a les biblioteques escolars de la ciutat de Barcelona)<\/li>\n<li><b><span style=\"color: #274e13;\">Dolors Madeo<\/span><\/b> (Coordinadora del programa de biblioteques escolars de l\u2019Ajuntament de Girona) mostr\u00e0 quines accions es feien des de l&#8217;ajuntament de Girona i les biblioteques municipals per a donar suport a les biblioteques escolars de la ciutat de Girona.<\/li>\n<li><b><span style=\"color: #274e13;\">Pau Raga<\/span><\/b> (Responsable de la Biblioteca de l\u2019Associaci\u00f3 de Mestres Rosa Sensat), present\u00e0 el projecte &#8220;Punt de lectura&#8221;.<\/li>\n<li><b><span style=\"color: #274e13;\">Marta Roig<\/span><\/b> (Bibliotec\u00e0ria independent i coordinadora del projecte Bdpuntedu) present\u00e0 el <a href=\"http:\/\/www.cobdc.net\/bdpuntedu\/\" target=\"_blank\"><b><i>projecte Bdpuntedu<\/i><\/b><\/a>, d&#8217;impuls a les biblioteques que s\u00f3n al tercer any del &#8220;puntedu&#8221; mitjan\u00e7ant la intervenci\u00f3 d&#8217;un bibliotecari professional.<\/li>\n<li><b><span style=\"color: #274e13;\">M. Teresa Solanellas<\/span><\/b> (CRP del Segri\u00e0. Referent territorial de les biblioteques escolars i coordinadora de la Xarxa de Biblioteques Escolars de les terres de Lleida) presenta la xarxa que coordina i el projecte com\u00fa de lectura &#8220;El petit pr\u00edncep&#8221;.<\/li>\n<li><b><span style=\"color: #274e13;\">\u00c0lex Cossials<\/span><\/b> (Coordinador t\u00e8cnic del programa <b><i><a href=\"http:\/\/www.lectura.cat\/\" target=\"_blank\">Lecxit<\/a><\/i><\/b> de la Fundaci\u00f3 Jaume Bofill) coordin\u00e0 la taula.<\/li>\n<\/ul>\n<p>d) Les experi\u00e8ncies (totes de gran qualitat) que es van presentar es van agrupar en dos blocs, en el primer es van explicar quatre experi\u00e8ncies (dues de prim\u00e0ria i dues de secund\u00e0ria) que tenien nexe el treball de la compet\u00e8ncia informacional a l&#8217;aula. Les altres quatre (tamb\u00e9 dues de prim\u00e0ria i dues de secund\u00e0ria) feien refer\u00e8ncia a la biblioteca escolar 2.0. En aquest apartat cal destacar la feina feta pel grup <a href=\"http:\/\/grupbibliomedia.blogspot.com.es\/\" target=\"_blank\"><b>Bibliom\u00e8dia<\/b><\/a> en la feina de cerca i selecci\u00f3 d&#8217;aquestes experi\u00e8ncies. A manera d&#8217;introducci\u00f3, la <b><span style=\"color: #274e13;\">Montserrat Batall\u00e9<\/span><\/b> (Escola la Farigola de Vallcarca, Barcelona) i la <b><span style=\"color: #274e13;\">Dolors Bund\u00f3<\/span><\/b> (Escola Cosset\u00e0nia, Vilanova i la Geltr\u00fa) van fer unes reflexions i propostes del grup Bibliom\u00e8dia al voltant de la biblioteca escolar i la compet\u00e8ncia informacional i presentaren l&#8217;espai\u00a0<i style=\"font-weight: bold;\"><a href=\"https:\/\/sites.google.com\/a\/xtec.cat\/cinfoa-bbm\/home\" target=\"_blank\">Biblioteca escolar: experi\u00e8ncies i recursos per a la compet\u00e8ncia informacional<\/a><\/i>, elaborat conjuntament amb <b><a href=\"https:\/\/sites.google.com\/a\/xtec.cat\/cinfo-aula\/\" target=\"_blank\">c-info_aula<\/a><\/b>.<\/p>\n<\/div>\n<div>\n<ul>\n<li><b><i>SOS: ensenyeu-me a navegar<\/i><\/b>. <b><span style=\"color: #274e13;\">M\u00f2nica Badia<\/span><\/b> (Coordinadora de la biblioteca de l\u2019Escola Mare de D\u00e9u del Remei d\u2019Alcover)<\/li>\n<li><b><i>Abans de navegar, cal prepar-los!<\/i><\/b>. <b><span style=\"color: #274e13;\">Xon Bover<\/span><\/b> (Directora de l\u2019Escola l\u2019Esculapi de l\u2019Escala i responsable de biblioteca)<\/li>\n<li><b><i>Bibliotasca. Una proposta did\u00e0ctica competencial<\/i><\/b>. <span style=\"color: #274e13;\">Jordi Badiella<\/span> (Responsable del programa \u201cpuntedu\u201d a l\u2019Escola El Cim de Terrassa)<\/li>\n<li><b><i>Desenvolupar un programa de compet\u00e8ncia informacional amb la biblioteca<\/i><\/b>. <span style=\"color: #274e13;\"><b>Gl\u00f2ria Durban<\/b><\/span> (Responsable de la biblioteca de l\u2019Escola dels Jesu\u00eftes del Clot de Barcelona)<\/li>\n<li><b><i>La BE 2.0: una finestra oberta al m\u00f3n<\/i><\/b>. <b><span style=\"color: #274e13;\">Anna Badia<\/span><\/b> (Responsable fins al 2012 de la biblioteca de l\u2019Escola Estalella i Graells. Actualment assessora de L\u2019Impuls de la lectura. Autora dels blocs BibliotecaViva i Biblio-classes)<\/li>\n<li><b><i>Fent cam\u00ed cap a la biblioteca 2.0<\/i><\/b>. <span style=\"color: #274e13;\"><b>M\u00f2nica Ricart<\/b><\/span> (Coordinadora de la biblioteca de l\u2019Escola Rosa Oriol Anguera de Lli\u00e7\u00e0 d\u2019Amunt)<\/li>\n<li><b><i>Nou rumb per a la biblioteca escolar: la biblioxarxa 2.0 de l\u2019INS la Roca<\/i><\/b>. <b><span style=\"color: #274e13;\">Isabel Toro<\/span><\/b> (Responsable de la biblioteca de l\u2019Institut La Roca de La Roca del Vall\u00e8s)<\/li>\n<li><b><i>BiblioTIC: projecte de biblioteca 2.0 del col\u00b7legi Sant Andreu de Badalona<\/i><\/b>. <span style=\"color: #274e13;\"><b>Albert Correa<\/b><\/span> (Mestre, bibliotecari i coordinador TIC al Col\u00b7legi Sant Andreu de Badalona)<\/li>\n<\/ul>\n<p>Per acabar no voldria deixar de fer refer\u00e8ncia a la confer\u00e8ncia <b style=\"font-style: italic;\">Actuacions de l\u2019Impuls a la lectura, <\/b>a c\u00e0rrec\u00a0d&#8217;<b><span style=\"color: #274e13;\">Imma Canal<\/span><\/b> (Coordinadora de l\u2019impuls a la lectura del Departament d\u2019Ensenyament), en la presentaci\u00f3 de la qual en Pere Mayans (Responsable del Servei d&#8217;Immersi\u00f3 i Acolliment Ling\u00fc\u00edstics del Departament d&#8217;Ensenyament) va fer una afirmaci\u00f3 que bona part dels assistents i, sobretot, els que treballem en els serveis educatius del Departament d&#8217;Ensenyament, varem fer nostra: &#8220;les biblioteques escolars i l&#8217;impuls a la lectura comparteixen de les mateixes bases te\u00f2riques&#8221;. Aqu\u00ed queda.<\/p>\n<\/div>\n<div>\n<h3 style=\"text-align: center;\"><a href=\"http:\/\/www.cobdc.net\/5JBE\/materials\/\" target=\"_blank\"><span style=\"color: #274e13;\">Podeu consultar els materials i les presentacions de les 5es Jornades de Biblioteques Escolars<\/span><\/a><\/h3>\n<\/div>\n<div style=\"clear: both; text-align: center;\"><i>\u00a0<\/i><\/div>\n<div style=\"clear: both; text-align: center;\"><\/div>\n<div style=\"clear: both; text-align: center;\"><\/div>\n<div style=\"text-align: center;\">\n<table style=\"margin-left: auto; margin-right: auto; text-align: center;\" cellspacing=\"0\" cellpadding=\"0\" align=\"center\">\n<tbody>\n<tr>\n<td style=\"text-align: center;\"><span style=\"margin-left: auto; margin-right: auto;\"><a href=\"http:\/\/www.cobdc.net\/5JBE\/conclusions-i-propostes-de-les-5es-jornades-de-biblioteques-escolars\/\" target=\"_blank\"><img loading=\"lazy\" decoding=\"async\" src=\"http:\/\/www.cobdc.net\/5JBE\/wp-content\/uploads\/2013\/03\/imatge_conclusions.jpg\" alt=\"\" width=\"400\" height=\"231\" border=\"0\" \/><\/a><\/span><\/td>\n<\/tr>\n<tr>\n<td style=\"text-align: center;\"><a href=\"http:\/\/www.cobdc.net\/5JBE\/conclusions-i-propostes-de-les-5es-jornades-de-biblioteques-escolars\/\" target=\"_blank\">\u00a0<\/a><\/td>\n<\/tr>\n<\/tbody>\n<\/table>\n<p>&nbsp;<\/p>\n<\/div>\n","protected":false},"excerpt":{"rendered":"<p>Els dies 5 i 6 de mar\u00e7, a la Facultat de Biblioteconomia i Documentaci\u00f3 de la Universitat de Barcelona es van celebrar les 5es Jornades de Biblioteques Escolars. Al meu entendre va ser una trobada d&#8217;un nivell qualitatiu molt elevat. Les confer\u00e8ncies, els documents presentats, la taula rodona sobre xarxes de suport a la biblioteca [&hellip;]<\/p>\n","protected":false},"author":1,"featured_media":0,"comment_status":"open","ping_status":"open","sticky":false,"template":"","format":"standard","meta":{"_bbp_topic_count":0,"_bbp_reply_count":0,"_bbp_total_topic_count":0,"_bbp_total_reply_count":0,"_bbp_voice_count":0,"_bbp_anonymous_reply_count":0,"_bbp_topic_count_hidden":0,"_bbp_reply_count_hidden":0,"_bbp_forum_subforum_count":0,"site-sidebar-layout":"default","site-content-layout":"","ast-site-content-layout":"","site-content-style":"default","site-sidebar-style":"default","ast-global-header-display":"","ast-banner-title-visibility":"","ast-main-header-display":"","ast-hfb-above-header-display":"","ast-hfb-below-header-display":"","ast-hfb-mobile-header-display":"","site-post-title":"","ast-breadcrumbs-content":"","ast-featured-img":"","footer-sml-layout":"","theme-transparent-header-meta":"","adv-header-id-meta":"","stick-header-meta":"","header-above-stick-meta":"","header-main-stick-meta":"","header-below-stick-meta":"","astra-migrate-meta-layouts":"default","ast-page-background-enabled":"default","ast-page-background-meta":{"desktop":{"background-color":"var(--ast-global-color-4)","background-image":"","background-repeat":"repeat","background-position":"center center","background-size":"auto","background-attachment":"scroll","background-type":"","background-media":"","overlay-type":"","overlay-color":"","overlay-opacity":"","overlay-gradient":""},"tablet":{"background-color":"","background-image":"","background-repeat":"repeat","background-position":"center center","background-size":"auto","background-attachment":"scroll","background-type":"","background-media":"","overlay-type":"","overlay-color":"","overlay-opacity":"","overlay-gradient":""},"mobile":{"background-color":"","background-image":"","background-repeat":"repeat","background-position":"center center","background-size":"auto","background-attachment":"scroll","background-type":"","background-media":"","overlay-type":"","overlay-color":"","overlay-opacity":"","overlay-gradient":""}},"ast-content-background-meta":{"desktop":{"background-color":"var(--ast-global-color-5)","background-image":"","background-repeat":"repeat","background-position":"center center","background-size":"auto","background-attachment":"scroll","background-type":"","background-media":"","overlay-type":"","overlay-color":"","overlay-opacity":"","overlay-gradient":""},"tablet":{"background-color":"var(--ast-global-color-5)","background-image":"","background-repeat":"repeat","background-position":"center center","background-size":"auto","background-attachment":"scroll","background-type":"","background-media":"","overlay-type":"","overlay-color":"","overlay-opacity":"","overlay-gradient":""},"mobile":{"background-color":"var(--ast-global-color-5)","background-image":"","background-repeat":"repeat","background-position":"center center","background-size":"auto","background-attachment":"scroll","background-type":"","background-media":"","overlay-type":"","overlay-color":"","overlay-opacity":"","overlay-gradient":""}},"footnotes":""},"categories":[1078],"tags":[1436,272,273],"class_list":["post-6998","post","type-post","status-publish","format-standard","hentry","category-informacions","tag-biblioreport","tag-biblioteca-escolar","tag-biblioteca-publica"],"post_mailing_queue_ids":[],"_links":{"self":[{"href":"https:\/\/serveiseducatius.xtec.cat\/baixllobregat6\/wp-json\/wp\/v2\/posts\/6998","targetHints":{"allow":["GET"]}}],"collection":[{"href":"https:\/\/serveiseducatius.xtec.cat\/baixllobregat6\/wp-json\/wp\/v2\/posts"}],"about":[{"href":"https:\/\/serveiseducatius.xtec.cat\/baixllobregat6\/wp-json\/wp\/v2\/types\/post"}],"author":[{"embeddable":true,"href":"https:\/\/serveiseducatius.xtec.cat\/baixllobregat6\/wp-json\/wp\/v2\/users\/1"}],"replies":[{"embeddable":true,"href":"https:\/\/serveiseducatius.xtec.cat\/baixllobregat6\/wp-json\/wp\/v2\/comments?post=6998"}],"version-history":[{"count":3,"href":"https:\/\/serveiseducatius.xtec.cat\/baixllobregat6\/wp-json\/wp\/v2\/posts\/6998\/revisions"}],"predecessor-version":[{"id":7632,"href":"https:\/\/serveiseducatius.xtec.cat\/baixllobregat6\/wp-json\/wp\/v2\/posts\/6998\/revisions\/7632"}],"wp:attachment":[{"href":"https:\/\/serveiseducatius.xtec.cat\/baixllobregat6\/wp-json\/wp\/v2\/media?parent=6998"}],"wp:term":[{"taxonomy":"category","embeddable":true,"href":"https:\/\/serveiseducatius.xtec.cat\/baixllobregat6\/wp-json\/wp\/v2\/categories?post=6998"},{"taxonomy":"post_tag","embeddable":true,"href":"https:\/\/serveiseducatius.xtec.cat\/baixllobregat6\/wp-json\/wp\/v2\/tags?post=6998"}],"curies":[{"name":"wp","href":"https:\/\/api.w.org\/{rel}","templated":true}]}}