{"id":6994,"date":"2013-03-19T13:57:00","date_gmt":"2013-03-19T12:57:00","guid":{"rendered":"http:\/\/serveiseducatius.xtec.cat\/se-baixllobregat6\/general\/dues-germanes-tenen-visita\/"},"modified":"2016-02-08T17:32:25","modified_gmt":"2016-02-08T16:32:25","slug":"dues-germanes-tenen-visita","status":"publish","type":"post","link":"https:\/\/serveiseducatius.xtec.cat\/baixllobregat6\/biblioteca-escolar\/llibres-comentats\/albums-il%c2%b7lustrats\/dues-germanes-tenen-visita\/","title":{"rendered":"Dues germanes tenen visita"},"content":{"rendered":"<div style=\"clear: both; text-align: center;\"><a href=\"http:\/\/www.takatuka.cat\/portadas\/dues-germanes-alta.png\" style=\"clear: left; float: left; margin-bottom: 1em; margin-right: 1em;\"><img loading=\"lazy\" decoding=\"async\" border=\"0\" height=\"158\" src=\"http:\/\/www.takatuka.cat\/portadas\/dues-germanes-alta.png\" width=\"200\" \/><\/a><\/div>\n<p><b><span style=\"color: #38761d;\">DADES T\u00c8CNIQUES<\/span><\/b><br \/><b><i>Autor\/a:<\/i><\/b> Sonja Bougaeva<br \/><b><i>Il\u2022lustrador\/a:<\/i><\/b> Sonja Bougaeva<br \/><b><i>Editorial:<\/i><\/b> Takatuka<br \/><b><i>Any d\u2019edici\u00f3:<\/i><\/b> Primera edici\u00f3 en catal\u00e0 any 2010<br \/><b><i>ISBN: <\/i><\/b>978-84-92696-46-8<br \/><b><i>Format:<\/i><\/b> \u00e0lbum il\u00b7lustrat<br \/><b><i>Idioma:<\/i><\/b> catal\u00e0<br \/><b><i>P\u00e0gines:<\/i><\/b> 26<br \/><i style=\"font-weight: bold;\">Nivell: <\/i>Educaci\u00f3 prim\u00e0ria. Cicle mitj\u00e0<\/p>\n<p><b><span style=\"color: #38761d;\">ESTUDI DEL LLIBRE<\/span><\/b><br \/><b><i>Temes principals:<\/i><\/b> l\u2019ordre, la felicitat, la llibertat personal, l\u2019empatia.<\/p>\n<ul>\n<li><b><i>Subtemes<\/i><\/b>: El m\u00f3n dels adults, fam\u00edlia, humor, treball dom\u00e8stic.<\/li>\n<\/ul>\n<p><b><i>G\u00e8nere:<\/i><\/b> \u00e0lbum il\u00b7lustrat<br \/><b><i>Resum\/Argument:<\/i><\/b><br \/>Una fam\u00edlia formada per dues germanes de mitjana edat, grassonetes i nassudes, tranquil\u00b7les i somrients: felices viuen en una petita illa. Un dia arriba el cos\u00ed Hans, qui esgarrifat del desordre general i certes avaries no resoltes, comen\u00e7a a ajudar. Aviat per\u00f2, s\u2019immisceix m\u00e9s que ajuda: fa fora els animals, canvia els esmorzars, ref\u00e0 el jard\u00ed, obliga a fer esport\u2026 Com dir-li que aix\u00ed no els agrada de viure? No caldr\u00e0: de sobte, el cos\u00ed marxa tot of\u00e8s perqu\u00e8 ni li han donat les gr\u00e0cies, i tot pot tornar a la rutina tranquil\u00b7la d\u2019abans.<\/p>\n<p><b><i>Ambientaci\u00f3:<\/i><\/b><\/p>\n<ul>\n<li><b><i>Espai<\/i><\/b>: petita illa, casa de camp, voltants de la casa.<\/li>\n<li><b><i>Temps<\/i><\/b>: segle XX<\/li>\n<\/ul>\n<p><b><i>Personatges:<\/i><\/b> les germanes i el cos\u00ed Hans.<\/p>\n<p><b><span style=\"color: #38761d;\">PROPOSTES D\u2019ACTIVITATS<\/span><\/b><br \/>\u00c9s una hist\u00f2ria narrada amb gr\u00e0cia sobre l\u2019ordre i la felicitat, per\u00f2 explicada entre adults, no com a enfrontament nens-adults. Aquest fet permet enfocar temes complexos amb una mirada tendra per apropar-los als infants.<br \/>Xoquen dos estils de vida diferents. Una hist\u00f2ria sobre persones pacients i persones intransigents. \u00c9s q\u00fcestiona, la import\u00e0ncia de la casa de cadasc\u00fa, com a refugi i mirall de la manera de ser de cada persona o grup de persones que hi viu.<br \/>Sorgeixen les preguntes obertes de: qu\u00e8 \u00e9s sa i qu\u00e8 no, i on comen\u00e7a la llibertat personal de viure d\u2019una forma o altra. Tamb\u00e9 sorgeix molt el tema de posar-se en el lloc de l\u2019altre (empatia)<br \/>\u00c9s un llibre que permet crear espais per reflexionar des de l\u2019\u00f2ptica infantil dels temes abans exposats. \u00c9s proposa realitzar un col\u00b7loqui una vegada llegit el llibre.<br \/>Tamb\u00e9 es poden observar i comentar les il\u00b7lustracions molt divertides i de colors vius.<\/p>\n<p><b><span style=\"color: #38761d;\">ALTRES ASPECTES A DESTACAR<\/span><\/b><br \/><i>Dues germanes tenen visita<\/i> ha estat seleccionada pel Consell Catal\u00e0 del llibre infantil i juvenil Clijcat per al premi <b>Atrapalllibres 2011<\/b> en la categoria de 9-10 anys.<br \/>Sonja Bougaeva ha tret un altre llibre: &nbsp;<i>En Barni<\/i>, per a infants de cicle inicial on tamb\u00e9 posa de manifest el mateix tema, el respecte a la llibertat personal.<\/p>\n<p>Ressenya: <b>Montse Riart <\/b><i>(Escola La Ginesta, Vallirana)<\/i><\/p>\n","protected":false},"excerpt":{"rendered":"<p>DADES T\u00c8CNIQUESAutor\/a: Sonja BougaevaIl\u2022lustrador\/a: Sonja BougaevaEditorial: TakatukaAny d\u2019edici\u00f3: Primera edici\u00f3 en catal\u00e0 any 2010ISBN: 978-84-92696-46-8Format: \u00e0lbum il\u00b7lustratIdioma: catal\u00e0P\u00e0gines: 26Nivell: Educaci\u00f3 prim\u00e0ria. Cicle mitj\u00e0 ESTUDI DEL LLIBRETemes principals: l\u2019ordre, la felicitat, la llibertat personal, l\u2019empatia. Subtemes: El m\u00f3n dels adults, fam\u00edlia, humor, treball dom\u00e8stic. G\u00e8nere: \u00e0lbum il\u00b7lustratResum\/Argument:Una fam\u00edlia formada per dues germanes de mitjana edat, grassonetes [&hellip;]<\/p>\n","protected":false},"author":1,"featured_media":0,"comment_status":"open","ping_status":"open","sticky":false,"template":"","format":"standard","meta":{"_bbp_topic_count":0,"_bbp_reply_count":0,"_bbp_total_topic_count":0,"_bbp_total_reply_count":0,"_bbp_voice_count":0,"_bbp_anonymous_reply_count":0,"_bbp_topic_count_hidden":0,"_bbp_reply_count_hidden":0,"_bbp_forum_subforum_count":0,"site-sidebar-layout":"default","site-content-layout":"","ast-site-content-layout":"","site-content-style":"default","site-sidebar-style":"default","ast-global-header-display":"","ast-banner-title-visibility":"","ast-main-header-display":"","ast-hfb-above-header-display":"","ast-hfb-below-header-display":"","ast-hfb-mobile-header-display":"","site-post-title":"","ast-breadcrumbs-content":"","ast-featured-img":"","footer-sml-layout":"","theme-transparent-header-meta":"","adv-header-id-meta":"","stick-header-meta":"","header-above-stick-meta":"","header-main-stick-meta":"","header-below-stick-meta":"","astra-migrate-meta-layouts":"default","ast-page-background-enabled":"default","ast-page-background-meta":{"desktop":{"background-color":"var(--ast-global-color-4)","background-image":"","background-repeat":"repeat","background-position":"center center","background-size":"auto","background-attachment":"scroll","background-type":"","background-media":"","overlay-type":"","overlay-color":"","overlay-opacity":"","overlay-gradient":""},"tablet":{"background-color":"","background-image":"","background-repeat":"repeat","background-position":"center center","background-size":"auto","background-attachment":"scroll","background-type":"","background-media":"","overlay-type":"","overlay-color":"","overlay-opacity":"","overlay-gradient":""},"mobile":{"background-color":"","background-image":"","background-repeat":"repeat","background-position":"center center","background-size":"auto","background-attachment":"scroll","background-type":"","background-media":"","overlay-type":"","overlay-color":"","overlay-opacity":"","overlay-gradient":""}},"ast-content-background-meta":{"desktop":{"background-color":"var(--ast-global-color-5)","background-image":"","background-repeat":"repeat","background-position":"center center","background-size":"auto","background-attachment":"scroll","background-type":"","background-media":"","overlay-type":"","overlay-color":"","overlay-opacity":"","overlay-gradient":""},"tablet":{"background-color":"var(--ast-global-color-5)","background-image":"","background-repeat":"repeat","background-position":"center center","background-size":"auto","background-attachment":"scroll","background-type":"","background-media":"","overlay-type":"","overlay-color":"","overlay-opacity":"","overlay-gradient":""},"mobile":{"background-color":"var(--ast-global-color-5)","background-image":"","background-repeat":"repeat","background-position":"center center","background-size":"auto","background-attachment":"scroll","background-type":"","background-media":"","overlay-type":"","overlay-color":"","overlay-opacity":"","overlay-gradient":""}},"footnotes":""},"categories":[1110],"tags":[1436,498,1317],"class_list":["post-6994","post","type-post","status-publish","format-standard","hentry","category-albums-illustrats","tag-biblioreport","tag-escola-la-ginesta","tag-llibres-dimaginacio-i2"],"post_mailing_queue_ids":[],"_links":{"self":[{"href":"https:\/\/serveiseducatius.xtec.cat\/baixllobregat6\/wp-json\/wp\/v2\/posts\/6994","targetHints":{"allow":["GET"]}}],"collection":[{"href":"https:\/\/serveiseducatius.xtec.cat\/baixllobregat6\/wp-json\/wp\/v2\/posts"}],"about":[{"href":"https:\/\/serveiseducatius.xtec.cat\/baixllobregat6\/wp-json\/wp\/v2\/types\/post"}],"author":[{"embeddable":true,"href":"https:\/\/serveiseducatius.xtec.cat\/baixllobregat6\/wp-json\/wp\/v2\/users\/1"}],"replies":[{"embeddable":true,"href":"https:\/\/serveiseducatius.xtec.cat\/baixllobregat6\/wp-json\/wp\/v2\/comments?post=6994"}],"version-history":[{"count":1,"href":"https:\/\/serveiseducatius.xtec.cat\/baixllobregat6\/wp-json\/wp\/v2\/posts\/6994\/revisions"}],"predecessor-version":[{"id":7436,"href":"https:\/\/serveiseducatius.xtec.cat\/baixllobregat6\/wp-json\/wp\/v2\/posts\/6994\/revisions\/7436"}],"wp:attachment":[{"href":"https:\/\/serveiseducatius.xtec.cat\/baixllobregat6\/wp-json\/wp\/v2\/media?parent=6994"}],"wp:term":[{"taxonomy":"category","embeddable":true,"href":"https:\/\/serveiseducatius.xtec.cat\/baixllobregat6\/wp-json\/wp\/v2\/categories?post=6994"},{"taxonomy":"post_tag","embeddable":true,"href":"https:\/\/serveiseducatius.xtec.cat\/baixllobregat6\/wp-json\/wp\/v2\/tags?post=6994"}],"curies":[{"name":"wp","href":"https:\/\/api.w.org\/{rel}","templated":true}]}}