{"id":6993,"date":"2013-03-19T16:21:00","date_gmt":"2013-03-19T15:21:00","guid":{"rendered":"http:\/\/serveiseducatius.xtec.cat\/se-baixllobregat6\/general\/orientacions-per-a-lanalisi-de-llibres-de-literatura-infantil-i-juvenil\/"},"modified":"2023-10-24T16:42:56","modified_gmt":"2023-10-24T14:42:56","slug":"orientacions-per-a-lanalisi-de-llibres-de-literatura-infantil-i-juvenil","status":"publish","type":"post","link":"https:\/\/serveiseducatius.xtec.cat\/baixllobregat6\/biblioteca-escolar\/informacions\/orientacions-per-a-lanalisi-de-llibres-de-literatura-infantil-i-juvenil\/","title":{"rendered":"Orientacions per a l&#8217;an\u00e0lisi de llibres de literatura infantil i juvenil"},"content":{"rendered":"<p><b><a href=\"http:\/\/www.gemmalluch.com\/\" target=\"_blank\" rel=\"noopener noreferrer\">Gemma Lluch<\/a><\/b> \u00e9s una de les persones que m\u00e9s ha treballat en el camp de fixar criteris de selecci\u00f3 de llibres infantils i juvenils.<\/p>\n<p>De manera general els criteris de selecci\u00f3 que ens proposa es basen en:<\/p>\n<ul>\n<li>L\u2019<b>edat del lector<\/b>. En funci\u00f3 de l\u2019edat i els trets definitoris, les propostes de llibres varien segons tem\u00e0tica i tipologia.<\/li>\n<li>Els <b>paratextos i altres elements materials<\/b>. S\u00f3n els recursos del llibre com a objecte: la coberta, la contracoberta, les guardes, la tipografia, els espais en blanc, els marges, l\u2019enquadernaci\u00f3, el format, les informacions que es donen al pr\u00f2leg, a la contracoberta, a les solapes, si hi ha notes al peu de p\u00e0gina, les caracter\u00edstiques del t\u00edtol i dels cap\u00edtols\u2026<\/li>\n<li>Els <b>criteris espec\u00edfics<\/b> per a relats, obres de teatre, poesia, imatges, llibres de coneixements i llibres per a nadons. Criteris que es basen en l\u2019an\u00e0lisi del text, la imatge, el llenguatge, l\u2019estructura, el ritme, l\u2019argument, el tema i el missatge, els personatges, la veu o punt de vista (qui explica la hist\u00f2ria, el narrador), l\u2019origen (d\u2019on ve la hist\u00f2ria \u2013adaptaci\u00f3, d\u2019autor, de la narrativa oral\u2026-), el temps i l\u2019espai, les relacions intertextuals\u2026<\/li>\n<\/ul>\n<div>Al seu <a href=\"http:\/\/www.gemmalluch.com\/bloc\/\" target=\"_blank\" rel=\"noopener noreferrer\"><b>bloc<\/b><\/a>\u00a0ens presenta quatre entrades que fan refer\u00e8ncia a aquest darrer punt dels criteris espec\u00edfics:<\/div>\n<div>\n<ol>\n<li><a href=\"http:\/\/www.gemmalluch.com\/una-guia-per-a-lanalisi-dels-relats\/\" target=\"_blank\" rel=\"noopener noreferrer\">Una guia per a l\u2019an\u00e0lisi de relats<\/a><\/li>\n<li><a href=\"http:\/\/www.gemmalluch.com\/una-guia-per-a-lanalisi-de-la-poesia\/\" target=\"_blank\" rel=\"noopener noreferrer\">Una guia per a l\u2019an\u00e0lisi de poemes<\/a><\/li>\n<li><a href=\"http:\/\/www.gemmalluch.com\/un-guia-per-a-lanalisi-de-teatre\/\" target=\"_blank\" rel=\"noopener noreferrer\">Un guia per a l\u2019an\u00e0lisi de teatre<\/a><\/li>\n<li><a href=\"http:\/\/www.gemmalluch.com\/una-guia-per-a-lanalisi-de-la-il%C2%B7lustracio\/\" target=\"_blank\" rel=\"noopener noreferrer\">Una guia per a l\u2019an\u00e0lisi de la il\u00b7lustraci\u00f3<\/a><\/li>\n<\/ol>\n<div>Aix\u00ed mateix cal fer esment que els integrants del <b><a href=\"http:\/\/bibliotequesescolarsgarraf.wordpress.com\/\" target=\"_blank\" rel=\"noopener noreferrer\">Seminari de biblioteques escolars del Garraf<\/a><\/b>, va elaborar unes fitxes per a la selecci\u00f3 de llibres de literatura infantil i juvenil, a partir de l&#8217;obra de la Gemma Lluch <b><i><a href=\"http:\/\/biblioreport.blogspot.com\/2010\/11\/aquest-llibre-de-gemma-lluch-professora.html\">C\u00f3mo seleccionar libros para ni\u00f1os y j\u00f3venes<\/a><\/i><\/b>\u00a0(ja comentada a Biblioreport) i els materials del curs telem\u00e0tic <i style=\"font-weight: bold;\"><a href=\"http:\/\/ateneu.xtec.cat\/wikiform\/wikiexport\/cmd\/bib\/begl\/index\" target=\"_blank\" rel=\"noopener noreferrer\">El gust per llegir des de la biblioteca escolar<\/a><\/i>:<\/div>\n<div>\n<ul>\n<li><span style=\"font-family: inherit;\"><a style=\"border: 0px; color: #743399; font-size: 16px; line-height: 24px; margin: 0px; padding: 0px; vertical-align: baseline;\" href=\"https:\/\/bibliotequesescolarsgarraf.files.wordpress.com\/2013\/01\/fitxa_llibres-relats.pdf\" target=\"_blank\" rel=\"noopener noreferrer\">Fitxa per valorar llibres de relats<\/a><span style=\"color: #333333; font-size: 16px; line-height: 24px;\">.<\/span><\/span><\/li>\n<li><span style=\"font-family: inherit;\"><a style=\"border: 0px; color: #743399; font-size: 16px; line-height: 24px; margin: 0px; padding: 0px; vertical-align: baseline;\" href=\"https:\/\/bibliotequesescolarsgarraf.files.wordpress.com\/2013\/01\/fitxa_llibres-ilc2b7lustrats.pdf\" target=\"_blank\" rel=\"noopener noreferrer\">Fitxa per valorar llibres il\u00b7lustrats<\/a><span style=\"color: #333333; font-size: 16px; line-height: 24px;\">.<\/span><\/span><\/li>\n<li><span style=\"font-family: inherit;\"><a style=\"border: 0px; color: #743399; font-size: 16px; line-height: 24px; margin: 0px; padding: 0px; vertical-align: baseline;\" href=\"https:\/\/bibliotequesescolarsgarraf.files.wordpress.com\/2013\/01\/fitxa_llibres-poesia.pdf\" target=\"_blank\" rel=\"noopener noreferrer\">Fitxa per valorar llibres de poesia<\/a><span style=\"color: #333333; font-size: 16px; line-height: 24px;\">.<\/span><\/span><\/li>\n<li><span style=\"font-family: inherit;\"><a style=\"border: 0px; color: #743399; font-size: 16px; line-height: 24px; margin: 0px; padding: 0px; vertical-align: baseline;\" href=\"https:\/\/bibliotequesescolarsgarraf.files.wordpress.com\/2013\/01\/fitxa_llibres-teatre.pdf\" target=\"_blank\" rel=\"noopener noreferrer\">Fitxa per valorar llibres de teatre<\/a><span style=\"color: #333333; font-size: 16px; line-height: 24px;\">.<\/span><\/span><\/li>\n<li><span style=\"font-family: inherit;\"><a style=\"border: 0px; color: #743399; font-size: 16px; line-height: 24px; margin: 0px; padding: 0px; vertical-align: baseline;\" href=\"https:\/\/bibliotequesescolarsgarraf.files.wordpress.com\/2013\/01\/fitxa_llibres-comic.pdf\" target=\"_blank\" rel=\"noopener noreferrer\">Fitxa per valorar c\u00f2mics i novel\u00b7la gr\u00e0fica<\/a><span style=\"color: #333333; font-size: 16px; line-height: 24px;\">.<\/span><\/span><\/li>\n<li><span style=\"font-family: inherit;\"><a style=\"border: 0px; color: #743399; font-size: 16px; line-height: 24px; margin: 0px; padding: 0px; vertical-align: baseline;\" href=\"https:\/\/bibliotequesescolarsgarraf.files.wordpress.com\/2013\/01\/fitxa_llibres-informatius.pdf\" target=\"_blank\" rel=\"noopener noreferrer\">Fitxa per valorar llibres de coneixements<\/a><span style=\"color: #333333; font-size: 16px; line-height: 24px;\">.<\/span><\/span><\/li>\n<\/ul>\n<div><span style=\"line-height: 24px;\">En el marc del seminari de coordinadors de cicle mitj\u00e0 del Pla de Formaci\u00f3 de Zona del Centre de Recursos Pedag\u00f2gics Baix Llobregat-6 es va dur a terme una an\u00e0lisi dels criteris de selecci\u00f3 de les lectures prescriptives dels centres de la demarcaci\u00f3. Podeu llegir-ho als materials corresponents a la segona sessi\u00f3 de <i style=\"font-weight: bold;\"><a href=\"https:\/\/es.slideshare.net\/reporteducacio\/la-promoci-de-la-lectura-a-cicle-mitj-valoraci-i-selecci-de-llibres-criteris\" target=\"_blank\" rel=\"noopener noreferrer\">La promoci\u00f3 de la lectura a cicle mitj\u00e0<\/a><\/i>.<\/span><\/div>\n<\/div>\n<\/div>\n<p>&nbsp;<\/p>\n","protected":false},"excerpt":{"rendered":"<p>Gemma Lluch \u00e9s una de les persones que m\u00e9s ha treballat en el camp de fixar criteris de selecci\u00f3 de llibres infantils i juvenils. De manera general els criteris de selecci\u00f3 que ens proposa es basen en: L\u2019edat del lector. En funci\u00f3 de l\u2019edat i els trets definitoris, les propostes de llibres varien segons tem\u00e0tica [&hellip;]<\/p>\n","protected":false},"author":1,"featured_media":0,"comment_status":"open","ping_status":"closed","sticky":false,"template":"","format":"standard","meta":{"_bbp_topic_count":0,"_bbp_reply_count":0,"_bbp_total_topic_count":0,"_bbp_total_reply_count":0,"_bbp_voice_count":0,"_bbp_anonymous_reply_count":0,"_bbp_topic_count_hidden":0,"_bbp_reply_count_hidden":0,"_bbp_forum_subforum_count":0,"site-sidebar-layout":"default","site-content-layout":"","ast-site-content-layout":"","site-content-style":"default","site-sidebar-style":"default","ast-global-header-display":"","ast-banner-title-visibility":"","ast-main-header-display":"","ast-hfb-above-header-display":"","ast-hfb-below-header-display":"","ast-hfb-mobile-header-display":"","site-post-title":"","ast-breadcrumbs-content":"","ast-featured-img":"","footer-sml-layout":"","theme-transparent-header-meta":"","adv-header-id-meta":"","stick-header-meta":"","header-above-stick-meta":"","header-main-stick-meta":"","header-below-stick-meta":"","astra-migrate-meta-layouts":"default","ast-page-background-enabled":"default","ast-page-background-meta":{"desktop":{"background-color":"var(--ast-global-color-4)","background-image":"","background-repeat":"repeat","background-position":"center center","background-size":"auto","background-attachment":"scroll","background-type":"","background-media":"","overlay-type":"","overlay-color":"","overlay-opacity":"","overlay-gradient":""},"tablet":{"background-color":"","background-image":"","background-repeat":"repeat","background-position":"center center","background-size":"auto","background-attachment":"scroll","background-type":"","background-media":"","overlay-type":"","overlay-color":"","overlay-opacity":"","overlay-gradient":""},"mobile":{"background-color":"","background-image":"","background-repeat":"repeat","background-position":"center center","background-size":"auto","background-attachment":"scroll","background-type":"","background-media":"","overlay-type":"","overlay-color":"","overlay-opacity":"","overlay-gradient":""}},"ast-content-background-meta":{"desktop":{"background-color":"var(--ast-global-color-5)","background-image":"","background-repeat":"repeat","background-position":"center center","background-size":"auto","background-attachment":"scroll","background-type":"","background-media":"","overlay-type":"","overlay-color":"","overlay-opacity":"","overlay-gradient":""},"tablet":{"background-color":"var(--ast-global-color-5)","background-image":"","background-repeat":"repeat","background-position":"center center","background-size":"auto","background-attachment":"scroll","background-type":"","background-media":"","overlay-type":"","overlay-color":"","overlay-opacity":"","overlay-gradient":""},"mobile":{"background-color":"var(--ast-global-color-5)","background-image":"","background-repeat":"repeat","background-position":"center center","background-size":"auto","background-attachment":"scroll","background-type":"","background-media":"","overlay-type":"","overlay-color":"","overlay-opacity":"","overlay-gradient":""}},"footnotes":""},"categories":[1078],"tags":[214,1436,1380,694,771,831,40],"class_list":["post-6993","post","type-post","status-publish","format-standard","hentry","category-informacions","tag-album-illustrat","tag-biblioreport","tag-illustracions","tag-literatura-infantil-i-juvenil","tag-novella","tag-poesia","tag-teatre"],"post_mailing_queue_ids":[],"_links":{"self":[{"href":"https:\/\/serveiseducatius.xtec.cat\/baixllobregat6\/wp-json\/wp\/v2\/posts\/6993","targetHints":{"allow":["GET"]}}],"collection":[{"href":"https:\/\/serveiseducatius.xtec.cat\/baixllobregat6\/wp-json\/wp\/v2\/posts"}],"about":[{"href":"https:\/\/serveiseducatius.xtec.cat\/baixllobregat6\/wp-json\/wp\/v2\/types\/post"}],"author":[{"embeddable":true,"href":"https:\/\/serveiseducatius.xtec.cat\/baixllobregat6\/wp-json\/wp\/v2\/users\/1"}],"replies":[{"embeddable":true,"href":"https:\/\/serveiseducatius.xtec.cat\/baixllobregat6\/wp-json\/wp\/v2\/comments?post=6993"}],"version-history":[{"count":3,"href":"https:\/\/serveiseducatius.xtec.cat\/baixllobregat6\/wp-json\/wp\/v2\/posts\/6993\/revisions"}],"predecessor-version":[{"id":25822,"href":"https:\/\/serveiseducatius.xtec.cat\/baixllobregat6\/wp-json\/wp\/v2\/posts\/6993\/revisions\/25822"}],"wp:attachment":[{"href":"https:\/\/serveiseducatius.xtec.cat\/baixllobregat6\/wp-json\/wp\/v2\/media?parent=6993"}],"wp:term":[{"taxonomy":"category","embeddable":true,"href":"https:\/\/serveiseducatius.xtec.cat\/baixllobregat6\/wp-json\/wp\/v2\/categories?post=6993"},{"taxonomy":"post_tag","embeddable":true,"href":"https:\/\/serveiseducatius.xtec.cat\/baixllobregat6\/wp-json\/wp\/v2\/tags?post=6993"}],"curies":[{"name":"wp","href":"https:\/\/api.w.org\/{rel}","templated":true}]}}