{"id":6959,"date":"2013-11-20T17:51:00","date_gmt":"2013-11-20T16:51:00","guid":{"rendered":"http:\/\/serveiseducatius.xtec.cat\/se-baixllobregat6\/general\/la-historia-que-en-roc-pons-no-coneixia\/"},"modified":"2016-02-08T13:21:12","modified_gmt":"2016-02-08T12:21:12","slug":"la-historia-que-en-roc-pons-no-coneixia","status":"publish","type":"post","link":"https:\/\/serveiseducatius.xtec.cat\/baixllobregat6\/biblioteca-escolar\/llibres-comentats\/narracions-infantils\/la-historia-que-en-roc-pons-no-coneixia\/","title":{"rendered":"La hist\u00f2ria que en Roc Pons no coneixia"},"content":{"rendered":"<div style=\"clear: both; text-align: center;\"><\/div>\n<div style=\"clear: both; text-align: center;\"><a href=\"http:\/\/1.bp.blogspot.com\/-P5cbZ7HyhBE\/Uozb6TOvJiI\/AAAAAAAAA_k\/BHfwadDO34E\/s1600\/la-historia-que-en-roc-pons-no-coneixia-9788424649470+%25281%2529.jpg\" style=\"clear: left; float: left; margin-bottom: 1em; margin-right: 1em;\"><img loading=\"lazy\" decoding=\"async\" border=\"0\" height=\"200\" src=\"http:\/\/1.bp.blogspot.com\/-P5cbZ7HyhBE\/Uozb6TOvJiI\/AAAAAAAAA_k\/BHfwadDO34E\/s200\/la-historia-que-en-roc-pons-no-coneixia-9788424649470+%25281%2529.jpg\" width=\"138\" \/><\/a><\/div>\n<p><b><u><span style=\"color: #38761d;\">DADES T\u00c8CNIQUES<\/span><\/u><\/b><br \/><b><i>Text<\/i><\/b>: Jaume Cabr\u00e9<br \/><b><i>Editorial<\/i><\/b>: La Galera<br \/><b><i>Any d\u2019edici\u00f3<\/i><\/b>: 2013<br \/><b><i>Format<\/i><\/b>: tapa dura<br \/><b><i>Idioma<\/i><\/b>: catal\u00e0<br \/><b><i>P\u00e0gines<\/i><\/b>: 153<br \/><i style=\"font-weight: bold;\">ISBN<\/i>:&nbsp;978-84-9883-626-4<br \/><b><i>Nivell<\/i><\/b>: Educaci\u00f3 prim\u00e0ria (Cicle Superior)<\/p>\n<p>La primera edici\u00f3 d&#8217;aquesta novel\u00b7la es va publicar el 1980 dins la col\u00b7lecci\u00f3 <b>Els Grumets <\/b>i el 1981 va ser guardonada amb el <b>Premi de la Cr\u00edtica Serra d&#8217;Or<\/b> i va entrar a la <b>Llista d&#8217;Honor del premi de la CCEI<\/b>.<\/p>\n<p>Per a presentar-vos aquesta obra utilitzarem el text que el web <a href=\"http:\/\/escriptors.cat\/\">escriptors.cat<\/a> dedica a en <a href=\"http:\/\/www.escriptors.cat\/autors\/cabrej\/index.php\" target=\"_blank\">Jaume Cabr\u00e9<\/a>, on s&#8217;hi detalla l&#8217;argument, s&#8217;explica el tema, es presenten els personatges i s&#8217;hi donen uns suggeriments did\u00e0ctics.<\/p>\n<p><b><span style=\"color: #274e13;\"><u>Edat de lectura<\/u><\/span><\/b><\/p>\n<blockquote><p>La complicitat del lector amb la hist\u00f2ria que protagonitza Roc Pons \u00e9s un element molt atractiu per recomanar la lectura d&#8217;aquesta novel\u00b7la a estudiants de 10 a 14 anys. Les aventures d&#8217;un noi qualsevol de la Barcelona de la fi del segle XX que apareix sense proposar-s&#8217;ho al comen\u00e7ament del XVIII serveixen per a despertar en el lector la curiositat per con\u00e8ixer una \u00e8poca que, com al mateix Roc Pons, li pot resultar del tot desconeguda.&nbsp;<\/p><\/blockquote>\n<p><span style=\"color: #274e13;\"><b><u>Argument&nbsp;<\/u><\/b><\/span><\/p>\n<blockquote><p>La utilitzaci\u00f3 del recurs cl\u00e0ssic de la m\u00e0quina del temps serveix per a situar Roc Pons, un noi de 1980, dos segles enrere, l&#8217;any 1714, en ple setge de Barcelona per les tropes de Felip V. Els esdeveniments del passat s\u00f3n viscuts en directe pel protagonista. Despr\u00e9s de la sorpresa inicial pel canvi d&#8217;\u00e8poca, Roc Pons s&#8217;implicar\u00e0 amb tota l&#8217;energia en els problemes tan dram\u00e0tics que van patir els seus avantpassats.<br \/>Un cop recuperat de la sorpresa inicial, cau presoner d&#8217;uns desaprensius delinq\u00fcents, que el retenen contra la seva voluntat. Despr\u00e9s d&#8217;aconseguir fugir del cau on l&#8217;havien retingut, coneix un noi de la seva edat, Pere, comprom\u00e8s en la lluita del seu pa\u00eds per mantenir la sobirania. Davant la precarietat de la situaci\u00f3 que travessa Barcelona, sotmesa a un setge molt estret, s&#8217;alia amb els seus avantpassats. Les aventures emocionants en qu\u00e8 es troba immers serviran a Roc Pons per a descobrir una identitat personal i hist\u00f2rica que per deixadesa havia ignorat.&nbsp;<\/p><\/blockquote>\n<p><span style=\"color: #274e13;\"><u><b>Tema<\/b><\/u><\/span><\/p>\n<blockquote><p>L&#8217;exploraci\u00f3 d&#8217;uns fets hist\u00f2rics determinants en la hist\u00f2ria de Catalunya centra l&#8217;inter\u00e8s de La hist\u00f2ria que en Roc Pons no coneixia. El coneixement prec\u00eds d&#8217;aquest passat seria indispensable per a entendre el present des d&#8217;una perspectiva m\u00e9s \u00e0mplia. La ignor\u00e0ncia de la hist\u00f2ria condueix a tenir una visi\u00f3 molt parcial dels fets que tenen lloc en els temps contemporanis.<br \/>Paral\u00b7lelament a aquest tema principal, la novel\u00b7la explora una tem\u00e0tica tractada amb amplitud per bona part de la literatura d&#8217;aquest segle, l&#8217;alteritat. Roc Pons troba el seu doble, Oleguer. L&#8217;exploraci\u00f3 d&#8217;aquesta relaci\u00f3 introdueix elements d&#8217;inquietud que donen una dimensi\u00f3 a l&#8217;obra que sens dubte l&#8217;enriqueix.&nbsp;<\/p><\/blockquote>\n<p><b><u><span style=\"color: #274e13;\">Personatges&nbsp;<\/span><\/u><\/b><\/p>\n<blockquote><p>Roc Pons \u00e9s el protagonista de la hist\u00f2ria. \u00c9s un noi del tot normal, que es troba immers en una aventura extraordin\u00e0ria per atzar. Enfrontar-se a unes situacions ins\u00f2lites el far\u00e0 reflexionar sobre les arrels hist\u00f2riques de la Catalunya del seu temps. Els personatges que troba a la Barcelona del 1714 li serveixen per a endinsar-se i implicar-se en uns fets decisius des del punt de vista hist\u00f2ric.&nbsp;<\/p><\/blockquote>\n<p><b><u><span style=\"color: #274e13;\">Suggeriments did\u00e0ctics&nbsp;<\/span><\/u><\/b><\/p>\n<blockquote><p>1. L&#8217;objectiu did\u00e0ctic de la novel\u00b7la consisteix a proporcionar informaci\u00f3 sobre el setge de Barcelona de 1714 i despertar en general la curiositat pel coneixement de la hist\u00f2ria del pa\u00eds. \u00c9s molt recomanable que es completi la lectura del llibre amb la recerca de dades sobre la vida a la Barcelona del segle XVIII.<br \/>2. La inclusi\u00f3 de personatges reals en obres de ficci\u00f3 \u00e9s un recurs utilitzat sovint per Jaume Cabr\u00e9. A La hist\u00f2ria que en Roc Pons no coneixia apareixen dos personatges, Antoni Desvalls i el tinent Masd\u00e9u, documentats hist\u00f2ricament. Els alumnes han de buscar informaci\u00f3 sobre la seva vida i, especialment, sobre la intervenci\u00f3 que van tenir en els fets que es relaten a la novel\u00b7la.<br \/>3. Un dels episodis m\u00e9s divertits de la novel\u00b7la \u00e9s aquell en qu\u00e8 Roc Pons explica als delinq\u00fcents de la taverna com s\u00f3n els objectes i els mitjans de locomoci\u00f3 del segle XX. La barreja de realitat i d&#8217;imaginaci\u00f3 crea unes situacions desconcertants. Els lectors de La hist\u00f2ria que en Roc Pons no coneixia haurien de cercar relacions semblants. Una pr\u00e0ctica enriquidora consisteix a triar tres objectes d&#8217;\u00fas quotidi\u00e0 i descriure&#8217;ls com si s&#8217;haguessin d&#8217;explicar a una persona que vingu\u00e9s d&#8217;una altra \u00e8poca.<br \/>4. El canvi d&#8217;\u00e8poca mitjan\u00e7ant una m\u00e0quina del temps \u00e9s for\u00e7a habitual en literatura i cinema. Es tractaria d&#8217;elaborar una llista de pel\u00b7l\u00edcules i novel\u00b7les en qu\u00e8 es faci servir aquest petit truc. Un cop posada en com\u00fa tota la informaci\u00f3 que s&#8217;hagi pogut aconseguir, cada noi i noia ha de decidir a quina \u00e8poca li agradaria traslladar-se.<br \/>5. Roc Pons se sorpr\u00e8n que els homes de la taverna no coneguin el monument a Colom de Barcelona. No \u00e9s d&#8217;estranyar. Per posar-se en la pell del protagonista, \u00e9s interessant imaginar quins canvis arquitect\u00f2nics i urban\u00edstics s&#8217;han produ\u00eft a Barcelona en aquests gaireb\u00e9 tres-cents anys.<br \/>6. El cognom del protagonista, Pons, tal com se&#8217;ns apunta a la novel\u00b7la, ha patit variacions ortogr\u00e0fiques al llarg dels anys. \u00c9s un cas ben normal. Com \u00e9s sabut, les deformacions en els registres de noms han fet que apareguessin unes grafies noves o que en desapareguessin d&#8217;altres. Fer una llista de cognoms on constin les diverses maneres en qu\u00e8 es escrit el mateix cognom en l&#8217;actualitat \u00e9s un exercici molt il\u00b7lustratiu de l&#8217;evoluci\u00f3 de les grafies dels noms catalans. Saber el significat de cadascun \u00e9s una pr\u00e0ctica posterior que afegeix elements nous d&#8217;estudi.&nbsp;<\/p><\/blockquote>\n","protected":false},"excerpt":{"rendered":"<p>DADES T\u00c8CNIQUESText: Jaume Cabr\u00e9Editorial: La GaleraAny d\u2019edici\u00f3: 2013Format: tapa duraIdioma: catal\u00e0P\u00e0gines: 153ISBN:&nbsp;978-84-9883-626-4Nivell: Educaci\u00f3 prim\u00e0ria (Cicle Superior) La primera edici\u00f3 d&#8217;aquesta novel\u00b7la es va publicar el 1980 dins la col\u00b7lecci\u00f3 Els Grumets i el 1981 va ser guardonada amb el Premi de la Cr\u00edtica Serra d&#8217;Or i va entrar a la Llista d&#8217;Honor del premi de [&hellip;]<\/p>\n","protected":false},"author":1,"featured_media":0,"comment_status":"open","ping_status":"open","sticky":false,"template":"","format":"standard","meta":{"_bbp_topic_count":0,"_bbp_reply_count":0,"_bbp_total_topic_count":0,"_bbp_total_reply_count":0,"_bbp_voice_count":0,"_bbp_anonymous_reply_count":0,"_bbp_topic_count_hidden":0,"_bbp_reply_count_hidden":0,"_bbp_forum_subforum_count":0,"site-sidebar-layout":"default","site-content-layout":"","ast-site-content-layout":"","site-content-style":"default","site-sidebar-style":"default","ast-global-header-display":"","ast-banner-title-visibility":"","ast-main-header-display":"","ast-hfb-above-header-display":"","ast-hfb-below-header-display":"","ast-hfb-mobile-header-display":"","site-post-title":"","ast-breadcrumbs-content":"","ast-featured-img":"","footer-sml-layout":"","theme-transparent-header-meta":"","adv-header-id-meta":"","stick-header-meta":"","header-above-stick-meta":"","header-main-stick-meta":"","header-below-stick-meta":"","astra-migrate-meta-layouts":"default","ast-page-background-enabled":"default","ast-page-background-meta":{"desktop":{"background-color":"var(--ast-global-color-4)","background-image":"","background-repeat":"repeat","background-position":"center center","background-size":"auto","background-attachment":"scroll","background-type":"","background-media":"","overlay-type":"","overlay-color":"","overlay-opacity":"","overlay-gradient":""},"tablet":{"background-color":"","background-image":"","background-repeat":"repeat","background-position":"center center","background-size":"auto","background-attachment":"scroll","background-type":"","background-media":"","overlay-type":"","overlay-color":"","overlay-opacity":"","overlay-gradient":""},"mobile":{"background-color":"","background-image":"","background-repeat":"repeat","background-position":"center center","background-size":"auto","background-attachment":"scroll","background-type":"","background-media":"","overlay-type":"","overlay-color":"","overlay-opacity":"","overlay-gradient":""}},"ast-content-background-meta":{"desktop":{"background-color":"var(--ast-global-color-5)","background-image":"","background-repeat":"repeat","background-position":"center center","background-size":"auto","background-attachment":"scroll","background-type":"","background-media":"","overlay-type":"","overlay-color":"","overlay-opacity":"","overlay-gradient":""},"tablet":{"background-color":"var(--ast-global-color-5)","background-image":"","background-repeat":"repeat","background-position":"center center","background-size":"auto","background-attachment":"scroll","background-type":"","background-media":"","overlay-type":"","overlay-color":"","overlay-opacity":"","overlay-gradient":""},"mobile":{"background-color":"var(--ast-global-color-5)","background-image":"","background-repeat":"repeat","background-position":"center center","background-size":"auto","background-attachment":"scroll","background-type":"","background-media":"","overlay-type":"","overlay-color":"","overlay-opacity":"","overlay-gradient":""}},"footnotes":""},"categories":[1089],"tags":[187,1436,597,1315,771],"class_list":["post-6959","post","type-post","status-publish","format-standard","hentry","category-narracions-infantils","tag-187","tag-biblioreport","tag-historia","tag-llibres-dimaginacio-i3","tag-novella"],"post_mailing_queue_ids":[],"_links":{"self":[{"href":"https:\/\/serveiseducatius.xtec.cat\/baixllobregat6\/wp-json\/wp\/v2\/posts\/6959","targetHints":{"allow":["GET"]}}],"collection":[{"href":"https:\/\/serveiseducatius.xtec.cat\/baixllobregat6\/wp-json\/wp\/v2\/posts"}],"about":[{"href":"https:\/\/serveiseducatius.xtec.cat\/baixllobregat6\/wp-json\/wp\/v2\/types\/post"}],"author":[{"embeddable":true,"href":"https:\/\/serveiseducatius.xtec.cat\/baixllobregat6\/wp-json\/wp\/v2\/users\/1"}],"replies":[{"embeddable":true,"href":"https:\/\/serveiseducatius.xtec.cat\/baixllobregat6\/wp-json\/wp\/v2\/comments?post=6959"}],"version-history":[{"count":1,"href":"https:\/\/serveiseducatius.xtec.cat\/baixllobregat6\/wp-json\/wp\/v2\/posts\/6959\/revisions"}],"predecessor-version":[{"id":7425,"href":"https:\/\/serveiseducatius.xtec.cat\/baixllobregat6\/wp-json\/wp\/v2\/posts\/6959\/revisions\/7425"}],"wp:attachment":[{"href":"https:\/\/serveiseducatius.xtec.cat\/baixllobregat6\/wp-json\/wp\/v2\/media?parent=6959"}],"wp:term":[{"taxonomy":"category","embeddable":true,"href":"https:\/\/serveiseducatius.xtec.cat\/baixllobregat6\/wp-json\/wp\/v2\/categories?post=6959"},{"taxonomy":"post_tag","embeddable":true,"href":"https:\/\/serveiseducatius.xtec.cat\/baixllobregat6\/wp-json\/wp\/v2\/tags?post=6959"}],"curies":[{"name":"wp","href":"https:\/\/api.w.org\/{rel}","templated":true}]}}