{"id":6954,"date":"2013-12-12T17:21:00","date_gmt":"2013-12-12T16:21:00","guid":{"rendered":"http:\/\/serveiseducatius.xtec.cat\/se-baixllobregat6\/general\/seminari-de-biblioteques-escolars-13-14-3a-sessio\/"},"modified":"2016-02-08T17:52:54","modified_gmt":"2016-02-08T16:52:54","slug":"seminari-de-biblioteques-escolars-13-14-3a-sessio","status":"publish","type":"post","link":"https:\/\/serveiseducatius.xtec.cat\/baixllobregat6\/biblioteca-escolar\/seminari-de-biblioteques-escolars\/seminari-de-biblioteques-escolars-13-14-3a-sessio\/","title":{"rendered":"Seminari de biblioteques escolars 13 &#8211; 14. 3a sessi\u00f3"},"content":{"rendered":"<p><span style=\"background-color: white; color: #333333; font-family: Arial, Tahoma, Helvetica, FreeSans, sans-serif; font-size: 15px; line-height: 20px;\">A la tercera sessi\u00f3 s&#8217;han tractat els seg\u00fcents temes:<\/span><\/p>\n<ul style=\"background-color: white; color: #333333; font-family: Arial, Tahoma, Helvetica, FreeSans, sans-serif; font-size: 15px; line-height: 20px; list-style-image: initial; list-style-position: initial; margin: 0.5em 0px; padding: 0px 2.5em;\">\n<li style=\"border: none; margin: 0px 0px 0.25em; padding: 0px;\">Proposta d&#8217;una activitat compartida sobre \u00e0lbums il\u00b7lustrats. La informaci\u00f3 es far\u00e0 arribar a trav\u00e9s de documents de treball intern<\/li>\n<li style=\"border: none; margin: 0px 0px 0.25em; padding: 0px;\">Valoraci\u00f3 de llibres de coneixements per part dels assistents, seguint el model de fitxa del seminari de biblioteques escolars del Garraf.<\/li>\n<li style=\"border: none; margin: 0px 0px 0.25em; padding: 0px;\">Presentaci\u00f3 de la col\u00b7lecci\u00f3 d&#8217;educaci\u00f3 emocional <b><a href=\"http:\/\/biblioreport1.blogspot.com\/2013\/12\/els-dinosaures-tambe-tenen-sentiments.html\" target=\"_blank\">Els dinosaures tamb\u00e9 tenen sentiments<\/a><\/b>&nbsp;de l&#8217;Editorial Barcanova.<\/li>\n<li style=\"border: none; margin: 0px 0px 0.25em; padding: 0px;\">Presentaci\u00f3 de lectures relacionades amb la commemoraci\u00f3 del Tricentenari: <a href=\"http:\/\/reporteducacio.cat\/archives\/4371\" style=\"font-weight: bold;\" target=\"_blank\">Itinerari lector sobre els fets de 1714<\/a>&nbsp;fent una especial incid\u00e8ncia als tres llibres adre\u00e7ats a educaci\u00f3 prim\u00e0ria: <i style=\"font-weight: bold;\"><a href=\"http:\/\/biblioreport1.blogspot.com\/2013\/11\/els-nens-del-born.html\" target=\"_blank\">Els nens del Born<\/a><\/i>, <i style=\"font-weight: bold;\"><a href=\"http:\/\/biblioreport1.blogspot.com\/2013\/11\/aquell-dia-de-1714.html\" target=\"_blank\">Aquell dia de 1714<\/a><\/i>&nbsp;i <i style=\"font-weight: bold;\"><a href=\"http:\/\/biblioreport1.blogspot.com\/2013\/11\/la-historia-que-en-roc-pons-no-coneixia.html\" target=\"_blank\">La hist\u00f2ria que en Roc Pons no coneixia<\/a><\/i>.&nbsp;<\/li>\n<li style=\"border: none; margin: 0px 0px 0.25em; padding: 0px;\">Com classifiquem els llibres de coneixements d&#8217;educaci\u00f3 infantil? Sobre aquest tema es va fer una primera aproximaci\u00f3 i es va quedar que a la propera sessi\u00f3 s&#8217;hi aprofundiria.<\/li>\n<\/ul>\n<div><span style=\"color: #333333; font-family: Arial, Tahoma, Helvetica, FreeSans, sans-serif; font-size: 15px; line-height: 20px;\">La propera sessi\u00f3, la quarta, \u00e9s el <\/span><b style=\"color: #333333; font-family: Arial, Tahoma, Helvetica, FreeSans, sans-serif; font-size: 15px; line-height: 20px;\">20 de gener de 2014<\/b><span style=\"color: #333333; font-family: Arial, Tahoma, Helvetica, FreeSans, sans-serif; font-size: 15px; line-height: 20px;\">, al Servei Educatiu Baix Llobregat-6.<\/span><\/div>\n<div><\/p>\n<ul>\n<li><span style=\"color: #333333; font-family: Arial, Tahoma, Helvetica, FreeSans, sans-serif;\"><span style=\"font-size: 15px; line-height: 20px;\">Una de les feines que es faran a la propera sessi\u00f3 versar\u00e0 activitats de cerca d&#8217;informaci\u00f3 a partir dels llibres de coneixements. Es va repartir un <b><a href=\"https:\/\/drive.google.com\/file\/d\/0B58Brw5wa9U1S0Zlbld1djFCTVE\/edit?usp=sharing\" target=\"_blank\">document<\/a><\/b> amb exemples d&#8217;activitats.<\/span><\/span><\/li>\n<\/ul>\n<\/div>\n","protected":false},"excerpt":{"rendered":"<p>A la tercera sessi\u00f3 s&#8217;han tractat els seg\u00fcents temes: Proposta d&#8217;una activitat compartida sobre \u00e0lbums il\u00b7lustrats. La informaci\u00f3 es far\u00e0 arribar a trav\u00e9s de documents de treball intern Valoraci\u00f3 de llibres de coneixements per part dels assistents, seguint el model de fitxa del seminari de biblioteques escolars del Garraf. Presentaci\u00f3 de la col\u00b7lecci\u00f3 d&#8217;educaci\u00f3 emocional [&hellip;]<\/p>\n","protected":false},"author":1,"featured_media":0,"comment_status":"open","ping_status":"open","sticky":false,"template":"","format":"standard","meta":{"_bbp_topic_count":0,"_bbp_reply_count":0,"_bbp_total_topic_count":0,"_bbp_total_reply_count":0,"_bbp_voice_count":0,"_bbp_anonymous_reply_count":0,"_bbp_topic_count_hidden":0,"_bbp_reply_count_hidden":0,"_bbp_forum_subforum_count":0,"site-sidebar-layout":"default","site-content-layout":"","ast-site-content-layout":"","site-content-style":"default","site-sidebar-style":"default","ast-global-header-display":"","ast-banner-title-visibility":"","ast-main-header-display":"","ast-hfb-above-header-display":"","ast-hfb-below-header-display":"","ast-hfb-mobile-header-display":"","site-post-title":"","ast-breadcrumbs-content":"","ast-featured-img":"","footer-sml-layout":"","theme-transparent-header-meta":"","adv-header-id-meta":"","stick-header-meta":"","header-above-stick-meta":"","header-main-stick-meta":"","header-below-stick-meta":"","astra-migrate-meta-layouts":"default","ast-page-background-enabled":"default","ast-page-background-meta":{"desktop":{"background-color":"var(--ast-global-color-4)","background-image":"","background-repeat":"repeat","background-position":"center center","background-size":"auto","background-attachment":"scroll","background-type":"","background-media":"","overlay-type":"","overlay-color":"","overlay-opacity":"","overlay-gradient":""},"tablet":{"background-color":"","background-image":"","background-repeat":"repeat","background-position":"center center","background-size":"auto","background-attachment":"scroll","background-type":"","background-media":"","overlay-type":"","overlay-color":"","overlay-opacity":"","overlay-gradient":""},"mobile":{"background-color":"","background-image":"","background-repeat":"repeat","background-position":"center center","background-size":"auto","background-attachment":"scroll","background-type":"","background-media":"","overlay-type":"","overlay-color":"","overlay-opacity":"","overlay-gradient":""}},"ast-content-background-meta":{"desktop":{"background-color":"var(--ast-global-color-5)","background-image":"","background-repeat":"repeat","background-position":"center center","background-size":"auto","background-attachment":"scroll","background-type":"","background-media":"","overlay-type":"","overlay-color":"","overlay-opacity":"","overlay-gradient":""},"tablet":{"background-color":"var(--ast-global-color-5)","background-image":"","background-repeat":"repeat","background-position":"center center","background-size":"auto","background-attachment":"scroll","background-type":"","background-media":"","overlay-type":"","overlay-color":"","overlay-opacity":"","overlay-gradient":""},"mobile":{"background-color":"var(--ast-global-color-5)","background-image":"","background-repeat":"repeat","background-position":"center center","background-size":"auto","background-attachment":"scroll","background-type":"","background-media":"","overlay-type":"","overlay-color":"","overlay-opacity":"","overlay-gradient":""}},"footnotes":""},"categories":[1071],"tags":[1436],"class_list":["post-6954","post","type-post","status-publish","format-standard","hentry","category-seminari-de-biblioteques-escolars","tag-biblioreport"],"post_mailing_queue_ids":[],"_links":{"self":[{"href":"https:\/\/serveiseducatius.xtec.cat\/baixllobregat6\/wp-json\/wp\/v2\/posts\/6954","targetHints":{"allow":["GET"]}}],"collection":[{"href":"https:\/\/serveiseducatius.xtec.cat\/baixllobregat6\/wp-json\/wp\/v2\/posts"}],"about":[{"href":"https:\/\/serveiseducatius.xtec.cat\/baixllobregat6\/wp-json\/wp\/v2\/types\/post"}],"author":[{"embeddable":true,"href":"https:\/\/serveiseducatius.xtec.cat\/baixllobregat6\/wp-json\/wp\/v2\/users\/1"}],"replies":[{"embeddable":true,"href":"https:\/\/serveiseducatius.xtec.cat\/baixllobregat6\/wp-json\/wp\/v2\/comments?post=6954"}],"version-history":[{"count":1,"href":"https:\/\/serveiseducatius.xtec.cat\/baixllobregat6\/wp-json\/wp\/v2\/posts\/6954\/revisions"}],"predecessor-version":[{"id":7518,"href":"https:\/\/serveiseducatius.xtec.cat\/baixllobregat6\/wp-json\/wp\/v2\/posts\/6954\/revisions\/7518"}],"wp:attachment":[{"href":"https:\/\/serveiseducatius.xtec.cat\/baixllobregat6\/wp-json\/wp\/v2\/media?parent=6954"}],"wp:term":[{"taxonomy":"category","embeddable":true,"href":"https:\/\/serveiseducatius.xtec.cat\/baixllobregat6\/wp-json\/wp\/v2\/categories?post=6954"},{"taxonomy":"post_tag","embeddable":true,"href":"https:\/\/serveiseducatius.xtec.cat\/baixllobregat6\/wp-json\/wp\/v2\/tags?post=6954"}],"curies":[{"name":"wp","href":"https:\/\/api.w.org\/{rel}","templated":true}]}}