{"id":6919,"date":"2014-09-26T08:12:00","date_gmt":"2014-09-26T07:12:00","guid":{"rendered":"http:\/\/serveiseducatius.xtec.cat\/se-baixllobregat6\/general\/jornada-literatura-i-educacio-un-dialeg-imprescindible\/"},"modified":"2016-02-08T12:49:08","modified_gmt":"2016-02-08T11:49:08","slug":"jornada-literatura-i-educacio-un-dialeg-imprescindible","status":"publish","type":"post","link":"https:\/\/serveiseducatius.xtec.cat\/baixllobregat6\/biblioteca-escolar\/informacions\/jornada-literatura-i-educacio-un-dialeg-imprescindible\/","title":{"rendered":"Jornada Literatura i Educaci\u00f3 &#8220;Un di\u00e0leg imprescindible&#8221;"},"content":{"rendered":"<div style=\"clear: both; text-align: center;\"><a href=\"http:\/\/1.bp.blogspot.com\/-CoTvuNSn9J4\/VCUPmtOvhGI\/AAAAAAAABm0\/DETgHmOQvPo\/s1600\/JordRosaSensat%C3%A7.jpg\" style=\"clear: left; float: left; margin-bottom: 1em; margin-right: 1em;\"><img loading=\"lazy\" decoding=\"async\" border=\"0\" src=\"http:\/\/1.bp.blogspot.com\/-CoTvuNSn9J4\/VCUPmtOvhGI\/AAAAAAAABm0\/DETgHmOQvPo\/s1600\/JordRosaSensat%C3%A7.jpg\" height=\"200\" width=\"150\" \/><\/a><\/div>\n<p>L&#8217;<a href=\"http:\/\/www2.rosasensat.org\/\" target=\"_blank\">Associaci\u00f3 de Mestres Rosa Sensat <\/a>organitza la <b>Jornada Literatura i Educaci\u00f3 &#8220;Un di\u00e0leg imprescindible&#8221; <\/b>amb l&#8217;objectiu que sigui un&nbsp;espai on diferents professionals i experts del m\u00f3n literari puguin debatre sobre diferents aspectes relacionats amb la literatura infantil i juvenil.<\/p>\n<p>Se celebrar\u00e0 a Barcelona el 22 de novembre de 2014 als locals de l&#8217;Associaci\u00f3 de l&#8217;avinguda de les Drassanes, n\u00fam 3.<\/p>\n<p>Podeu llegir el programa i fer-ne la inscripci\u00f3 clicant <b><a href=\"http:\/\/www2.rosasensat.org\/pagina\/jornada-literatura-i-educacio\" target=\"_blank\">AQU\u00cd<\/a><\/b>.<\/p>\n","protected":false},"excerpt":{"rendered":"<p>L&#8217;Associaci\u00f3 de Mestres Rosa Sensat organitza la Jornada Literatura i Educaci\u00f3 &#8220;Un di\u00e0leg imprescindible&#8221; amb l&#8217;objectiu que sigui un&nbsp;espai on diferents professionals i experts del m\u00f3n literari puguin debatre sobre diferents aspectes relacionats amb la literatura infantil i juvenil. Se celebrar\u00e0 a Barcelona el 22 de novembre de 2014 als locals de l&#8217;Associaci\u00f3 de l&#8217;avinguda [&hellip;]<\/p>\n","protected":false},"author":1,"featured_media":0,"comment_status":"open","ping_status":"open","sticky":false,"template":"","format":"standard","meta":{"_bbp_topic_count":0,"_bbp_reply_count":0,"_bbp_total_topic_count":0,"_bbp_total_reply_count":0,"_bbp_voice_count":0,"_bbp_anonymous_reply_count":0,"_bbp_topic_count_hidden":0,"_bbp_reply_count_hidden":0,"_bbp_forum_subforum_count":0,"site-sidebar-layout":"default","site-content-layout":"","ast-site-content-layout":"","site-content-style":"default","site-sidebar-style":"default","ast-global-header-display":"","ast-banner-title-visibility":"","ast-main-header-display":"","ast-hfb-above-header-display":"","ast-hfb-below-header-display":"","ast-hfb-mobile-header-display":"","site-post-title":"","ast-breadcrumbs-content":"","ast-featured-img":"","footer-sml-layout":"","theme-transparent-header-meta":"","adv-header-id-meta":"","stick-header-meta":"","header-above-stick-meta":"","header-main-stick-meta":"","header-below-stick-meta":"","astra-migrate-meta-layouts":"default","ast-page-background-enabled":"default","ast-page-background-meta":{"desktop":{"background-color":"var(--ast-global-color-4)","background-image":"","background-repeat":"repeat","background-position":"center center","background-size":"auto","background-attachment":"scroll","background-type":"","background-media":"","overlay-type":"","overlay-color":"","overlay-opacity":"","overlay-gradient":""},"tablet":{"background-color":"","background-image":"","background-repeat":"repeat","background-position":"center center","background-size":"auto","background-attachment":"scroll","background-type":"","background-media":"","overlay-type":"","overlay-color":"","overlay-opacity":"","overlay-gradient":""},"mobile":{"background-color":"","background-image":"","background-repeat":"repeat","background-position":"center center","background-size":"auto","background-attachment":"scroll","background-type":"","background-media":"","overlay-type":"","overlay-color":"","overlay-opacity":"","overlay-gradient":""}},"ast-content-background-meta":{"desktop":{"background-color":"var(--ast-global-color-5)","background-image":"","background-repeat":"repeat","background-position":"center center","background-size":"auto","background-attachment":"scroll","background-type":"","background-media":"","overlay-type":"","overlay-color":"","overlay-opacity":"","overlay-gradient":""},"tablet":{"background-color":"var(--ast-global-color-5)","background-image":"","background-repeat":"repeat","background-position":"center center","background-size":"auto","background-attachment":"scroll","background-type":"","background-media":"","overlay-type":"","overlay-color":"","overlay-opacity":"","overlay-gradient":""},"mobile":{"background-color":"var(--ast-global-color-5)","background-image":"","background-repeat":"repeat","background-position":"center center","background-size":"auto","background-attachment":"scroll","background-type":"","background-media":"","overlay-type":"","overlay-color":"","overlay-opacity":"","overlay-gradient":""}},"footnotes":""},"categories":[1078],"tags":[1436,693,695],"class_list":["post-6919","post","type-post","status-publish","format-standard","hentry","category-informacions","tag-biblioreport","tag-literatura-infantil","tag-literatura-juvenil"],"post_mailing_queue_ids":[],"_links":{"self":[{"href":"https:\/\/serveiseducatius.xtec.cat\/baixllobregat6\/wp-json\/wp\/v2\/posts\/6919","targetHints":{"allow":["GET"]}}],"collection":[{"href":"https:\/\/serveiseducatius.xtec.cat\/baixllobregat6\/wp-json\/wp\/v2\/posts"}],"about":[{"href":"https:\/\/serveiseducatius.xtec.cat\/baixllobregat6\/wp-json\/wp\/v2\/types\/post"}],"author":[{"embeddable":true,"href":"https:\/\/serveiseducatius.xtec.cat\/baixllobregat6\/wp-json\/wp\/v2\/users\/1"}],"replies":[{"embeddable":true,"href":"https:\/\/serveiseducatius.xtec.cat\/baixllobregat6\/wp-json\/wp\/v2\/comments?post=6919"}],"version-history":[{"count":1,"href":"https:\/\/serveiseducatius.xtec.cat\/baixllobregat6\/wp-json\/wp\/v2\/posts\/6919\/revisions"}],"predecessor-version":[{"id":7320,"href":"https:\/\/serveiseducatius.xtec.cat\/baixllobregat6\/wp-json\/wp\/v2\/posts\/6919\/revisions\/7320"}],"wp:attachment":[{"href":"https:\/\/serveiseducatius.xtec.cat\/baixllobregat6\/wp-json\/wp\/v2\/media?parent=6919"}],"wp:term":[{"taxonomy":"category","embeddable":true,"href":"https:\/\/serveiseducatius.xtec.cat\/baixllobregat6\/wp-json\/wp\/v2\/categories?post=6919"},{"taxonomy":"post_tag","embeddable":true,"href":"https:\/\/serveiseducatius.xtec.cat\/baixllobregat6\/wp-json\/wp\/v2\/tags?post=6919"}],"curies":[{"name":"wp","href":"https:\/\/api.w.org\/{rel}","templated":true}]}}