{"id":6918,"date":"2014-09-26T09:49:00","date_gmt":"2014-09-26T08:49:00","guid":{"rendered":"http:\/\/serveiseducatius.xtec.cat\/se-baixllobregat6\/general\/hem-rebut-de-leditorial-barcanova-2\/"},"modified":"2016-02-08T12:35:00","modified_gmt":"2016-02-08T11:35:00","slug":"hem-rebut-de-leditorial-barcanova-2","status":"publish","type":"post","link":"https:\/\/serveiseducatius.xtec.cat\/baixllobregat6\/biblioteca-escolar\/informacions\/literatura-infantil-i-juvenil\/hem-rebut-de-leditorial-barcanova-2\/","title":{"rendered":"Hem rebut de&#8230; l&#8217;editorial Barcanova"},"content":{"rendered":"<p>A la biblioteca del Servei Educatiu Baix Llobregat-6 hem rebut de l&#8217;<a href=\"http:\/\/www.barcanovainfantilijuvenil.cat\/\" target=\"_blank\"><b>editorial Barcanova<\/b><\/a>&nbsp;un seguit de llibres adre\u00e7ats a l&#8217;alumnat de <b><span style=\"color: #660000;\">cicle mitj\u00e0<\/span><\/b>&nbsp;(Col\u00b7lecci\u00f3 Sopa de Llibres. S\u00e8rie Taronja) que llegirem amb atenci\u00f3 i en farem difusi\u00f3 entre les escoles de la nostra demarcaci\u00f3 territorial.<\/p>\n<div style=\"clear: both; text-align: center;\"><a href=\"http:\/\/4.bp.blogspot.com\/-sB50fZitayU\/VCUmq0XlMnI\/AAAAAAAABnA\/IRBrLkSKa1o\/s1600\/BG00184501.jpg\" style=\"clear: left; float: left; margin-bottom: 1em; margin-right: 1em;\"><img loading=\"lazy\" decoding=\"async\" border=\"0\" src=\"http:\/\/4.bp.blogspot.com\/-sB50fZitayU\/VCUmq0XlMnI\/AAAAAAAABnA\/IRBrLkSKa1o\/s1600\/BG00184501.jpg\" height=\"200\" width=\"131\" \/><\/a><\/div>\n<p><i><b>La biblioteca abandonada<\/b>, <\/i>d&#8217;Elena Bigas i Mayans<br \/>Ens trobem en un futur proper, dins la biblioteca d&#8217;una escola qualsevol. Els llibres, ben ordenats a les prestatgeries, estan avorrits; se senten abandonats per tot el personal del centre, ning\u00fa no els fa cas. Les lletres d&#8217;aquests llibres tenen una gran necessitat de ser mirades, acariciades i llegides; per aquest motiu no resten quietes davant l&#8217;aband\u00f3 i organitzen una rebel\u00b7li\u00f3 liderada per les lletres maj\u00fascules. Tenint en compte la vulnerabilitat de les lletres, aquest fet \u00e9s extraordin\u00e0riament perill\u00f3s. Les lletres saben molt b\u00e9 el que volen. Per\u00f2 ho aconseguiran?<\/p>\n<p><i style=\"font-weight: bold;\"><br \/><\/i><\/p>\n<div style=\"clear: both; text-align: center;\"><a href=\"http:\/\/2.bp.blogspot.com\/-aXBJob7LlVI\/VCUm5-KlShI\/AAAAAAAABnY\/Gn5bALOhkX8\/s1600\/BG00169001.jpg\" style=\"clear: left; float: left; margin-bottom: 1em; margin-right: 1em;\"><img loading=\"lazy\" decoding=\"async\" border=\"0\" src=\"http:\/\/2.bp.blogspot.com\/-aXBJob7LlVI\/VCUm5-KlShI\/AAAAAAAABnY\/Gn5bALOhkX8\/s1600\/BG00169001.jpg\" height=\"200\" width=\"132\" \/><\/a><\/div>\n<p><i style=\"font-weight: bold;\">Ant\u00f2nia Purpurina<\/i>, de Maria Espluga<br \/>L&#8217;Ant\u00f2nia Purpurina \u00e9s una nena una mica especial, d&#8217;una fam\u00edlia una mica especial. La seva mare sempre \u00e9s fora amb la companyia de teatre i l&#8217;Ant\u00f2nia, des de ben petita, viu amb la seva \u00e0via Matilde. No ha anat mai a escola i aix\u00f2 \u00e9s el que m\u00e9s desitja. Finalment, arriba el dia que tant ha esperat.<\/p>\n<div style=\"clear: both; text-align: center;\"><a href=\"http:\/\/2.bp.blogspot.com\/-sY2SMQRl9eI\/VCUm5IpvTuI\/AAAAAAAABnQ\/lZeToH3WmFA\/s1600\/BG00162001.jpg\" style=\"clear: left; float: left; margin-bottom: 1em; margin-right: 1em;\"><img loading=\"lazy\" decoding=\"async\" border=\"0\" src=\"http:\/\/2.bp.blogspot.com\/-sY2SMQRl9eI\/VCUm5IpvTuI\/AAAAAAAABnQ\/lZeToH3WmFA\/s1600\/BG00162001.jpg\" height=\"200\" width=\"130\" \/><\/a><\/div>\n<p><i style=\"font-weight: bold;\">El pot de les enrabiades<\/i>, de Maria \u00c0ngels Juanmiquel<br \/>La Paula \u00e9s afectuosa i juganera, per\u00f2 t\u00e9 mal geni. Per poca cosa s&#8217;enrabia i aix\u00f2 li porta for\u00e7a problemes. Fins al dia que el pare i la mare li donen un pot de llauna gros, que els han regalat en una parada del mercat. Qu\u00e8 volen que en faci, d&#8217;una llauna buida i vella? Per\u00f2 aviat hi trobar\u00e0 una utilitat: hi cridar\u00e0 les paraules enrabiades a dins i aix\u00ed ning\u00fa no la sentir\u00e0 rondinar. Poc es pensa que aix\u00f2 li portar\u00e0 m\u00e9s problemes que no compta. Si vol sortir de l&#8217;embolic, haur\u00e0 de fer un pacte.<\/p>\n<p><\/p>\n<div style=\"clear: both; text-align: center;\"><a href=\"http:\/\/2.bp.blogspot.com\/-9-aKZwNu2KM\/VCUm5ZuGFDI\/AAAAAAAABoI\/GSro8LSu0ps\/s1600\/BG00168701.jpg\" style=\"clear: left; float: left; margin-bottom: 1em; margin-right: 1em;\"><img loading=\"lazy\" decoding=\"async\" border=\"0\" src=\"http:\/\/2.bp.blogspot.com\/-9-aKZwNu2KM\/VCUm5ZuGFDI\/AAAAAAAABoI\/GSro8LSu0ps\/s1600\/BG00168701.jpg\" height=\"200\" width=\"131\" \/><\/a><\/div>\n<p><b><i>Cris, el follet de l&#8217;espai<\/i><\/b><i>, <\/i>de Jordi Ortiz<br \/>Els quaranta tripulants d&#8217;una nau espacial queden sense sentits en travessar un n\u00favol de pols interestel\u00b7lar. Nom\u00e9s dos nens continuen desperts. Cercant ajuda, s&#8217;embarquen en una nau en direcci\u00f3 als planetes de l&#8217;estrella S\u00edrius. Abans d&#8217;arribar-hi, per\u00f2, trobaran en Cris, un \u00e9sser estrany i entremaliat que ha viscut sol a l&#8217;espai durant milers d&#8217;anys i que coneix un ant\u00eddot perqu\u00e8 tornin en si. Aleshores comencen una aventura per reunir els ingredients de la f\u00f3rmula d&#8217;aquest ant\u00eddot. Ho aconseguiran?<\/p>\n<p><\/p>\n<div style=\"clear: both; text-align: center;\"><a href=\"http:\/\/1.bp.blogspot.com\/-BUhB3u3vw7s\/VCUm6dgtnAI\/AAAAAAAABng\/6hzyEm2DJu8\/s1600\/BG00192901.jpg\" style=\"clear: left; float: left; margin-bottom: 1em; margin-right: 1em;\"><img loading=\"lazy\" decoding=\"async\" border=\"0\" src=\"http:\/\/1.bp.blogspot.com\/-BUhB3u3vw7s\/VCUm6dgtnAI\/AAAAAAAABng\/6hzyEm2DJu8\/s1600\/BG00192901.jpg\" height=\"200\" width=\"129\" \/><\/a><\/div>\n<p><i style=\"font-weight: bold;\">El professor Sabat\u00f2til i les pir\u00e0mides d&#8217;Egipte<\/i>, de Jordi Ortiz<br \/>El professor Sabat\u00f2til viu a\u00efllat en una casa sota terra al cap Norfeu, a un parell d&#8217;hores a peu de Cadaqu\u00e9s. Uns diuen que \u00e9s un savi i uns altres, que \u00e9s un vell sonat.<br \/>Al poble hi viuen la Cristina, en V\u00edctor i en Celoni. Un dia van a con\u00e8ixer el professor. Descobreixen que la seva casa \u00e9s com un museu. El professor col\u00b7lecciona objectes de tots els llocs del m\u00f3n i de totes les \u00e8poques. Per\u00f2 n\u0092hi ha un de molt especial que desitjaria tenir, i proposa als nens d&#8217;anar a buscar-lo. \u00c9s un amulet sagrat egipci. Per aconseguir-lo, hauran de viatjar milers d\u0092anys enrere en el temps\u0085<\/p>\n<p><\/p>\n<div style=\"clear: both; text-align: center;\"><a href=\"http:\/\/4.bp.blogspot.com\/---Ba7eQtF8A\/VCUm6qibZkI\/AAAAAAAABnk\/JRb27z22zAo\/s1600\/BG00201001.jpg\" style=\"clear: left; float: left; margin-bottom: 1em; margin-right: 1em;\"><img loading=\"lazy\" decoding=\"async\" border=\"0\" src=\"http:\/\/4.bp.blogspot.com\/---Ba7eQtF8A\/VCUm6qibZkI\/AAAAAAAABnk\/JRb27z22zAo\/s1600\/BG00201001.jpg\" height=\"200\" width=\"130\" \/><\/a><\/div>\n<p><i style=\"font-weight: bold;\">L&#8217;inventor despistat<\/i>, de Joan de D\u00e9u Prats<br \/>I si cada vegada que ensopegues \u00e9s perqu\u00e8 alg\u00fa invisible t&#8217;ha fet la traveta?<br \/>Aix\u00f2 \u00e9s el que sospita l&#8217;inventor despistat, protagonista d&#8217;aquesta hist\u00f2ria.<br \/>I per qu\u00e8 alg\u00fa hauria de fer una cosa aix\u00ed? Per passar-s&#8217;ho b\u00e9? O potser\u0085 per avisar-nos que som uns badocs!<br \/>Aix\u00f2 \u00e9s el que vol esbrinar l&#8217;inventor despistat amb el seu nou invent: un detector de follets.<br \/>Segons la tradici\u00f3, els follets s\u00f3n uns dimoniets ben trapelles\u0085 Per\u00f2 aix\u00f2 \u00e9s veritat?<br \/>L&#8217;inventor despistat procurar\u00e0 descobrir si els follets s\u00f3n unes criatures entremaliades\u0085 O potser no ho s\u00f3n\u0085?<\/p>\n<p><span style=\"color: #660000; font-size: large;\">S\u00e8rie &#8220;Sara Pegues&#8221; de Gisela Pou<\/span><br \/><span style=\"color: #660000; font-size: large;\"><br \/><\/span><\/p>\n<div style=\"clear: both; text-align: center;\"><a href=\"http:\/\/3.bp.blogspot.com\/-PybqAsKFLMY\/VCUm4M25sZI\/AAAAAAAABnI\/jq9MScuCuPY\/s1600\/BG00116201.jpg\" style=\"clear: left; float: left; margin-bottom: 1em; margin-right: 1em;\"><img loading=\"lazy\" decoding=\"async\" border=\"0\" src=\"http:\/\/3.bp.blogspot.com\/-PybqAsKFLMY\/VCUm4M25sZI\/AAAAAAAABnI\/jq9MScuCuPY\/s1600\/BG00116201.jpg\" height=\"200\" width=\"131\" \/><\/a><\/div>\n<p><b><i>La Sara Pegues i el Capit\u00e0 Caguetes<\/i><\/b><br \/>La Sara Pegues sempre vol solucionar els problemes dels altres; \u00e9s clar que les seves idees esbojarrades fan que tot es compliqui. Aix\u00ed que la Fastigosa entra en acci\u00f3, les malifetes estan assegurades. En aquesta hist\u00f2ria, la Sara vol ajudar en Pau a no tenir por, per\u00f2 la Fastigosa far\u00e0 tot el que pugui perqu\u00e8 la Sara l&#8217;espifi\u00ef. Una acampada al pati, uns monstres que no s\u00f3n monstres, una nit clara, moltes rialles i una mica de por.<br \/><b><i><br \/><\/i><\/b><b><i><br \/><\/i><\/b><b><i><br \/><\/i><\/b><b><i><br \/><\/i><\/b><\/p>\n<div style=\"clear: both; text-align: center;\"><a href=\"http:\/\/4.bp.blogspot.com\/-ZgxqtslOO9s\/VCUm5FkhqiI\/AAAAAAAABnU\/3jY8b-APwRE\/s1600\/BG00150101.jpg\" style=\"clear: left; float: left; margin-bottom: 1em; margin-right: 1em;\"><img loading=\"lazy\" decoding=\"async\" border=\"0\" src=\"http:\/\/4.bp.blogspot.com\/-ZgxqtslOO9s\/VCUm5FkhqiI\/AAAAAAAABnU\/3jY8b-APwRE\/s1600\/BG00150101.jpg\" height=\"200\" width=\"131\" \/><\/a><\/div>\n<p><b><i>La Sara Pegues i l&#8217;esquelet desmanegat<\/i><\/b><br \/>La Tomasa Pocatra\u00e7a ha desmanegat l&#8217;esquelet del laboratori i la Sara fa tot el que pot per ajudar-la. La Fiona Fastigosa est\u00e0 desesperada perqu\u00e8 ha perdut el seu anell i culpa a tothom de ser-ne el lladre. La Sara \u00e9s castigada injustament, per\u00f2 ella no es d\u00f3na per ven\u00e7uda i intenta resoldre el misteri de l&#8217;anell perdut i l&#8217;esquelet que no es vol aguantar dret.<\/p>\n<p>Si us vau divertir llegint La Sara Pegues i el Capit\u00e0 Caguetes, no us perdeu aquesta altra aventura protagonitzada per la Sara i els seus companys i companyes.<\/p>\n<div><\/div>\n<div><\/div>\n<div><\/div>\n<div style=\"clear: both; text-align: center;\"><a href=\"http:\/\/2.bp.blogspot.com\/-OjAo4X3GH8c\/VCUm7DE8YsI\/AAAAAAAABnw\/kQ1CniButBU\/s1600\/BG00201101.jpg\" style=\"clear: left; float: left; margin-bottom: 1em; margin-right: 1em;\"><img loading=\"lazy\" decoding=\"async\" border=\"0\" src=\"http:\/\/2.bp.blogspot.com\/-OjAo4X3GH8c\/VCUm7DE8YsI\/AAAAAAAABnw\/kQ1CniButBU\/s1600\/BG00201101.jpg\" height=\"200\" width=\"129\" \/><\/a><\/div>\n<p><b><i>La Sara Pegues i el mural blau<\/i><\/b><br \/>La classe de la Sara ha triat el dibuix del Quim Consci\u00e8ncia per decorar la paret blava del gimn\u00e0s. Quan el dibuix desapareix, la Sara est\u00e0 conven\u00e7uda que nom\u00e9s una persona pot ser la culpable. La Sara investiga i investiga; descobreix mentides, trampes i falsificacions. Res no \u00e9s el que sembla, per\u00f2 al final la just\u00edcia s&#8217;imposa. Una hist\u00f2ria plena a vessar d&#8217;humor i intriga.<\/p>\n<p><b><i><br \/><\/i><\/b><b><i><br \/><\/i><\/b><b><i><br \/><\/i><\/b><b><i><br \/><\/i><\/b><b><i><br \/><\/i><\/b><\/p>\n<div style=\"clear: both; text-align: center;\"><a href=\"http:\/\/4.bp.blogspot.com\/-8XvZSnbiK4w\/VCUm7nJAzYI\/AAAAAAAABn4\/qHnIEVFkyE4\/s1600\/BG00224101.jpg\" style=\"clear: left; float: left; margin-bottom: 1em; margin-right: 1em;\"><img loading=\"lazy\" decoding=\"async\" border=\"0\" src=\"http:\/\/4.bp.blogspot.com\/-8XvZSnbiK4w\/VCUm7nJAzYI\/AAAAAAAABn4\/qHnIEVFkyE4\/s1600\/BG00224101.jpg\" height=\"200\" width=\"143\" \/><\/a><\/div>\n<p><b><i>La Sara Pegues i la Fastigosa<\/i><\/b><br \/>La Sara i la seva colla somien pujar al globus aerost\u00e0tic. Buiden les guardioles i compten els diners. Entre tots, amb prou feines poden pagar mig viatge. La Sara ho t\u00e9 clar i els anima: \u00abPujarem al globus! Paraula de Pegues!\u00bb.<\/p>\n<p>Sense saber d&#8217;on ha sortit, apareix una nena amb patinet que corre a tota castanya i crida: \u00abAparteu-vos, cucs llefiscosos! Deixeu-me passar, rates guenyes!\u00bb. \u00c9s la Fiona Fastigosa, la nena que tot ho sap, tot ho vol i sempre mana<\/p>\n<p>Moltes gr\u00e0cies i bona lectura.<\/p>\n","protected":false},"excerpt":{"rendered":"<p>A la biblioteca del Servei Educatiu Baix Llobregat-6 hem rebut de l&#8217;editorial Barcanova&nbsp;un seguit de llibres adre\u00e7ats a l&#8217;alumnat de cicle mitj\u00e0&nbsp;(Col\u00b7lecci\u00f3 Sopa de Llibres. S\u00e8rie Taronja) que llegirem amb atenci\u00f3 i en farem difusi\u00f3 entre les escoles de la nostra demarcaci\u00f3 territorial. La biblioteca abandonada, d&#8217;Elena Bigas i MayansEns trobem en un futur proper, [&hellip;]<\/p>\n","protected":false},"author":1,"featured_media":0,"comment_status":"open","ping_status":"open","sticky":false,"template":"","format":"standard","meta":{"_bbp_topic_count":0,"_bbp_reply_count":0,"_bbp_total_topic_count":0,"_bbp_total_reply_count":0,"_bbp_voice_count":0,"_bbp_anonymous_reply_count":0,"_bbp_topic_count_hidden":0,"_bbp_reply_count_hidden":0,"_bbp_forum_subforum_count":0,"site-sidebar-layout":"default","site-content-layout":"","ast-site-content-layout":"","site-content-style":"default","site-sidebar-style":"default","ast-global-header-display":"","ast-banner-title-visibility":"","ast-main-header-display":"","ast-hfb-above-header-display":"","ast-hfb-below-header-display":"","ast-hfb-mobile-header-display":"","site-post-title":"","ast-breadcrumbs-content":"","ast-featured-img":"","footer-sml-layout":"","theme-transparent-header-meta":"","adv-header-id-meta":"","stick-header-meta":"","header-above-stick-meta":"","header-main-stick-meta":"","header-below-stick-meta":"","astra-migrate-meta-layouts":"default","ast-page-background-enabled":"default","ast-page-background-meta":{"desktop":{"background-color":"var(--ast-global-color-4)","background-image":"","background-repeat":"repeat","background-position":"center center","background-size":"auto","background-attachment":"scroll","background-type":"","background-media":"","overlay-type":"","overlay-color":"","overlay-opacity":"","overlay-gradient":""},"tablet":{"background-color":"","background-image":"","background-repeat":"repeat","background-position":"center center","background-size":"auto","background-attachment":"scroll","background-type":"","background-media":"","overlay-type":"","overlay-color":"","overlay-opacity":"","overlay-gradient":""},"mobile":{"background-color":"","background-image":"","background-repeat":"repeat","background-position":"center center","background-size":"auto","background-attachment":"scroll","background-type":"","background-media":"","overlay-type":"","overlay-color":"","overlay-opacity":"","overlay-gradient":""}},"ast-content-background-meta":{"desktop":{"background-color":"var(--ast-global-color-5)","background-image":"","background-repeat":"repeat","background-position":"center center","background-size":"auto","background-attachment":"scroll","background-type":"","background-media":"","overlay-type":"","overlay-color":"","overlay-opacity":"","overlay-gradient":""},"tablet":{"background-color":"var(--ast-global-color-5)","background-image":"","background-repeat":"repeat","background-position":"center center","background-size":"auto","background-attachment":"scroll","background-type":"","background-media":"","overlay-type":"","overlay-color":"","overlay-opacity":"","overlay-gradient":""},"mobile":{"background-color":"var(--ast-global-color-5)","background-image":"","background-repeat":"repeat","background-position":"center center","background-size":"auto","background-attachment":"scroll","background-type":"","background-media":"","overlay-type":"","overlay-color":"","overlay-opacity":"","overlay-gradient":""}},"footnotes":""},"categories":[1077],"tags":[1367,1436,914],"class_list":["post-6918","post","type-post","status-publish","format-standard","hentry","category-literatura-infantil-i-juvenil","tag-barcanova","tag-biblioreport","tag-seleccio-bibliografica"],"post_mailing_queue_ids":[],"_links":{"self":[{"href":"https:\/\/serveiseducatius.xtec.cat\/baixllobregat6\/wp-json\/wp\/v2\/posts\/6918","targetHints":{"allow":["GET"]}}],"collection":[{"href":"https:\/\/serveiseducatius.xtec.cat\/baixllobregat6\/wp-json\/wp\/v2\/posts"}],"about":[{"href":"https:\/\/serveiseducatius.xtec.cat\/baixllobregat6\/wp-json\/wp\/v2\/types\/post"}],"author":[{"embeddable":true,"href":"https:\/\/serveiseducatius.xtec.cat\/baixllobregat6\/wp-json\/wp\/v2\/users\/1"}],"replies":[{"embeddable":true,"href":"https:\/\/serveiseducatius.xtec.cat\/baixllobregat6\/wp-json\/wp\/v2\/comments?post=6918"}],"version-history":[{"count":1,"href":"https:\/\/serveiseducatius.xtec.cat\/baixllobregat6\/wp-json\/wp\/v2\/posts\/6918\/revisions"}],"predecessor-version":[{"id":7319,"href":"https:\/\/serveiseducatius.xtec.cat\/baixllobregat6\/wp-json\/wp\/v2\/posts\/6918\/revisions\/7319"}],"wp:attachment":[{"href":"https:\/\/serveiseducatius.xtec.cat\/baixllobregat6\/wp-json\/wp\/v2\/media?parent=6918"}],"wp:term":[{"taxonomy":"category","embeddable":true,"href":"https:\/\/serveiseducatius.xtec.cat\/baixllobregat6\/wp-json\/wp\/v2\/categories?post=6918"},{"taxonomy":"post_tag","embeddable":true,"href":"https:\/\/serveiseducatius.xtec.cat\/baixllobregat6\/wp-json\/wp\/v2\/tags?post=6918"}],"curies":[{"name":"wp","href":"https:\/\/api.w.org\/{rel}","templated":true}]}}