{"id":6903,"date":"2014-12-11T10:14:00","date_gmt":"2014-12-11T09:14:00","guid":{"rendered":"http:\/\/serveiseducatius.xtec.cat\/se-baixllobregat6\/general\/hem-rebut-de-leditorial-algar-2\/"},"modified":"2016-02-08T12:34:37","modified_gmt":"2016-02-08T11:34:37","slug":"hem-rebut-de-leditorial-algar-2","status":"publish","type":"post","link":"https:\/\/serveiseducatius.xtec.cat\/baixllobregat6\/biblioteca-escolar\/informacions\/literatura-infantil-i-juvenil\/hem-rebut-de-leditorial-algar-2\/","title":{"rendered":"Hem rebut de&#8230; l&#8217;editorial Algar"},"content":{"rendered":"<p><span style=\"background-color: white; color: #333333; font-family: Arial, Tahoma, Helvetica, FreeSans, sans-serif; font-size: 15px; line-height: 20.7900009155273px;\">A la biblioteca del Servei Educatiu Baix Llobregat-6 hem rebut de l&#8217;editorial <b><a href=\"http:\/\/www.algareditorial.com\/\" target=\"_blank\">Algar<\/a><\/b><\/span><span style=\"background-color: white; color: #333333; font-family: Arial, Tahoma, Helvetica, FreeSans, sans-serif; font-size: 15px; line-height: 20.7900009155273px;\">&nbsp;un seguit de llibres adre\u00e7ats a l&#8217;alumnat de diferents etapes i cicles que llegirem amb atenci\u00f3 i en farem difusi\u00f3 entre les escoles de la nostra demarcaci\u00f3 territorial.<\/span><br \/><span style=\"background-color: white; color: #333333; font-family: Arial, Tahoma, Helvetica, FreeSans, sans-serif; font-size: 15px; line-height: 20.7900009155273px;\"><br \/><\/span><\/p>\n<div style=\"clear: both; text-align: center;\"><\/div>\n<div style=\"clear: both; text-align: center;\"><a href=\"http:\/\/4.bp.blogspot.com\/-OVYAX_mPIGw\/VIbqMNbeOdI\/AAAAAAAABs0\/jwuek-viBQs\/s1600\/9788498456394_04_g-8403b41f.jpg\" style=\"clear: left; float: left; margin-bottom: 1em; margin-right: 1em;\"><img loading=\"lazy\" decoding=\"async\" border=\"0\" src=\"http:\/\/4.bp.blogspot.com\/-OVYAX_mPIGw\/VIbqMNbeOdI\/AAAAAAAABs0\/jwuek-viBQs\/s1600\/9788498456394_04_g-8403b41f.jpg\" height=\"200\" width=\"126\" \/><\/a><\/div>\n<p><b>La orqu\u00eddea de los tiempos<\/b>, de Daniel Hern\u00e1ndez Chambers i \u00d2scar Julbe (il\u00b7lustracions). Alzira, 2014 ISBN 9788498456394<\/p>\n<p>En la clase Monst-3\u00ba B hay un grupo de amigos muy especial: uno es un esqueleto, el otro tiene cuatro ojos, otra es peluda como un oso&#8230; Un d\u00eda Leo lleva a clase una cajita de un antepasado. Despu\u00e9s de descifrar el modo de abrirla, encuentran un mapa del colegio, el dibujo de una flor y una llave. \u00bfQu\u00e9 significado tiene este hallazgo enigm\u00e1tico? Es imposible resistirse a averiguarlo, y as\u00ed empezar\u00e1 la aventura que les conducir\u00e1 hasta un secreto escondido en el colegio desde hace 200 a\u00f1os&#8230;<\/p>\n<p><\/p>\n<div style=\"clear: both; text-align: center;\"><a href=\"http:\/\/1.bp.blogspot.com\/-7pCKB1ue3ho\/VIbqMZsf4QI\/AAAAAAAABs4\/llgy6o1BJ1s\/s1600\/9788498456417_04_g-5fa39672.jpg.pagespeed.ce.YcRHgY8b3v.jpg\" style=\"clear: left; float: left; margin-bottom: 1em; margin-right: 1em;\"><img loading=\"lazy\" decoding=\"async\" border=\"0\" src=\"http:\/\/1.bp.blogspot.com\/-7pCKB1ue3ho\/VIbqMZsf4QI\/AAAAAAAABs4\/llgy6o1BJ1s\/s1600\/9788498456417_04_g-5fa39672.jpg.pagespeed.ce.YcRHgY8b3v.jpg\" height=\"200\" width=\"126\" \/><\/a><\/div>\n<p><b>Otto, el ni\u00f1o que lleg\u00f3 con la nieve<\/b>, de Laia Longan i Jordi Vila Delcl\u00f2s (Il\u00b7lustracions). Alzira, 2014 ISBN 9788498456417<\/p>\n<p>Desde que Otto naci\u00f3, no ha parado de nevar y nadie sabe por qu\u00e9. Al principio todo el mundo pensaba que se trataba de un invierno muy largo, pero despu\u00e9s creyeron que era cosa de magia y dejaron de esperar la primavera. Un d\u00eda, Otto descubre qu\u00e9 sucede realmente y\u2026 \u00a1todo est\u00e1 relacionado con \u00e9l! Aunque nunca lo habr\u00eda imaginado, se ver\u00e1 obligado a escoger su futuro siendo solamente un ni\u00f1o.<\/p>\n<p><\/p>\n<div style=\"clear: both; text-align: center;\"><a href=\"http:\/\/3.bp.blogspot.com\/-74Us7ZqZ0JU\/VIbqMsG-emI\/AAAAAAAABs8\/Wc7tuuwmtyY\/s1600\/9788498456448_04_g-947b566c.jpg.pagespeed.ce.bswWtW_lk0.jpg\" style=\"clear: left; float: left; margin-bottom: 1em; margin-right: 1em;\"><img loading=\"lazy\" decoding=\"async\" border=\"0\" src=\"http:\/\/3.bp.blogspot.com\/-74Us7ZqZ0JU\/VIbqMsG-emI\/AAAAAAAABs8\/Wc7tuuwmtyY\/s1600\/9788498456448_04_g-947b566c.jpg.pagespeed.ce.bswWtW_lk0.jpg\" height=\"200\" width=\"126\" \/><\/a><\/div>\n<p><b>F\u00e9lix \u00a1Eres un desatre!<\/b>&nbsp;de&nbsp;Jakob M. Leonhardt i Fr\u00e9deric Bertrand (Il\u00b7lustracions). Alzira, 2014 ISBN 9788498456448<\/p>\n<p>Aparte de dibujar, F\u00e9lix no sabe hacer nada de nada. Es el desastre m\u00e1s desastroso que nunca hayas conocido, un aut\u00e9ntico perdedor que enlaza una calamidad con la siguiente. Pero en su vida ha aparecido Charleen: la nueva, encantadora y bell\u00edsima compa\u00f1era de clase. Por desgracia, F\u00e9lix tampoco tiene lo que se dice un aspecto interesante, por lo que, si quiere impresionar a la chica de sus sue\u00f1os, deber\u00e1 reciclarse de pies a cabeza. \u00bfSer\u00e1 capaz? \u00a1Se admiten apuestas!<\/p>\n<p><\/p>\n<div style=\"clear: both; text-align: center;\"><a href=\"http:\/\/3.bp.blogspot.com\/-CiePuubHLJ8\/VIbqN544EyI\/AAAAAAAABtM\/S6d_wWZfOZs\/s1600\/9788498456486_04_g.jpg\" style=\"clear: left; float: left; margin-bottom: 1em; margin-right: 1em;\"><img loading=\"lazy\" decoding=\"async\" border=\"0\" src=\"http:\/\/3.bp.blogspot.com\/-CiePuubHLJ8\/VIbqN544EyI\/AAAAAAAABtM\/S6d_wWZfOZs\/s1600\/9788498456486_04_g.jpg\" height=\"200\" width=\"131\" \/><\/a><\/div>\n<p><span style=\"color: #333333; font-family: Arial, Tahoma, Helvetica, FreeSans, sans-serif;\"><span style=\"font-size: 15px; line-height: 20.7900009155273px;\"><b>Los 4 Sherlocks. Un atraco muy deportivo, <\/b>de Jes\u00fas Cort\u00e9s i Oriol Malet (il\u00b7lustracions). Alzira, 2014 ISBN&nbsp;9788498456486<\/span><\/span><br \/><span style=\"color: #333333; font-family: Arial, Tahoma, Helvetica, FreeSans, sans-serif;\"><span style=\"font-size: 15px; line-height: 20.7900009155273px;\"><br \/><\/span><\/span><span style=\"color: #333333; font-family: Arial, Tahoma, Helvetica, FreeSans, sans-serif;\"><span style=\"font-size: 15px; line-height: 20.7900009155273px;\">Fran, Gomo, Mati y Wen practican deportes por diversi\u00f3n y, adem\u00e1s, les encanta devorar los libros del detective Sherlock Holmes.<\/span><\/span><br \/><span style=\"color: #333333; font-family: Arial, Tahoma, Helvetica, FreeSans, sans-serif; font-size: 15px; line-height: 20.7900009155273px;\">La recaudaci\u00f3n robada en un torneo ben\u00e9fico de f\u00fatbol los enfrentar\u00e1 a su primer caso como detectives. Todav\u00eda no lo saben, pero es cuesti\u00f3n de tiempo que demuestren sus conocimientos en el arte de la deducci\u00f3n y se conviertan en\u2026 \u00a1los 4 Sherlocks!<\/span><br \/><span style=\"color: #333333; font-family: Arial, Tahoma, Helvetica, FreeSans, sans-serif; font-size: 15px; line-height: 20.7900009155273px;\">Pero la semifinal del torneo ya est\u00e1 en juego y \u00a1tienen muy poco tiempo para resolver el caso!<\/span><\/p>\n<p><span style=\"color: #333333; font-family: Arial, Tahoma, Helvetica, FreeSans, sans-serif; font-size: 15px; line-height: 20.7900009155273px;\">Moltes gr\u00e0cies i a gaudir de la lectura.<\/span><\/p>\n","protected":false},"excerpt":{"rendered":"<p>A la biblioteca del Servei Educatiu Baix Llobregat-6 hem rebut de l&#8217;editorial Algar&nbsp;un seguit de llibres adre\u00e7ats a l&#8217;alumnat de diferents etapes i cicles que llegirem amb atenci\u00f3 i en farem difusi\u00f3 entre les escoles de la nostra demarcaci\u00f3 territorial. La orqu\u00eddea de los tiempos, de Daniel Hern\u00e1ndez Chambers i \u00d2scar Julbe (il\u00b7lustracions). Alzira, 2014 [&hellip;]<\/p>\n","protected":false},"author":1,"featured_media":0,"comment_status":"open","ping_status":"open","sticky":false,"template":"","format":"standard","meta":{"_bbp_topic_count":0,"_bbp_reply_count":0,"_bbp_total_topic_count":0,"_bbp_total_reply_count":0,"_bbp_voice_count":0,"_bbp_anonymous_reply_count":0,"_bbp_topic_count_hidden":0,"_bbp_reply_count_hidden":0,"_bbp_forum_subforum_count":0,"site-sidebar-layout":"default","site-content-layout":"","ast-site-content-layout":"","site-content-style":"default","site-sidebar-style":"default","ast-global-header-display":"","ast-banner-title-visibility":"","ast-main-header-display":"","ast-hfb-above-header-display":"","ast-hfb-below-header-display":"","ast-hfb-mobile-header-display":"","site-post-title":"","ast-breadcrumbs-content":"","ast-featured-img":"","footer-sml-layout":"","theme-transparent-header-meta":"","adv-header-id-meta":"","stick-header-meta":"","header-above-stick-meta":"","header-main-stick-meta":"","header-below-stick-meta":"","astra-migrate-meta-layouts":"default","ast-page-background-enabled":"default","ast-page-background-meta":{"desktop":{"background-color":"var(--ast-global-color-4)","background-image":"","background-repeat":"repeat","background-position":"center center","background-size":"auto","background-attachment":"scroll","background-type":"","background-media":"","overlay-type":"","overlay-color":"","overlay-opacity":"","overlay-gradient":""},"tablet":{"background-color":"","background-image":"","background-repeat":"repeat","background-position":"center center","background-size":"auto","background-attachment":"scroll","background-type":"","background-media":"","overlay-type":"","overlay-color":"","overlay-opacity":"","overlay-gradient":""},"mobile":{"background-color":"","background-image":"","background-repeat":"repeat","background-position":"center center","background-size":"auto","background-attachment":"scroll","background-type":"","background-media":"","overlay-type":"","overlay-color":"","overlay-opacity":"","overlay-gradient":""}},"ast-content-background-meta":{"desktop":{"background-color":"var(--ast-global-color-5)","background-image":"","background-repeat":"repeat","background-position":"center center","background-size":"auto","background-attachment":"scroll","background-type":"","background-media":"","overlay-type":"","overlay-color":"","overlay-opacity":"","overlay-gradient":""},"tablet":{"background-color":"var(--ast-global-color-5)","background-image":"","background-repeat":"repeat","background-position":"center center","background-size":"auto","background-attachment":"scroll","background-type":"","background-media":"","overlay-type":"","overlay-color":"","overlay-opacity":"","overlay-gradient":""},"mobile":{"background-color":"var(--ast-global-color-5)","background-image":"","background-repeat":"repeat","background-position":"center center","background-size":"auto","background-attachment":"scroll","background-type":"","background-media":"","overlay-type":"","overlay-color":"","overlay-opacity":"","overlay-gradient":""}},"footnotes":""},"categories":[1077],"tags":[1394,1436,1315,771],"class_list":["post-6903","post","type-post","status-publish","format-standard","hentry","category-literatura-infantil-i-juvenil","tag-algar","tag-biblioreport","tag-llibres-dimaginacio-i3","tag-novella"],"post_mailing_queue_ids":[],"_links":{"self":[{"href":"https:\/\/serveiseducatius.xtec.cat\/baixllobregat6\/wp-json\/wp\/v2\/posts\/6903","targetHints":{"allow":["GET"]}}],"collection":[{"href":"https:\/\/serveiseducatius.xtec.cat\/baixllobregat6\/wp-json\/wp\/v2\/posts"}],"about":[{"href":"https:\/\/serveiseducatius.xtec.cat\/baixllobregat6\/wp-json\/wp\/v2\/types\/post"}],"author":[{"embeddable":true,"href":"https:\/\/serveiseducatius.xtec.cat\/baixllobregat6\/wp-json\/wp\/v2\/users\/1"}],"replies":[{"embeddable":true,"href":"https:\/\/serveiseducatius.xtec.cat\/baixllobregat6\/wp-json\/wp\/v2\/comments?post=6903"}],"version-history":[{"count":1,"href":"https:\/\/serveiseducatius.xtec.cat\/baixllobregat6\/wp-json\/wp\/v2\/posts\/6903\/revisions"}],"predecessor-version":[{"id":7405,"href":"https:\/\/serveiseducatius.xtec.cat\/baixllobregat6\/wp-json\/wp\/v2\/posts\/6903\/revisions\/7405"}],"wp:attachment":[{"href":"https:\/\/serveiseducatius.xtec.cat\/baixllobregat6\/wp-json\/wp\/v2\/media?parent=6903"}],"wp:term":[{"taxonomy":"category","embeddable":true,"href":"https:\/\/serveiseducatius.xtec.cat\/baixllobregat6\/wp-json\/wp\/v2\/categories?post=6903"},{"taxonomy":"post_tag","embeddable":true,"href":"https:\/\/serveiseducatius.xtec.cat\/baixllobregat6\/wp-json\/wp\/v2\/tags?post=6903"}],"curies":[{"name":"wp","href":"https:\/\/api.w.org\/{rel}","templated":true}]}}