{"id":6892,"date":"2015-01-19T09:00:00","date_gmt":"2015-01-19T08:00:00","guid":{"rendered":"http:\/\/serveiseducatius.xtec.cat\/se-baixllobregat6\/general\/hem-rebut-de-leditorial-barcanova\/"},"modified":"2016-02-08T12:33:50","modified_gmt":"2016-02-08T11:33:50","slug":"hem-rebut-de-leditorial-barcanova","status":"publish","type":"post","link":"https:\/\/serveiseducatius.xtec.cat\/baixllobregat6\/biblioteca-escolar\/informacions\/literatura-infantil-i-juvenil\/hem-rebut-de-leditorial-barcanova\/","title":{"rendered":"Hem rebut de&#8230; l&#8217;editorial Barcanova"},"content":{"rendered":"<p>A la biblioteca del Servei Educatiu Baix Llobregat-6 hem rebut de l&#8217;editorial <b><a href=\"http:\/\/www.barcanovainfantilijuvenil.cat\/\" target=\"_blank\">Barcanova<\/a><\/b> un seguit de llibres que llegirem amb atenci\u00f3 i en farem difusi\u00f3 entre les escoles i instituts de la nostra demarcaci\u00f3 territorial.<\/p>\n<p><span style=\"font-size: large;\">Educaci\u00f3 infantil i prim\u00e0ria<\/span><br \/><span style=\"font-size: large;\"><br \/><\/span><\/p>\n<div style=\"clear: both; text-align: center;\"><a href=\"http:\/\/4.bp.blogspot.com\/-efgzROA6bXo\/VLZpuDdTa_I\/AAAAAAAABxY\/3lnVCsV1fLI\/s1600\/BG00229201.jpg\" style=\"clear: left; float: left; margin-bottom: 1em; margin-right: 1em;\"><img loading=\"lazy\" decoding=\"async\" border=\"0\" src=\"http:\/\/4.bp.blogspot.com\/-efgzROA6bXo\/VLZpuDdTa_I\/AAAAAAAABxY\/3lnVCsV1fLI\/s1600\/BG00229201.jpg\" height=\"199\" width=\"200\" \/><\/a><\/div>\n<p><b>La m\u00e0quina menjapors<\/b><br \/><i>Autores<\/i>: Iglesias, Carlota; Ribas, \u00c0ngels<br \/><i>Il\u00b7lustracions: <\/i>Reixach, Emma;Riba, Gemma<br \/><i>Col\u00b7lecci\u00f3: <\/i>Temps per divertir-se<br \/><i>ISBN: <\/i>978-84-489-3398-2<br \/>\u00abI si construeixo una m\u00e0quina que es mengi totes les pors?\u00bb, pensa en Daniel, que t\u00e9 molta por de la foscor. Aix\u00ed apr\u00e8n que tenir por no \u00e9s dolent, perqu\u00e8 la pot transformar en coses boniques; per\u00f2 sobretot s\u0092adona que tot sol la pot v\u00e8ncer.<\/p>\n<div><\/div>\n<p><\/p>\n<div style=\"clear: both; text-align: center;\"><a href=\"http:\/\/1.bp.blogspot.com\/-Ak9RiRQzjcs\/VLZptlbsxnI\/AAAAAAAABxo\/KyxZCt9wDzA\/s1600\/BG00218301.jpg\" style=\"clear: left; float: left; margin-bottom: 1em; margin-right: 1em;\"><img loading=\"lazy\" decoding=\"async\" border=\"0\" src=\"http:\/\/1.bp.blogspot.com\/-Ak9RiRQzjcs\/VLZptlbsxnI\/AAAAAAAABxo\/KyxZCt9wDzA\/s1600\/BG00218301.jpg\" height=\"200\" width=\"129\" \/><\/a><\/div>\n<p><b>El somni de les andr\u00f2mines<\/b><br \/><i>Autor: <\/i>Prats, Joan de D\u00e9u<br \/><i>Il\u00b7lustracions: <\/i>Vidal, Oriol<br \/><i>Col\u00b7lecci\u00f3: <\/i>Sopa de Llibres. S\u00e8rie groga<br \/><i>ISBN: <\/i>978-84-489-3399-9<br \/>El petit Joan descobreix que totes les coses somien: des de les eines m\u00e9s humils del camp fins la pluja, les flors o el sol. Per\u00f2 tot d\u0092una, s\u0092adona que a les golfes de casa un munt d\u0092estris vells estan tristos perqu\u00e8 ja no somien. El petit Joan els portar\u00e0 al pa\u00eds dels somnis perqu\u00e8 les g\u00e0bies es converteixin en arpes. Les estrelles de mar, en estels caiguts del cel. Els miralls trencats, en calidoscopis&#8230;<\/p>\n<div><\/div>\n<p><\/p>\n<div style=\"clear: both; text-align: center;\"><a href=\"http:\/\/2.bp.blogspot.com\/-Kjdt2fz4dUM\/VLZptUSrtqI\/AAAAAAAABxM\/UhKjL9PCSfU\/s1600\/BG00218001.jpg\" style=\"clear: left; float: left; margin-bottom: 1em; margin-right: 1em;\"><img loading=\"lazy\" decoding=\"async\" border=\"0\" src=\"http:\/\/2.bp.blogspot.com\/-Kjdt2fz4dUM\/VLZptUSrtqI\/AAAAAAAABxM\/UhKjL9PCSfU\/s1600\/BG00218001.jpg\" height=\"200\" width=\"129\" \/><\/a><\/div>\n<p><b>Els tentacles de l&#8217;abisme<\/b><br \/><i>Autor: <\/i>Lopesino, Jordi<br \/><i>Il\u00b7lustracions: <\/i>Aguilar, Mayra<br \/><i>Col\u00b7lecci\u00f3: <\/i>Els Setci\u00e8ncies<br \/><i>ISBN: <\/i>978-84-489-3027-1<br \/>En aquesta nova aventura, els Setci\u00e8ncies s&#8217;endinsen en el m\u00f3n del silenci, en el gran blau, amb tots els seus misteris i la seva gran bellesa. Per\u00f2, a m\u00e9s, tamb\u00e9 col\u00b7laboren activament en la desactivaci\u00f3 d&#8217;una xarxa de delinq\u00fcents molt perillosa. Submergeix-te amb els Setci\u00e8ncies en el fons mar\u00ed i descobreix tots els secrets que hi amaga!<\/p>\n<div><\/div>\n<p><span style=\"font-size: large;\">Educaci\u00f3 secund\u00e0ria<\/span><\/p>\n<div style=\"clear: both; text-align: center;\"><a href=\"http:\/\/2.bp.blogspot.com\/-hP_Ur0CAqP0\/VLZptu_X4AI\/AAAAAAAABxQ\/1DPsQ6grmjo\/s1600\/BG00219201.jpg\" style=\"clear: left; float: left; margin-bottom: 1em; margin-right: 1em;\"><img loading=\"lazy\" decoding=\"async\" border=\"0\" src=\"http:\/\/2.bp.blogspot.com\/-hP_Ur0CAqP0\/VLZptu_X4AI\/AAAAAAAABxQ\/1DPsQ6grmjo\/s1600\/BG00219201.jpg\" height=\"200\" width=\"132\" \/><\/a><\/div>\n<p><b>L&#8217;ins\u00f2lit viatge de Jer\u00f3nimo de Ayanz<\/b><br \/><i>Autor:<\/i> Llort, Llu\u00eds<br \/><i>Il\u00b7lustracions: <\/i>Malet, Oriol<br \/><i>ISBN: <\/i>978-84-489-3079-0<br \/>Nuno Peixoto, el protagonista de N\u00famero 5. El submar\u00ed perdut, viu un munt d&#8217;experi\u00e8ncies inoblidables juntament amb Silvana Darinka, la seva companya, i Agripina, una bibliotec\u00e0ria jubilada amant de la ginebra i de la bona vida. En aquesta nova aventura, Nuno \u00e9s testimoni d&#8217;un viatge en el temps d&#8217;un personatge del segle XVII, l&#8217;inventor Jer\u00f3nimo de Ayanz, una mena de Leonardo da Vinci que apareix en el segle XXI disposat a revolucionar la vida i les emocions de tots els personatges que l&#8217;envolten.<\/p>\n<div><\/div>\n<div><\/div>\n<div style=\"clear: both; text-align: center;\"><a href=\"http:\/\/2.bp.blogspot.com\/-ddqX5nhOlkU\/VLZpuqdP_bI\/AAAAAAAABxg\/Zika9eD3Ruk\/s1600\/BG00229701.jpg\" style=\"clear: left; float: left; margin-bottom: 1em; margin-right: 1em;\"><img loading=\"lazy\" decoding=\"async\" border=\"0\" src=\"http:\/\/2.bp.blogspot.com\/-ddqX5nhOlkU\/VLZpuqdP_bI\/AAAAAAAABxg\/Zika9eD3Ruk\/s1600\/BG00229701.jpg\" height=\"200\" width=\"133\" \/><\/a><\/div>\n<div>\n<div><b>Reconnexi\u00f3<\/b><\/div>\n<div><i>Autor: <\/i>Shusterman, Neal<\/div>\n<div><i>ISBN: <\/i>978-84-489-3448-4<\/div>\n<div>Gr\u00e0cies a en Connor, en Lev i la Risa, i a les repercussions de la revolta &nbsp;en la Recol\u00b7lectora de Happy Jack, la poblaci\u00f3 ja no pot continuar mirant cap a un altre costat. Potser la desconnexi\u00f3 servir\u00e0 per alliberar la societat d\u0092adolescents problem\u00e0tics i, al mateix temps, per nodrir-la d\u0092\u00f2rgans molt necessaris per als transplantaments. En Connor no d\u00f3na l&#8217;abast dirigint el Cementiri, un refugi per als ASP, nois que, com ell, han fugit de la reconnexi\u00f3. La Risa, paralitzada de cintura en avall com a conseq\u00fc\u00e8ncia de l&#8217;atemptat en la Recol\u00b7lectora, &nbsp;no vol ser una c\u00e0rrega per al noi. I en Lev forma part d&#8217;un moviment clandest\u00ed que vol rescatar delmes, en el qual se&#8217;l venera com si fos un d\u00e9u. Un d&#8217;ells ser\u00e0 tra\u00eft. L&#8217;altre s&#8217;escapar\u00e0. I el tercer far\u00e0 un sorprenent descobriment sobre qu\u00e8 s&#8217;amaga darrere la desconnexi\u00f3.<\/div>\n<div>Neal Shusterman retorna al m\u00f3n de <b><a href=\"http:\/\/biblioreport1.blogspot.com\/2013\/12\/desconnexio-una-novella-distopica-molt.html\" target=\"_blank\">Desconnexi\u00f3<\/a><\/b>, que la revista Publishers Weekly va definir con un \u00abthriller captivador ambientat en el futur, concebut per una imaginaci\u00f3 brillant\u0094<\/div>\n<\/div>\n","protected":false},"excerpt":{"rendered":"<p>A la biblioteca del Servei Educatiu Baix Llobregat-6 hem rebut de l&#8217;editorial Barcanova un seguit de llibres que llegirem amb atenci\u00f3 i en farem difusi\u00f3 entre les escoles i instituts de la nostra demarcaci\u00f3 territorial. Educaci\u00f3 infantil i prim\u00e0ria La m\u00e0quina menjaporsAutores: Iglesias, Carlota; Ribas, \u00c0ngelsIl\u00b7lustracions: Reixach, Emma;Riba, GemmaCol\u00b7lecci\u00f3: Temps per divertir-seISBN: 978-84-489-3398-2\u00abI si construeixo [&hellip;]<\/p>\n","protected":false},"author":1,"featured_media":0,"comment_status":"open","ping_status":"open","sticky":false,"template":"","format":"standard","meta":{"_bbp_topic_count":0,"_bbp_reply_count":0,"_bbp_total_topic_count":0,"_bbp_total_reply_count":0,"_bbp_voice_count":0,"_bbp_anonymous_reply_count":0,"_bbp_topic_count_hidden":0,"_bbp_reply_count_hidden":0,"_bbp_forum_subforum_count":0,"site-sidebar-layout":"default","site-content-layout":"","ast-site-content-layout":"","site-content-style":"default","site-sidebar-style":"default","ast-global-header-display":"","ast-banner-title-visibility":"","ast-main-header-display":"","ast-hfb-above-header-display":"","ast-hfb-below-header-display":"","ast-hfb-mobile-header-display":"","site-post-title":"","ast-breadcrumbs-content":"","ast-featured-img":"","footer-sml-layout":"","theme-transparent-header-meta":"","adv-header-id-meta":"","stick-header-meta":"","header-above-stick-meta":"","header-main-stick-meta":"","header-below-stick-meta":"","astra-migrate-meta-layouts":"default","ast-page-background-enabled":"default","ast-page-background-meta":{"desktop":{"background-color":"var(--ast-global-color-4)","background-image":"","background-repeat":"repeat","background-position":"center center","background-size":"auto","background-attachment":"scroll","background-type":"","background-media":"","overlay-type":"","overlay-color":"","overlay-opacity":"","overlay-gradient":""},"tablet":{"background-color":"","background-image":"","background-repeat":"repeat","background-position":"center center","background-size":"auto","background-attachment":"scroll","background-type":"","background-media":"","overlay-type":"","overlay-color":"","overlay-opacity":"","overlay-gradient":""},"mobile":{"background-color":"","background-image":"","background-repeat":"repeat","background-position":"center center","background-size":"auto","background-attachment":"scroll","background-type":"","background-media":"","overlay-type":"","overlay-color":"","overlay-opacity":"","overlay-gradient":""}},"ast-content-background-meta":{"desktop":{"background-color":"var(--ast-global-color-5)","background-image":"","background-repeat":"repeat","background-position":"center center","background-size":"auto","background-attachment":"scroll","background-type":"","background-media":"","overlay-type":"","overlay-color":"","overlay-opacity":"","overlay-gradient":""},"tablet":{"background-color":"var(--ast-global-color-5)","background-image":"","background-repeat":"repeat","background-position":"center center","background-size":"auto","background-attachment":"scroll","background-type":"","background-media":"","overlay-type":"","overlay-color":"","overlay-opacity":"","overlay-gradient":""},"mobile":{"background-color":"var(--ast-global-color-5)","background-image":"","background-repeat":"repeat","background-position":"center center","background-size":"auto","background-attachment":"scroll","background-type":"","background-media":"","overlay-type":"","overlay-color":"","overlay-opacity":"","overlay-gradient":""}},"footnotes":""},"categories":[1077],"tags":[1367,1436,914],"class_list":["post-6892","post","type-post","status-publish","format-standard","hentry","category-literatura-infantil-i-juvenil","tag-barcanova","tag-biblioreport","tag-seleccio-bibliografica"],"post_mailing_queue_ids":[],"_links":{"self":[{"href":"https:\/\/serveiseducatius.xtec.cat\/baixllobregat6\/wp-json\/wp\/v2\/posts\/6892","targetHints":{"allow":["GET"]}}],"collection":[{"href":"https:\/\/serveiseducatius.xtec.cat\/baixllobregat6\/wp-json\/wp\/v2\/posts"}],"about":[{"href":"https:\/\/serveiseducatius.xtec.cat\/baixllobregat6\/wp-json\/wp\/v2\/types\/post"}],"author":[{"embeddable":true,"href":"https:\/\/serveiseducatius.xtec.cat\/baixllobregat6\/wp-json\/wp\/v2\/users\/1"}],"replies":[{"embeddable":true,"href":"https:\/\/serveiseducatius.xtec.cat\/baixllobregat6\/wp-json\/wp\/v2\/comments?post=6892"}],"version-history":[{"count":1,"href":"https:\/\/serveiseducatius.xtec.cat\/baixllobregat6\/wp-json\/wp\/v2\/posts\/6892\/revisions"}],"predecessor-version":[{"id":7304,"href":"https:\/\/serveiseducatius.xtec.cat\/baixllobregat6\/wp-json\/wp\/v2\/posts\/6892\/revisions\/7304"}],"wp:attachment":[{"href":"https:\/\/serveiseducatius.xtec.cat\/baixllobregat6\/wp-json\/wp\/v2\/media?parent=6892"}],"wp:term":[{"taxonomy":"category","embeddable":true,"href":"https:\/\/serveiseducatius.xtec.cat\/baixllobregat6\/wp-json\/wp\/v2\/categories?post=6892"},{"taxonomy":"post_tag","embeddable":true,"href":"https:\/\/serveiseducatius.xtec.cat\/baixllobregat6\/wp-json\/wp\/v2\/tags?post=6892"}],"curies":[{"name":"wp","href":"https:\/\/api.w.org\/{rel}","templated":true}]}}