{"id":6885,"date":"2015-03-02T16:30:00","date_gmt":"2015-03-02T15:30:00","guid":{"rendered":"http:\/\/serveiseducatius.xtec.cat\/se-baixllobregat6\/general\/700-anys-de-la-mort-de-ramon-llull-vindicacio-danna-rubies-i-el-llibre-de-les-besties-contat-als-infants\/"},"modified":"2016-02-08T12:44:11","modified_gmt":"2016-02-08T11:44:11","slug":"700-anys-de-la-mort-de-ramon-llull-vindicacio-danna-rubies-i-el-llibre-de-les-besties-contat-als-infants","status":"publish","type":"post","link":"https:\/\/serveiseducatius.xtec.cat\/baixllobregat6\/biblioteca-escolar\/informacions\/700-anys-de-la-mort-de-ramon-llull-vindicacio-danna-rubies-i-el-llibre-de-les-besties-contat-als-infants\/","title":{"rendered":"700 anys de la mort de Ramon Llull. Vindicaci\u00f3 d&#8217;Anna Rubi\u00e9s i &#8220;El llibre de les b\u00e8sties contat als infants&#8221;"},"content":{"rendered":"<div dir=\"ltr\" style=\"text-align: left;\">\n<div style=\"clear: both; text-align: center;\"><a href=\"http:\/\/3.bp.blogspot.com\/-Ep2nSWgMCmM\/VPSBmI6tziI\/AAAAAAAAB3k\/a0FNCcsxdTI\/s1600\/Llull.jpg\" style=\"margin-left: 1em; margin-right: 1em;\"><img decoding=\"async\" border=\"0\" src=\"http:\/\/3.bp.blogspot.com\/-Ep2nSWgMCmM\/VPSBmI6tziI\/AAAAAAAAB3k\/a0FNCcsxdTI\/s1600\/Llull.jpg\" \/><\/a><\/div>\n<p><b>Ramon Llull<\/b> \u00e9s un dels m\u00e0xims exponents de la cultura i el pensament a Europa. L&#8217;originalitat del seu pensament i la qualitat de la seva literatura han fet de Llull la figura m\u00e9s destacada de la cultura catalana de tots els segles arreu del m\u00f3n. La seva obra, escrita principalment en catal\u00e0 i llat\u00ed, i probablement tamb\u00e9 en \u00e0rab, ha tingut una gran influ\u00e8ncia entre grans pensadors, des del mateix segle XIV fins als nostres dies. Els seus llibres han estat editats i tradu\u00efts a desenes de lleng\u00fces als centres de cultura i estudi m\u00e9s prestigiosos d\u2019arreu del m\u00f3n.<\/p>\n<p>El Govern de la Generalitat de Catalunya ha acordat declarar el 2016 Any Llull amb motiu del set\u00e8 centenari de la seva mort. Aquesta celebraci\u00f3 es far\u00e0 entre el mes de novembre de 2015 i el mes de novembre de 2016.<\/p>\n<p>Aprofitant aquesta celebraci\u00f3 potser seria convenient vindicar la lectura a les escoles de l&#8217;adaptaci\u00f3 d&#8217;una de les seves obres,&nbsp;<i><b>El llibre de les b\u00e8sties<\/b>,&nbsp;<\/i>a c\u00e0rrec d&#8217;<a href=\"http:\/\/www.dbd.cat\/index.php?option=com_biografies&amp;view=biografia&amp;id=1229\" target=\"_blank\"><b>Anna Rubi\u00e9s<\/b><\/a>.<\/p>\n<div style=\"clear: both; text-align: center;\"><a href=\"http:\/\/4.bp.blogspot.com\/-TWBbgNcdlb0\/VPR_42oyVVI\/AAAAAAAAB3c\/CVAkD7X0dQI\/s1600\/llibrebesties.png\" style=\"margin-left: 1em; margin-right: 1em;\"><img loading=\"lazy\" decoding=\"async\" border=\"0\" src=\"http:\/\/4.bp.blogspot.com\/-TWBbgNcdlb0\/VPR_42oyVVI\/AAAAAAAAB3c\/CVAkD7X0dQI\/s1600\/llibrebesties.png\" height=\"320\" width=\"237\" \/><\/a><\/div>\n<p><i><b>El llibre de les b\u00e8sties<\/b><\/i>&nbsp;\u00e9s una faula que explica les intrigues que es viuen a la cort del Lle\u00f3, que \u00e9s el rei elegit. I, com qui no vol la cosa, se succeeixen les tra\u00efcions, les aliances, hi ha assassinats i un final feli\u00e7. Tot plegat en una mena d\u2019historieta entretinguda on els animals encarnen vicis i virtuts humanes.<\/p>\n<p>L&#8217;any 1934 la mestra Anna Rubi\u00e9s va fer una adaptaci\u00f3 de <i><b>El llibre de les b\u00e8sties<\/b><\/i>&nbsp;adre\u00e7ada als escolars. Fou publicada per la impremta Elzeviriana de Barcelona.. L&#8217;any 1981 l&#8217;editorial l&#8217;Atzar, dins la col\u00b7lecci\u00f3 <i>Lectures de l&#8217;estudiant<\/i>, en feu una reedici\u00f3.<\/p>\n<p>Ramon Bassa, professor de la Universitat de les Illes Balears a l&#8217;obra col\u00b7lectiva <i><b><a href=\"http:\/\/ccuc.cbuc.cat\/search~S23*cat\/t?patrimoni+de+la+imaginaci%7Bu00F3%7D&amp;searchscope=23\" target=\"_blank\">El Patrimoni de la imaginaci\u00f3 : llibres d&#8217;ahir per a lectors d&#8217;avui<\/a><\/b><\/i>, escriu un cap\u00edtol dedicat a l&#8217;adaptaci\u00f3 que Anna Rubi\u00e9s fa de <i><b><a href=\"https:\/\/www.google.es\/url?sa=t&amp;rct=j&amp;q=&amp;esrc=s&amp;source=web&amp;cd=1&amp;cad=rja&amp;uact=8&amp;ved=0CB8QFjAA&amp;url=http%3A%2F%2Fliteratura.gretel.cat%2Flectures%2Fclassics%2Fllibre-besties-ramon-llull-anna-rubies-adap&amp;ei=qX30VPeIBIO1UbvSgPAK&amp;usg=AFQjCNHrzvsRASugqQa38n9Yt0ja11zhXA&amp;bvm=bv.87269000,d.d24\" target=\"_blank\">El llibre de les b\u00e8sties<\/a>.<\/b><\/i><\/p>\n<p><\/div>\n","protected":false},"excerpt":{"rendered":"<p>Ramon Llull \u00e9s un dels m\u00e0xims exponents de la cultura i el pensament a Europa. L&#8217;originalitat del seu pensament i la qualitat de la seva literatura han fet de Llull la figura m\u00e9s destacada de la cultura catalana de tots els segles arreu del m\u00f3n. La seva obra, escrita principalment en catal\u00e0 i llat\u00ed, i [&hellip;]<\/p>\n","protected":false},"author":1,"featured_media":0,"comment_status":"open","ping_status":"open","sticky":false,"template":"","format":"standard","meta":{"_bbp_topic_count":0,"_bbp_reply_count":0,"_bbp_total_topic_count":0,"_bbp_total_reply_count":0,"_bbp_voice_count":0,"_bbp_anonymous_reply_count":0,"_bbp_topic_count_hidden":0,"_bbp_reply_count_hidden":0,"_bbp_forum_subforum_count":0,"site-sidebar-layout":"default","site-content-layout":"","ast-site-content-layout":"","site-content-style":"default","site-sidebar-style":"default","ast-global-header-display":"","ast-banner-title-visibility":"","ast-main-header-display":"","ast-hfb-above-header-display":"","ast-hfb-below-header-display":"","ast-hfb-mobile-header-display":"","site-post-title":"","ast-breadcrumbs-content":"","ast-featured-img":"","footer-sml-layout":"","theme-transparent-header-meta":"","adv-header-id-meta":"","stick-header-meta":"","header-above-stick-meta":"","header-main-stick-meta":"","header-below-stick-meta":"","astra-migrate-meta-layouts":"default","ast-page-background-enabled":"default","ast-page-background-meta":{"desktop":{"background-color":"var(--ast-global-color-4)","background-image":"","background-repeat":"repeat","background-position":"center center","background-size":"auto","background-attachment":"scroll","background-type":"","background-media":"","overlay-type":"","overlay-color":"","overlay-opacity":"","overlay-gradient":""},"tablet":{"background-color":"","background-image":"","background-repeat":"repeat","background-position":"center center","background-size":"auto","background-attachment":"scroll","background-type":"","background-media":"","overlay-type":"","overlay-color":"","overlay-opacity":"","overlay-gradient":""},"mobile":{"background-color":"","background-image":"","background-repeat":"repeat","background-position":"center center","background-size":"auto","background-attachment":"scroll","background-type":"","background-media":"","overlay-type":"","overlay-color":"","overlay-opacity":"","overlay-gradient":""}},"ast-content-background-meta":{"desktop":{"background-color":"var(--ast-global-color-5)","background-image":"","background-repeat":"repeat","background-position":"center center","background-size":"auto","background-attachment":"scroll","background-type":"","background-media":"","overlay-type":"","overlay-color":"","overlay-opacity":"","overlay-gradient":""},"tablet":{"background-color":"var(--ast-global-color-5)","background-image":"","background-repeat":"repeat","background-position":"center center","background-size":"auto","background-attachment":"scroll","background-type":"","background-media":"","overlay-type":"","overlay-color":"","overlay-opacity":"","overlay-gradient":""},"mobile":{"background-color":"var(--ast-global-color-5)","background-image":"","background-repeat":"repeat","background-position":"center center","background-size":"auto","background-attachment":"scroll","background-type":"","background-media":"","overlay-type":"","overlay-color":"","overlay-opacity":"","overlay-gradient":""}},"footnotes":""},"categories":[1078],"tags":[1436,428,453,1363,692,693,1364],"class_list":["post-6885","post","type-post","status-publish","format-standard","hentry","category-informacions","tag-biblioreport","tag-edat-mitjana","tag-efemerides","tag-faula","tag-literatura-catalana","tag-literatura-infantil","tag-ramon-llull"],"post_mailing_queue_ids":[],"_links":{"self":[{"href":"https:\/\/serveiseducatius.xtec.cat\/baixllobregat6\/wp-json\/wp\/v2\/posts\/6885","targetHints":{"allow":["GET"]}}],"collection":[{"href":"https:\/\/serveiseducatius.xtec.cat\/baixllobregat6\/wp-json\/wp\/v2\/posts"}],"about":[{"href":"https:\/\/serveiseducatius.xtec.cat\/baixllobregat6\/wp-json\/wp\/v2\/types\/post"}],"author":[{"embeddable":true,"href":"https:\/\/serveiseducatius.xtec.cat\/baixllobregat6\/wp-json\/wp\/v2\/users\/1"}],"replies":[{"embeddable":true,"href":"https:\/\/serveiseducatius.xtec.cat\/baixllobregat6\/wp-json\/wp\/v2\/comments?post=6885"}],"version-history":[{"count":1,"href":"https:\/\/serveiseducatius.xtec.cat\/baixllobregat6\/wp-json\/wp\/v2\/posts\/6885\/revisions"}],"predecessor-version":[{"id":7300,"href":"https:\/\/serveiseducatius.xtec.cat\/baixllobregat6\/wp-json\/wp\/v2\/posts\/6885\/revisions\/7300"}],"wp:attachment":[{"href":"https:\/\/serveiseducatius.xtec.cat\/baixllobregat6\/wp-json\/wp\/v2\/media?parent=6885"}],"wp:term":[{"taxonomy":"category","embeddable":true,"href":"https:\/\/serveiseducatius.xtec.cat\/baixllobregat6\/wp-json\/wp\/v2\/categories?post=6885"},{"taxonomy":"post_tag","embeddable":true,"href":"https:\/\/serveiseducatius.xtec.cat\/baixllobregat6\/wp-json\/wp\/v2\/tags?post=6885"}],"curies":[{"name":"wp","href":"https:\/\/api.w.org\/{rel}","templated":true}]}}