{"id":6884,"date":"2015-03-02T17:02:00","date_gmt":"2015-03-02T16:02:00","guid":{"rendered":"http:\/\/serveiseducatius.xtec.cat\/se-baixllobregat6\/general\/hem-rebut-de-leditorial-kalandraka-4\/"},"modified":"2016-02-08T12:33:23","modified_gmt":"2016-02-08T11:33:23","slug":"hem-rebut-de-leditorial-kalandraka-4","status":"publish","type":"post","link":"https:\/\/serveiseducatius.xtec.cat\/baixllobregat6\/biblioteca-escolar\/informacions\/literatura-infantil-i-juvenil\/hem-rebut-de-leditorial-kalandraka-4\/","title":{"rendered":"Hem rebut de l&#8217;editorial&#8230; KALANDRAKA"},"content":{"rendered":"<div dir=\"ltr\" style=\"text-align: left;\">A la biblioteca del Servei Educatiu Baix Llobregat-6 hem rebut de l&#8217;editorial <a href=\"http:\/\/www.kalandraka.com\/es\/novedades\/\" target=\"_blank\"><b>Kalandraka<\/b><\/a> aquest \u00e0lbums il\u00b7lustrats que llegirem amb atenci\u00f3 i en farem difusi\u00f3 entre les escoles i instituts de la nostra demarcaci\u00f3 territorial.<\/p>\n<p>Dues esperades traduccions al catal\u00e0:<\/p>\n<div style=\"clear: both; text-align: center;\"><a href=\"http:\/\/1.bp.blogspot.com\/-6XNHxIEPJFo\/VPSEv1LlQgI\/AAAAAAAAB4A\/zjGOt1iTNSE\/s1600\/la-historia-de-erika.jpg\" style=\"clear: left; float: left; margin-bottom: 1em; margin-right: 1em;\"><img decoding=\"async\" border=\"0\" src=\"http:\/\/1.bp.blogspot.com\/-6XNHxIEPJFo\/VPSEv1LlQgI\/AAAAAAAAB4A\/zjGOt1iTNSE\/s1600\/la-historia-de-erika.jpg\" \/><\/a><\/div>\n<p><b>LA HIST\u00d2RIA DE L&#8217;ERIKA<\/b><br \/>Ruth Vander Zee (text) i Roberto Innocenti (il\u00b7lustraci\u00f3)<\/p>\n<p>Han passat sis d\u00e8cades des de la alliberaci\u00f3 dels camps d&#8217;extermini nazis. L&#8217;Erika ens explica la seva hist\u00f2ria perqu\u00e8 la millor manera de qu\u00e8 tot all\u00f2 no es repeteixi \u00e9s mantenint viva la mem\u00f2ria.<\/p>\n<div style=\"clear: both; text-align: center;\"><a href=\"http:\/\/3.bp.blogspot.com\/-vewgc45tQGg\/VPSEx9yDh8I\/AAAAAAAAB4Y\/Vig5gSs3fvM\/s1600\/un-conte-embolicat.jpg\" style=\"clear: left; float: left; margin-bottom: 1em; margin-right: 1em;\"><img decoding=\"async\" border=\"0\" src=\"http:\/\/3.bp.blogspot.com\/-vewgc45tQGg\/VPSEx9yDh8I\/AAAAAAAAB4Y\/Vig5gSs3fvM\/s1600\/un-conte-embolicat.jpg\" \/><\/a><\/div>\n<p><b>UN CONTE EMBOLICAT<\/b><br \/>Gianni Rodari (text) i Alessandro Sanna (il\u00b7lustraci\u00f3)<\/p>\n<p>Tot jugant a trencar amb el que coneixem, aquest &#8220;conte per tel\u00e8fon&#8221; ens ofereix una sorprenent visi\u00f3 de la cl\u00e0ssica Caputxeta.<\/p>\n<p>Dos \u00e0lbums que s\u00f3n poesia pura.<\/p>\n<div style=\"clear: both; text-align: center;\"><a href=\"http:\/\/3.bp.blogspot.com\/-dqobWlKU3Fg\/VPSEwyjIEAI\/AAAAAAAAB4g\/6pg1gH5fgVA\/s1600\/ossets.jpg\" style=\"clear: left; float: left; margin-bottom: 1em; margin-right: 1em;\"><img decoding=\"async\" border=\"0\" src=\"http:\/\/3.bp.blogspot.com\/-dqobWlKU3Fg\/VPSEwyjIEAI\/AAAAAAAAB4g\/6pg1gH5fgVA\/s1600\/ossets.jpg\" \/><\/a><\/div>\n<p><b>OSSETS<\/b><br \/>Ruth Krauss (text) i Maurice Sendak (il\u00b7lustraci\u00f3)<\/p>\n<p>Un cl\u00e0ssic amb ritme i rima per a l&#8217;hora d&#8217;anar a dormir. L&#8217;entremaliadura d&#8217;un gos es converteix en una divertida persecuci\u00f3 amb \u00f3ssos per tot arreu. \u00c9s un llibre de Sendak com a il\u00b7lustrador, per a primers lectors.<\/p>\n<div style=\"clear: both; text-align: center;\"><a href=\"http:\/\/2.bp.blogspot.com\/-7Nuqio-0f-k\/VPSEwd_mwfI\/AAAAAAAAB4E\/BxunVf0rkCI\/s1600\/no_hay_dos_iguales.jpg\" style=\"clear: left; float: left; margin-bottom: 1em; margin-right: 1em;\"><img decoding=\"async\" border=\"0\" src=\"http:\/\/2.bp.blogspot.com\/-7Nuqio-0f-k\/VPSEwd_mwfI\/AAAAAAAAB4E\/BxunVf0rkCI\/s1600\/no_hay_dos_iguales.jpg\" \/><\/a><\/div>\n<p><b>NO HAY DOS IGUALES<\/b><br \/>Javier Sobrino (text) i Catarina Sobral (il\u00b7lustraci\u00f3)<\/p>\n<p>A todas horas y en cualquier lugar est\u00e1n presentes. Porque son la forma m\u00e1s universal en la que se expresa y se demuestra el afecto. Una oda contempor\u00e1nea a los besos, con un atractivo dise\u00f1o.<\/p>\n<p>Un conte amb una gran for\u00e7a visual.<\/p>\n<div style=\"clear: both; text-align: center;\"><a href=\"http:\/\/1.bp.blogspot.com\/-e2wDmNsLFJY\/VPSEwkDdaqI\/AAAAAAAAB4M\/1HklWwqoEh8\/s1600\/loncle-llop.jpg\" style=\"clear: left; float: left; margin-bottom: 1em; margin-right: 1em;\"><img decoding=\"async\" border=\"0\" src=\"http:\/\/1.bp.blogspot.com\/-e2wDmNsLFJY\/VPSEwkDdaqI\/AAAAAAAAB4M\/1HklWwqoEh8\/s1600\/loncle-llop.jpg\" \/><\/a><\/div>\n<p><b>L&#8217;ONCLE LLOP<\/b><br \/>Xos\u00e9 Ballesteros (text) i Roger Olmos (il\u00b7lustraci\u00f3)<\/p>\n<p>14 anys despr\u00e9s de la seva primera edici\u00f3, Roger Olmos ha tornat a recrear aquest conte tradicional itali\u00e0, de final inesperat. Una proposta atrevida amb estil llumin\u00f3s i jocs visuals brillants que sorprendran els lectors.<\/p>\n<p>Dos \u00e0lbums que ens fan pensar.<\/p>\n<div style=\"clear: both; text-align: center;\"><a href=\"http:\/\/3.bp.blogspot.com\/-gPqq8zPVQzY\/VPSEuhomwHI\/AAAAAAAAB30\/ROuZ3wlm1dI\/s1600\/la-abuela-durmiente.jpg\" style=\"clear: left; float: left; margin-bottom: 1em; margin-right: 1em;\"><img decoding=\"async\" border=\"0\" src=\"http:\/\/3.bp.blogspot.com\/-gPqq8zPVQzY\/VPSEuhomwHI\/AAAAAAAAB30\/ROuZ3wlm1dI\/s1600\/la-abuela-durmiente.jpg\" \/><\/a><\/div>\n<p><b>LA ABUELA DURMIENTE<\/b><br \/>Roberto Parmeggiani (text) i Jo\u00e3o Vaz de Carvalho (il\u00b7lustraci\u00f3)<\/p>\n<p>Antes de quedarse dormida, la abuela cocinaba, le\u00eda y contaba cuentos; luego empez\u00f3 a hacer cosas extra\u00f1as&#8230; Un hermoso libro para todas las abuelas y abuelos que olvidan, para todos los ni\u00f1os y ni\u00f1as que cuidan de sus abuelos y abuelas.<\/p>\n<p><i>Un llibre &nbsp;sobre l&#8217;Alzheimer i la mort.<\/i><\/p>\n<p><\/p>\n<div style=\"clear: both; text-align: center;\"><a href=\"http:\/\/3.bp.blogspot.com\/-rEkrPS-YVZE\/VPSExYhR5FI\/AAAAAAAAB4Q\/9HhViriUQVk\/s1600\/rainbow.jpg\" style=\"clear: left; float: left; margin-bottom: 1em; margin-right: 1em;\"><img decoding=\"async\" border=\"0\" src=\"http:\/\/3.bp.blogspot.com\/-rEkrPS-YVZE\/VPSExYhR5FI\/AAAAAAAAB4Q\/9HhViriUQVk\/s1600\/rainbow.jpg\" \/><\/a><\/div>\n<p><b>LA HIST\u00d2RIA DEL RAINBOW WARRIOR<\/b><br \/>Roc\u00edo Mart\u00ednez<\/p>\n<p>La profecia dels indis Cree augurava un temps en el qual els homes i dones de tot el m\u00f3n s&#8217;unirien com a guerrers de l&#8217;Arc de Sant Mart\u00ed per defensar el planeta i les esp\u00e8cies de la contaminaci\u00f3 i les agressions ambientals.<\/p>\n<p><i>Un llibre sobre la defensa del medi ambient<\/i><br \/><i><br \/><\/i><i><br \/><\/i>&#8230; I un volum m\u00e9s de la magn\u00edfica s\u00e8rie <i>Inventaris il\u00b7lustrats<\/i>.<\/p>\n<div style=\"clear: both; text-align: center;\"><a href=\"http:\/\/1.bp.blogspot.com\/-MR6YYHBctnU\/VPSEuGEFRAI\/AAAAAAAAB3w\/DY0m5OewMS0\/s1600\/inventari_dels_mars.jpg\" style=\"clear: left; float: left; margin-bottom: 1em; margin-right: 1em;\"><img decoding=\"async\" border=\"0\" src=\"http:\/\/1.bp.blogspot.com\/-MR6YYHBctnU\/VPSEuGEFRAI\/AAAAAAAAB3w\/DY0m5OewMS0\/s1600\/inventari_dels_mars.jpg\" \/><\/a><\/div>\n<p><b>INVENTARI IL\u00b7LUSTRAT DELS MARS<\/b><br \/>Virginie Aladjidi \/ Emmanuelle Tchoukriel<\/p>\n<p>Una senzilla i pr\u00e0ctica guia de la rica biodiversitat marina que reuneix un centenar d&#8217;animals i plantes, algunes d&#8217;elles en perill d&#8217;extinci\u00f3. Una obra que fomenta la curiositat i la sensibilitzaci\u00f3 d&#8217;infants i adults pel medi natural i la seva conservaci\u00f3.<\/p><\/div>\n","protected":false},"excerpt":{"rendered":"<p>A la biblioteca del Servei Educatiu Baix Llobregat-6 hem rebut de l&#8217;editorial Kalandraka aquest \u00e0lbums il\u00b7lustrats que llegirem amb atenci\u00f3 i en farem difusi\u00f3 entre les escoles i instituts de la nostra demarcaci\u00f3 territorial. Dues esperades traduccions al catal\u00e0: LA HIST\u00d2RIA DE L&#8217;ERIKARuth Vander Zee (text) i Roberto Innocenti (il\u00b7lustraci\u00f3) Han passat sis d\u00e8cades des [&hellip;]<\/p>\n","protected":false},"author":1,"featured_media":0,"comment_status":"open","ping_status":"open","sticky":false,"template":"","format":"standard","meta":{"_bbp_topic_count":0,"_bbp_reply_count":0,"_bbp_total_topic_count":0,"_bbp_total_reply_count":0,"_bbp_voice_count":0,"_bbp_anonymous_reply_count":0,"_bbp_topic_count_hidden":0,"_bbp_reply_count_hidden":0,"_bbp_forum_subforum_count":0,"site-sidebar-layout":"default","site-content-layout":"","ast-site-content-layout":"","site-content-style":"default","site-sidebar-style":"default","ast-global-header-display":"","ast-banner-title-visibility":"","ast-main-header-display":"","ast-hfb-above-header-display":"","ast-hfb-below-header-display":"","ast-hfb-mobile-header-display":"","site-post-title":"","ast-breadcrumbs-content":"","ast-featured-img":"","footer-sml-layout":"","theme-transparent-header-meta":"","adv-header-id-meta":"","stick-header-meta":"","header-above-stick-meta":"","header-main-stick-meta":"","header-below-stick-meta":"","astra-migrate-meta-layouts":"default","ast-page-background-enabled":"default","ast-page-background-meta":{"desktop":{"background-color":"var(--ast-global-color-4)","background-image":"","background-repeat":"repeat","background-position":"center center","background-size":"auto","background-attachment":"scroll","background-type":"","background-media":"","overlay-type":"","overlay-color":"","overlay-opacity":"","overlay-gradient":""},"tablet":{"background-color":"","background-image":"","background-repeat":"repeat","background-position":"center center","background-size":"auto","background-attachment":"scroll","background-type":"","background-media":"","overlay-type":"","overlay-color":"","overlay-opacity":"","overlay-gradient":""},"mobile":{"background-color":"","background-image":"","background-repeat":"repeat","background-position":"center center","background-size":"auto","background-attachment":"scroll","background-type":"","background-media":"","overlay-type":"","overlay-color":"","overlay-opacity":"","overlay-gradient":""}},"ast-content-background-meta":{"desktop":{"background-color":"var(--ast-global-color-5)","background-image":"","background-repeat":"repeat","background-position":"center center","background-size":"auto","background-attachment":"scroll","background-type":"","background-media":"","overlay-type":"","overlay-color":"","overlay-opacity":"","overlay-gradient":""},"tablet":{"background-color":"var(--ast-global-color-5)","background-image":"","background-repeat":"repeat","background-position":"center center","background-size":"auto","background-attachment":"scroll","background-type":"","background-media":"","overlay-type":"","overlay-color":"","overlay-opacity":"","overlay-gradient":""},"mobile":{"background-color":"var(--ast-global-color-5)","background-image":"","background-repeat":"repeat","background-position":"center center","background-size":"auto","background-attachment":"scroll","background-type":"","background-media":"","overlay-type":"","overlay-color":"","overlay-opacity":"","overlay-gradient":""}},"footnotes":""},"categories":[1077],"tags":[214,1436,363,831,914],"class_list":["post-6884","post","type-post","status-publish","format-standard","hentry","category-literatura-infantil-i-juvenil","tag-album-illustrat","tag-biblioreport","tag-contes","tag-poesia","tag-seleccio-bibliografica"],"post_mailing_queue_ids":[],"_links":{"self":[{"href":"https:\/\/serveiseducatius.xtec.cat\/baixllobregat6\/wp-json\/wp\/v2\/posts\/6884","targetHints":{"allow":["GET"]}}],"collection":[{"href":"https:\/\/serveiseducatius.xtec.cat\/baixllobregat6\/wp-json\/wp\/v2\/posts"}],"about":[{"href":"https:\/\/serveiseducatius.xtec.cat\/baixllobregat6\/wp-json\/wp\/v2\/types\/post"}],"author":[{"embeddable":true,"href":"https:\/\/serveiseducatius.xtec.cat\/baixllobregat6\/wp-json\/wp\/v2\/users\/1"}],"replies":[{"embeddable":true,"href":"https:\/\/serveiseducatius.xtec.cat\/baixllobregat6\/wp-json\/wp\/v2\/comments?post=6884"}],"version-history":[{"count":1,"href":"https:\/\/serveiseducatius.xtec.cat\/baixllobregat6\/wp-json\/wp\/v2\/posts\/6884\/revisions"}],"predecessor-version":[{"id":7299,"href":"https:\/\/serveiseducatius.xtec.cat\/baixllobregat6\/wp-json\/wp\/v2\/posts\/6884\/revisions\/7299"}],"wp:attachment":[{"href":"https:\/\/serveiseducatius.xtec.cat\/baixllobregat6\/wp-json\/wp\/v2\/media?parent=6884"}],"wp:term":[{"taxonomy":"category","embeddable":true,"href":"https:\/\/serveiseducatius.xtec.cat\/baixllobregat6\/wp-json\/wp\/v2\/categories?post=6884"},{"taxonomy":"post_tag","embeddable":true,"href":"https:\/\/serveiseducatius.xtec.cat\/baixllobregat6\/wp-json\/wp\/v2\/tags?post=6884"}],"curies":[{"name":"wp","href":"https:\/\/api.w.org\/{rel}","templated":true}]}}