{"id":6872,"date":"2015-05-05T16:26:00","date_gmt":"2015-05-05T15:26:00","guid":{"rendered":"http:\/\/serveiseducatius.xtec.cat\/se-baixllobregat6\/general\/proeses-pere-ferres-costa-1888-1915-espai-multimedia-bibliografia-sobre-catalunya-i-la-gran-guerra\/"},"modified":"2016-02-08T12:15:11","modified_gmt":"2016-02-08T11:15:11","slug":"proeses-pere-ferres-costa-1888-1915-espai-multimedia-bibliografia-sobre-catalunya-i-la-gran-guerra","status":"publish","type":"post","link":"https:\/\/serveiseducatius.xtec.cat\/baixllobregat6\/biblioteca-escolar\/informacions\/bibliografia-per-a-docents\/proeses-pere-ferres-costa-1888-1915-espai-multimedia-bibliografia-sobre-catalunya-i-la-gran-guerra\/","title":{"rendered":"\u00abPROESES\u00bb. PERE FERR\u00c9S-COSTA (1888-1915). Espai multim\u00e8dia. Bibliografia sobre Catalunya i la Gran Guerra"},"content":{"rendered":"<div dir=\"ltr\" style=\"text-align: left;\">Al llarg del mes de maig, a l&#8217;Expoforn de Sant Vicen\u00e7 dels Horts es far\u00e0 l&#8217;exposici\u00f3 <b>Proeses. Pere Ferr\u00e9s-Costa (1888-1915)&nbsp;<\/b>on es podran con\u00e8ixer les vicissituds de la curta vida d&#8217;aquest personatge vicent\u00ed. En primer lloc, la seva col\u2022laboraci\u00f3 des de ben jove com a mestre auxiliar a l&#8217;Hospitalet de Llobregat i en segon lloc, la seva incursi\u00f3 en la literatura i els incessants viatges que dugu\u00e9 a terme. Tamb\u00e9 s&#8217;hi explica la seva tr\u00e0gica mort al camp de batalla, durant la Gran Guerra i s&#8217;hi pot constatar el grau de reconeixement local, nacional i internacional que va tenir per aquest fet.<\/p>\n<p>En el marc de l&#8217;exposici\u00f3 es posa a l&#8217;abast dels visitants un espai d&#8217;interpretaci\u00f3 de la Gran Guerra, amb diversos recursos multim\u00e8dia (llibres, films, apps, webs&#8230;) per ampliar-ne la informaci\u00f3.<\/p>\n<p>En aquesta entrada es relacionen els llibres que permeten contextualitzar la vida i l&#8217;obra de Ferr\u00e9s-Costa i l&#8217;\u00e8poca de la Gran Guerra.<\/p>\n<h3 style=\"text-align: left;\"><span style=\"color: #3d85c6;\">CATALUNYA I LA GRAN GUERRA<\/span><\/h3>\n<div style=\"clear: both; text-align: center;\"><a href=\"http:\/\/4.bp.blogspot.com\/-GF5lgAzC6V8\/VVCMFA1wjEI\/AAAAAAAACMQ\/_Sq1KMa0YBM\/s1600\/12000.jpg\" style=\"clear: left; float: left; margin-bottom: 1em; margin-right: 1em;\"><img loading=\"lazy\" decoding=\"async\" border=\"0\" height=\"200\" src=\"http:\/\/4.bp.blogspot.com\/-GF5lgAzC6V8\/VVCMFA1wjEI\/AAAAAAAACMQ\/_Sq1KMa0YBM\/s200\/12000.jpg\" width=\"136\" \/><\/a><\/div>\n<p>ESCULIES, Joan; MART\u00cdNEZ FIOL, David. <b><i>12000! ELS CATALANS A LA PRIMERA GUERRA MUNDIAL<\/i><\/b>. Barcelona: Ara Llibres, 2014 ISBN 9788415642718<br \/>12.000! d\u00f3na llum a un dels fets m\u00e9s oblidats de la nostra hist\u00f2ria: la pres\u00e8ncia de milers de soldats catalans a la Gran Guerra. Qui van ser aquests catalans? En nom de quins ideals i on van lluitar? Se&#8217;\u0092ls donava suport des de Catalunya? Van formar part de la propaganda per internacionalitzar el catalanisme? Fruit d&#8217;\u0092una investigaci\u00f3 rigorosa, i aportant tots els testimonis i tota la documentaci\u00f3 disponibles, els historiadors Joan Esculies i David Mart\u00ednez Fiol ens ofereixen una apassionant reconstrucci\u00f3 d\u0092&#8217;uns episodis pr\u00e0cticament desconeguts de la hist\u00f2ria b\u00e8l\u00b7lica catalana.<\/p>\n<p><\/p>\n<div style=\"clear: both; text-align: center;\"><a href=\"http:\/\/3.bp.blogspot.com\/-tm9aocWEmP0\/VVCMG3NoxZI\/AAAAAAAACMk\/_VkHoe7EjTc\/s1600\/gaziel.jpg\" style=\"clear: left; float: left; margin-bottom: 1em; margin-right: 1em;\"><img loading=\"lazy\" decoding=\"async\" border=\"0\" height=\"200\" src=\"http:\/\/3.bp.blogspot.com\/-tm9aocWEmP0\/VVCMG3NoxZI\/AAAAAAAACMk\/_VkHoe7EjTc\/s200\/gaziel.jpg\" width=\"131\" \/><\/a><\/div>\n<p>GAZIEL. <b><i>EN LAS TRINCHERAS<\/i><\/b>. Barcelona: Di\u00e9resis, 2009 ISBN 9788493399771<br \/>Selecci\u00f3 in\u00e8dita de les millors cr\u00f2niques de guerra escrites per Gaziel -pseud\u00f3nim del periodista catal\u00e0 Agust\u00ed Calvet-, considerat un dels mestres del periodisme del segle XX. A les p\u00e0gines del llibre, hom viu el curs de la Gran Guerra a trav\u00e9s d&#8217;un testimoni emotiu, penetrant i pacifista, visionari en la seva comprensi\u00f3 de les causes i efectes de la primera guerra de masses. \u00c9s la visi\u00f3 d&#8217;un dels primers corresponsals de guerra, que va rec\u00f3rrer els fronts franc\u00e8s i balc\u00e0nic, de Verdun fins a S\u00e8rbia, es va internar a les trinxeres i va arriscar la seva vida equipat amb m\u00e0scara antig\u00e0s i sota el foc dels franctiradors.<\/p>\n<p><\/p>\n<div style=\"clear: both; text-align: center;\"><a href=\"http:\/\/4.bp.blogspot.com\/-BMZ_Mj65q1A\/VVCMILnAFoI\/AAAAAAAACM0\/rCLUBQzvf2o\/s1600\/perfrancaiangla.jpg\" style=\"clear: left; float: left; margin-bottom: 1em; margin-right: 1em;\"><img loading=\"lazy\" decoding=\"async\" border=\"0\" height=\"200\" src=\"http:\/\/4.bp.blogspot.com\/-BMZ_Mj65q1A\/VVCMILnAFoI\/AAAAAAAACM0\/rCLUBQzvf2o\/s200\/perfrancaiangla.jpg\" width=\"135\" \/><\/a><\/div>\n<p>SAFONT PLUMED, Joan. <b><i>PER FRAN\u00c7A I ANGLATERRA. LA I GUERRA MUNDIAL DELS ALIAD\u00d2FILS CATALANS<\/i><\/b>. &nbsp;Barcelona: Acontravent, 2012 ISBN 9788415720010<br \/>L&#8217;any 1914, la Primera Guerra Mundial -tamb\u00e9 coneguda com la Gran Guerra- va ser l&#8217;esdeveniment que va fer entrar el m\u00f3n al segle XX. A la Catalunya que veia n\u00e9ixer la Mancomunitat, enclavada dins una Espanya neutral, el gran conflicte europeu es va viure amb passi\u00f3, entusiasme i amb una divisi\u00f3 total entre german\u00f2fils i aliad\u00f2fils.<br \/>Aquest grup majoritari, format per professionals liberals i la petita burgesia, va abanderar-se per Fran\u00e7a i Anglaterra amb la voluntat de situar el pa\u00eds al bell mig dels ideals nacionals, liberals i democr\u00e0tics que estaven en joc als camps de batalla i poder participar de la nova Europa que s&#8217;hauria de construir amb la vict\u00f2ria aliada.<br \/>Amb aquest entusiasme aliad\u00f2fil, un grup de periodistes, dibuixants, pol\u00edtics i intel\u00b7lectuals, molts d&#8217;ells membres de la Penya Gran de l&#8217;Ateneu -educats en la cultura francesa-, va decidir fundar la revista <b><i>Iberia<\/i><\/b>, que del 1915 al 1919 va esdevenir la publicaci\u00f3 capdavantera dels defensors de l&#8217;entesa franco-brit\u00e0nica.<\/p>\n<div style=\"clear: both; text-align: center;\"><a href=\"http:\/\/2.bp.blogspot.com\/-S59K4MiOIv8\/VVCREbeMUFI\/AAAAAAAACNI\/MNdxTZqPYIs\/s1600\/sapiens1.jpg\" style=\"clear: left; float: left; margin-bottom: 1em; margin-right: 1em;\"><img decoding=\"async\" border=\"0\" src=\"http:\/\/2.bp.blogspot.com\/-S59K4MiOIv8\/VVCREbeMUFI\/AAAAAAAACNI\/MNdxTZqPYIs\/s1600\/sapiens1.jpg\" \/><\/a><\/div>\n<p>Per a la contextualitzaci\u00f3 hist\u00f2rica de la la Gran Guerra es proposa el n\u00famero monogr\u00e0fic que la revista <b>Sapiens<\/b> dedic\u00e0 a <b>LA PRIMERA GUERRA MUNDIAL<\/b> (n\u00fam. 143 de juny de 2014) i el volum VI de la <b>Hist\u00f2ria de Catalunya<\/b>, dirigida per Pierre Vilar i publicat per Edicions 62. Aquest volum, redactat per Josep Termes, sota el t\u00edtol gen\u00e8ric <b><i>De la revoluci\u00f3 de setembre a la fi de la guerra civil<\/i><\/b>, abasta el per\u00edode que va des de 1868 al 1939.<\/p>\n<p>Altres espais per ampliar i contextualitzar el conflicte s\u00f3n el web de la revista <b>S\u00e0piens <\/b>sobre la <b><a href=\"http:\/\/www.sapiens.cat\/primera-guerra-mundial\/\" target=\"_blank\">Primera Guerra Mundial<\/a><\/b>&nbsp;i el&nbsp;<b><a href=\"http:\/\/mdc.cbuc.cat\/cdm\/landingpage\/collection\/IGuerraMuAB\" target=\"_blank\">Fons d&#8217;imatges de la Primera Guerra Mundial<\/a><\/b> de l&#8217;Ateneu Barcelon\u00e8s.<br \/><b><br \/><\/b><\/p>\n<h3 style=\"text-align: left;\"><b><span style=\"color: #3d85c6;\">OBRA DE PERE FERR\u00c9S-COSTA<\/span><\/b><\/h3>\n<div style=\"clear: both; text-align: center;\"><a href=\"http:\/\/4.bp.blogspot.com\/-EICo7zQZ4nk\/VVCME1dfNmI\/AAAAAAAACL8\/4b8-ORVsAdQ\/s1600\/FullSizeRender.jpg\" style=\"clear: left; float: left; margin-bottom: 1em; margin-right: 1em;\"><img loading=\"lazy\" decoding=\"async\" border=\"0\" height=\"200\" src=\"http:\/\/4.bp.blogspot.com\/-EICo7zQZ4nk\/VVCME1dfNmI\/AAAAAAAACL8\/4b8-ORVsAdQ\/s200\/FullSizeRender.jpg\" width=\"114\" \/><\/a><\/div>\n<p>FERR\u00c9S-COSTA, Pere. <b><i>PROESES D\u2019AMOR I PATRIOTISME<\/i><\/b>. Barcelona: Impremta R\u00e0fols, 1916.<br \/>Obra p\u00f2stuma editada per subscripci\u00f3 popular amb aportacions de Vives i Borrell i Pau Modolell, que recull l&#8217;obra po\u00e8tica i les cr\u00f2niques, tant des de R\u00fassia com del front, de Ferr\u00e9s-Costa.<\/p>\n<p><\/p>\n<div style=\"clear: both; text-align: center;\"><a href=\"http:\/\/2.bp.blogspot.com\/-6OKIunyKg7M\/VVCMHS2JB4I\/AAAAAAAACMs\/DPUBUsaeG7U\/s1600\/lecturespopulars.jpg\" style=\"clear: left; float: left; margin-bottom: 1em; margin-right: 1em;\"><img loading=\"lazy\" decoding=\"async\" border=\"0\" height=\"200\" src=\"http:\/\/2.bp.blogspot.com\/-6OKIunyKg7M\/VVCMHS2JB4I\/AAAAAAAACMs\/DPUBUsaeG7U\/s200\/lecturespopulars.jpg\" width=\"123\" \/><\/a><\/div>\n<p>FERR\u00c9S-COSTA, Pere. <b><i>POESIA<\/i><\/b>. Barcelona: Ilustraci\u00f3 Catalana.<br \/>Aquest volum, el 244, de la col\u00b7lecci\u00f3 <i>Lectures populars. Biblioteca d\u2019autors catalans<\/i>, recull una selecci\u00f3 de poemes de Pere Ferr\u00e9s-Costa. El pr\u00f2leg, tot i no estar signat, \u00e9s de V\u00edctor Catal\u00e0.<\/p>\n<p><\/p>\n<h3 style=\"text-align: left;\"><b><span style=\"color: #3d85c6;\">REFER\u00c8NCIES DE L&#8217;EXPOSICI\u00d3<\/span><\/b><\/h3>\n<div style=\"clear: both; text-align: center;\"><a href=\"http:\/\/3.bp.blogspot.com\/-2HZrvY2rnwI\/VVCMF5GFISI\/AAAAAAAACMU\/QylZ__tv4pI\/s1600\/IMG_4259.JPG\" style=\"clear: left; float: left; margin-bottom: 1em; margin-right: 1em;\"><img loading=\"lazy\" decoding=\"async\" border=\"0\" height=\"200\" src=\"http:\/\/3.bp.blogspot.com\/-2HZrvY2rnwI\/VVCMF5GFISI\/AAAAAAAACMU\/QylZ__tv4pI\/s200\/IMG_4259.JPG\" width=\"130\" \/><\/a><\/div>\n<p>BUSQUETS I PUNSET, Anton (Compilaci\u00f3). <b><i>APLEC<\/i><\/b>. Girona: Dalmau Carles Pla, 1923<br \/>Amb aquesta antologia editada per primer cop el 1906, el pedagog Busquests i Punset donava, com resa el subt\u00edtol de l\u2019obra, <i>uns models en vers i en prosa del nostre renaixement per a \u00fas de les escoles de Catalunya, Mallorca, Val\u00e8ncia i Rossell\u00f3.<\/i><br \/><i><br \/><\/i><i><br \/><\/i><i><br \/><\/i><i><br \/><\/i><i><br \/><\/i><i><br \/><\/i><\/p>\n<div style=\"clear: both; text-align: center;\"><a href=\"http:\/\/2.bp.blogspot.com\/-kdgR9tRjLxY\/VVCMGkP6JqI\/AAAAAAAACMw\/EnGSTJgYIbY\/s1600\/La-gaviota.jpg\" style=\"clear: left; float: left; margin-bottom: 1em; margin-right: 1em;\"><img loading=\"lazy\" decoding=\"async\" border=\"0\" height=\"200\" src=\"http:\/\/2.bp.blogspot.com\/-kdgR9tRjLxY\/VVCMGkP6JqI\/AAAAAAAACMw\/EnGSTJgYIbY\/s200\/La-gaviota.jpg\" width=\"133\" \/><\/a><\/div>\n<p>CH\u00c9JOV, Ant\u00f3n P. <b><i>LA GAVIOTA \/ T\u00cdO VANIA<\/i><\/b>. Barcelona: Alba, 2010 (Artes esc\u00e9nicas) ISBN 9788484285571<br \/>Edici\u00f3 de les dues peces teatrals de Ch\u00e9jov amb comentaris de l\u2019actriu Maria Chitau, de Konstantin Stanislavski i del cr\u00edtic Konstantin Rudnitski sobre els primers muntatges d\u2019ambdues obres.<\/p>\n<h3 style=\"text-align: left;\"><span style=\"color: #3d85c6;\"><b>M\u00c9S INFORMACI\u00d3 I DOCUMENTACI\u00d3<\/b><\/span><\/h3>\n<div style=\"clear: both; text-align: center;\"><a href=\"http:\/\/2.bp.blogspot.com\/-eHBq2DaKu-I\/VVCTZf21oSI\/AAAAAAAACNU\/1zIxk9q7dV4\/s1600\/lesvoltes.png\" style=\"clear: left; float: left; margin-bottom: 1em; margin-right: 1em;\"><img decoding=\"async\" border=\"0\" src=\"http:\/\/2.bp.blogspot.com\/-eHBq2DaKu-I\/VVCTZf21oSI\/AAAAAAAACNU\/1zIxk9q7dV4\/s1600\/lesvoltes.png\" \/><\/a><\/div>\n<p>La <b>Biblioteca Les Voltes<\/b> de Sant Vicen\u00e7 dels Horts disposa d&#8217;un fons de llibres sobre la I Guerra Mundial que, durant els dies de l&#8217;exposici\u00f3, restaran exposats en un espai espec\u00edfic de la biblioteca:<br \/><b><a href=\"http:\/\/aladi.diba.cat\/search~S86*cat?\/dGuerra+Mundial+%281914%2F1918%29\/dguerra+mundial+1914+1918\/1%2C7%2C36%2CB\/exact&amp;FF=dguerra+mundial+1914+1918+pellicules&amp;1%2C5%2C\/indexsort=-\" target=\"_blank\">Pel\u00b7l\u00edcules<\/a>&nbsp;&#8211;&nbsp;<\/b><b><a href=\"http:\/\/aladi.diba.cat\/search~S86*cat?\/dGuerra+Mundial+%281914%2F1918%29\/dguerra+mundial+1914+1918\/1%2C7%2C36%2CB\/frameset&amp;FF=dguerra+mundial+1914+1918+relats+personals&amp;1%2C1%2C\/indexsort=-\" target=\"_blank\">Relats personals<\/a>&nbsp;&#8211;&nbsp;<\/b><b><a href=\"http:\/\/aladi.diba.cat\/search~S86*cat?\/dGuerra+Mundial+%281914%2F1918%29\/dguerra+mundial+1914+1918\/1%2C7%2C36%2CB\/exact&amp;FF=dguerra+mundial+1914+1918&amp;1%2C19%2C\/indexsort=-\" target=\"_blank\">Gen\u00e8rics de coneixement sobre la Gran Guerra<\/a><\/b><\/p>\n<p><b><span style=\"color: red;\"><a href=\"https:\/\/drive.google.com\/file\/d\/0B58Brw5wa9U1TFhiTVE5eEtGaUk\/view?usp=sharing\" target=\"_blank\">Descarregueu el tr\u00edptic amb la guia de lectures de l&#8217;exposici\u00f3<\/a><\/span><\/b><\/p>\n<p><\/div>\n","protected":false},"excerpt":{"rendered":"<p>Al llarg del mes de maig, a l&#8217;Expoforn de Sant Vicen\u00e7 dels Horts es far\u00e0 l&#8217;exposici\u00f3 Proeses. Pere Ferr\u00e9s-Costa (1888-1915)&nbsp;on es podran con\u00e8ixer les vicissituds de la curta vida d&#8217;aquest personatge vicent\u00ed. En primer lloc, la seva col\u2022laboraci\u00f3 des de ben jove com a mestre auxiliar a l&#8217;Hospitalet de Llobregat i en segon lloc, la [&hellip;]<\/p>\n","protected":false},"author":1,"featured_media":0,"comment_status":"open","ping_status":"open","sticky":false,"template":"","format":"standard","meta":{"_bbp_topic_count":0,"_bbp_reply_count":0,"_bbp_total_topic_count":0,"_bbp_total_reply_count":0,"_bbp_voice_count":0,"_bbp_anonymous_reply_count":0,"_bbp_topic_count_hidden":0,"_bbp_reply_count_hidden":0,"_bbp_forum_subforum_count":0,"site-sidebar-layout":"default","site-content-layout":"","ast-site-content-layout":"","site-content-style":"default","site-sidebar-style":"default","ast-global-header-display":"","ast-banner-title-visibility":"","ast-main-header-display":"","ast-hfb-above-header-display":"","ast-hfb-below-header-display":"","ast-hfb-mobile-header-display":"","site-post-title":"","ast-breadcrumbs-content":"","ast-featured-img":"","footer-sml-layout":"","theme-transparent-header-meta":"","adv-header-id-meta":"","stick-header-meta":"","header-above-stick-meta":"","header-main-stick-meta":"","header-below-stick-meta":"","astra-migrate-meta-layouts":"default","ast-page-background-enabled":"default","ast-page-background-meta":{"desktop":{"background-color":"var(--ast-global-color-4)","background-image":"","background-repeat":"repeat","background-position":"center center","background-size":"auto","background-attachment":"scroll","background-type":"","background-media":"","overlay-type":"","overlay-color":"","overlay-opacity":"","overlay-gradient":""},"tablet":{"background-color":"","background-image":"","background-repeat":"repeat","background-position":"center center","background-size":"auto","background-attachment":"scroll","background-type":"","background-media":"","overlay-type":"","overlay-color":"","overlay-opacity":"","overlay-gradient":""},"mobile":{"background-color":"","background-image":"","background-repeat":"repeat","background-position":"center center","background-size":"auto","background-attachment":"scroll","background-type":"","background-media":"","overlay-type":"","overlay-color":"","overlay-opacity":"","overlay-gradient":""}},"ast-content-background-meta":{"desktop":{"background-color":"var(--ast-global-color-5)","background-image":"","background-repeat":"repeat","background-position":"center center","background-size":"auto","background-attachment":"scroll","background-type":"","background-media":"","overlay-type":"","overlay-color":"","overlay-opacity":"","overlay-gradient":""},"tablet":{"background-color":"var(--ast-global-color-5)","background-image":"","background-repeat":"repeat","background-position":"center center","background-size":"auto","background-attachment":"scroll","background-type":"","background-media":"","overlay-type":"","overlay-color":"","overlay-opacity":"","overlay-gradient":""},"mobile":{"background-color":"var(--ast-global-color-5)","background-image":"","background-repeat":"repeat","background-position":"center center","background-size":"auto","background-attachment":"scroll","background-type":"","background-media":"","overlay-type":"","overlay-color":"","overlay-opacity":"","overlay-gradient":""}},"footnotes":""},"categories":[1095],"tags":[1436,597,1357,907],"class_list":["post-6872","post","type-post","status-publish","format-standard","hentry","category-bibliografia-per-a-docents","tag-biblioreport","tag-historia","tag-iww","tag-sant-vicenc-dels-horts"],"post_mailing_queue_ids":[],"_links":{"self":[{"href":"https:\/\/serveiseducatius.xtec.cat\/baixllobregat6\/wp-json\/wp\/v2\/posts\/6872","targetHints":{"allow":["GET"]}}],"collection":[{"href":"https:\/\/serveiseducatius.xtec.cat\/baixllobregat6\/wp-json\/wp\/v2\/posts"}],"about":[{"href":"https:\/\/serveiseducatius.xtec.cat\/baixllobregat6\/wp-json\/wp\/v2\/types\/post"}],"author":[{"embeddable":true,"href":"https:\/\/serveiseducatius.xtec.cat\/baixllobregat6\/wp-json\/wp\/v2\/users\/1"}],"replies":[{"embeddable":true,"href":"https:\/\/serveiseducatius.xtec.cat\/baixllobregat6\/wp-json\/wp\/v2\/comments?post=6872"}],"version-history":[{"count":1,"href":"https:\/\/serveiseducatius.xtec.cat\/baixllobregat6\/wp-json\/wp\/v2\/posts\/6872\/revisions"}],"predecessor-version":[{"id":7295,"href":"https:\/\/serveiseducatius.xtec.cat\/baixllobregat6\/wp-json\/wp\/v2\/posts\/6872\/revisions\/7295"}],"wp:attachment":[{"href":"https:\/\/serveiseducatius.xtec.cat\/baixllobregat6\/wp-json\/wp\/v2\/media?parent=6872"}],"wp:term":[{"taxonomy":"category","embeddable":true,"href":"https:\/\/serveiseducatius.xtec.cat\/baixllobregat6\/wp-json\/wp\/v2\/categories?post=6872"},{"taxonomy":"post_tag","embeddable":true,"href":"https:\/\/serveiseducatius.xtec.cat\/baixllobregat6\/wp-json\/wp\/v2\/tags?post=6872"}],"curies":[{"name":"wp","href":"https:\/\/api.w.org\/{rel}","templated":true}]}}