{"id":6868,"date":"2015-05-11T10:46:00","date_gmt":"2015-05-11T09:46:00","guid":{"rendered":"http:\/\/serveiseducatius.xtec.cat\/se-baixllobregat6\/general\/proeses-pere-ferres-costa-1888-1915-espai-multimedia-llibres-il%c2%b7lustrats-sobre-la-gran-guerra\/"},"modified":"2016-02-08T13:15:37","modified_gmt":"2016-02-08T12:15:37","slug":"proeses-pere-ferres-costa-1888-1915-espai-multimedia-llibres-il%c2%b7lustrats-sobre-la-gran-guerra","status":"publish","type":"post","link":"https:\/\/serveiseducatius.xtec.cat\/baixllobregat6\/biblioteca-escolar\/llibres-comentats\/comics-i-narrativa-grafica\/proeses-pere-ferres-costa-1888-1915-espai-multimedia-llibres-il%c2%b7lustrats-sobre-la-gran-guerra\/","title":{"rendered":"\u00abPROESES\u00bb. PERE FERR\u00c9S-COSTA (1888-1915). Espai multim\u00e8dia. Llibres il\u00b7lustrats sobre la Gran Guerra"},"content":{"rendered":"<div dir=\"ltr\" style=\"text-align: left;\">Al llarg del mes de maig, a l&#8217;Expoforn de Sant Vicen\u00e7 dels Horts es far\u00e0 l&#8217;exposici\u00f3&nbsp;<b>Proeses. Pere Ferr\u00e9s-Costa (1888-1915)&nbsp;<\/b>on es podran con\u00e8ixer les vicissituds de la curta vida d&#8217;aquest personatge vicent\u00ed. En primer lloc, la seva col\u2022laboraci\u00f3 des de ben jove com a mestre auxiliar a l&#8217;Hospitalet de Llobregat i en segon lloc, la seva incursi\u00f3 en la literatura i els incessants viatges que dugu\u00e9 a terme. Tamb\u00e9 s&#8217;hi explica la seva tr\u00e0gica mort al camp de batalla, durant la Gran Guerra i s&#8217;hi pot constatar el grau de reconeixement local, nacional i internacional que va tenir per aquest fet.<\/p>\n<p>En el marc de l&#8217;exposici\u00f3 es posa a l&#8217;abast dels visitants un espai d&#8217;interpretaci\u00f3 de la Gran Guerra, amb diversos recursos multim\u00e8dia (llibres, films, apps, webs&#8230;) per ampliar-ne la informaci\u00f3.<\/p>\n<p>En aquesta entrada es relacionen un conjunt de novel\u00b7les gr\u00e0fiques i un \u00e0lbum il\u00b7lustrat ambientats a la I Guerra Mundial.<\/p>\n<div style=\"clear: both; text-align: center;\"><a href=\"http:\/\/2.bp.blogspot.com\/-BfhSHxe8ebs\/VVCFaHy2GaI\/AAAAAAAACLQ\/P7VNybK5_1U\/s1600\/muerte%2Bblanca.jpg\" style=\"clear: left; float: left; margin-bottom: 1em; margin-right: 1em;\"><img loading=\"lazy\" decoding=\"async\" border=\"0\" height=\"200\" src=\"http:\/\/2.bp.blogspot.com\/-BfhSHxe8ebs\/VVCFaHy2GaI\/AAAAAAAACLQ\/P7VNybK5_1U\/s200\/muerte%2Bblanca.jpg\" width=\"137\" \/><\/a><\/div>\n<p>ADLARD, Charlie; MORRISON, Robbie. <b><i>LA MUERTE BLANCA<\/i><\/b>. Barcelona: Planeta C\u00f3mic, 2014 ISBN 9788416051625<br \/>Generalment, quan hom fa refer\u00e8ncia a la Primera Guerra Mundial pensa en la guerra de trinxeres i les batalles de Verdun o del Somme. <i>La muerte blanca<\/i> ens trasllada a un altre escenari d&#8217;aquest conflicte: els Alps i els enfrontaments entre l&#8217;ex\u00e8rcit itali\u00e0 i l&#8217;austr\u00edac. All\u00e0, tots dos b\u00e0ndols tenien un enemic com\u00fa: el fred i la neu. Aquesta novel\u00b7la gr\u00e0fica narra les experi\u00e8ncies de diversos soldats italians en aquest front b\u00e8l\u00b7lic. La lluita per la superviv\u00e8ncia, m\u00e9s que la lluita per derrotar l&#8217;enemic, s\u00f3n el motor que impulsa aquests homes, que pateixen unes condicions terribles.<\/p>\n<div style=\"clear: both; text-align: center;\"><a href=\"http:\/\/1.bp.blogspot.com\/-LeZcUJ1EZGw\/VVCFYwDpigI\/AAAAAAAACK8\/YWDIQNDUrt8\/s1600\/degenerado.jpg\" style=\"clear: left; float: left; margin-bottom: 1em; margin-right: 1em;\"><img loading=\"lazy\" decoding=\"async\" border=\"0\" height=\"200\" src=\"http:\/\/1.bp.blogspot.com\/-LeZcUJ1EZGw\/VVCFYwDpigI\/AAAAAAAACK8\/YWDIQNDUrt8\/s200\/degenerado.jpg\" width=\"140\" \/><\/a><\/div>\n<p>CRUCHAUDET, Chlo\u00e9. <b><i>DEGENERADO<\/i><\/b>. Madrid: Dibbuks, 2014 ISBN 9788415850380<br \/>Cruchaudet no se centra en el conflicte b\u00e8l\u00b7lic, sin\u00f3 que explica les perip\u00e8cies de Paul Grappe, un desertor de l&#8217;ex\u00e8rcit franc\u00e8s. <i>Degenerado<\/i> est\u00e0 basat en fets reals, i l&#8217;autora es va inspirar en l&#8217;assaig <i>La gar\u00e7onne et l&#8217; assassin<\/i>, de Dani\u00e8le Voldman i Fabrice Virgili.<br \/>Paul i Louise, la seva esposa s&#8217;estimen i es casen. Per\u00f2 l&#8217;esclat de la Gran Guerra els separa. Paul, que vol escapar-se com sigui de l&#8217;infern de les trinxeres, deserta i es reuneix amb Louise a Par\u00eds. Est\u00e0 fora de perill, per\u00f2 s&#8217;ha d&#8217;amagar en una habitaci\u00f3 d&#8217;hotel. Per poder sortir d&#8217;aquesta vida clandestina, a Paul se li ocorre una soluci\u00f3: canviar d&#8217;identitat. A partir d&#8217;ara passar\u00e0 a dir-se Suzanne. El 1925 arriba l&#8217;amnistia per als desertors i tot pot tornar al seu curs normal. Suzanne pot tornar a ser Paul. \u00c9s, per\u00f2, una bona not\u00edcia ?<\/p>\n<div style=\"clear: both; text-align: center;\"><\/div>\n<p><\/p>\n<div style=\"clear: both; text-align: center;\"><a href=\"http:\/\/3.bp.blogspot.com\/-20mRvsP5_6c\/VVCFZaX9YTI\/AAAAAAAACLA\/hTEOMu9GwJo\/s1600\/granguerra.jpg\" style=\"margin-left: 1em; margin-right: 1em;\"><img decoding=\"async\" border=\"0\" src=\"http:\/\/3.bp.blogspot.com\/-20mRvsP5_6c\/VVCFZaX9YTI\/AAAAAAAACLA\/hTEOMu9GwJo\/s1600\/granguerra.jpg\" \/><\/a><\/div>\n<p>SACCO, Joe. <b><i>LA GRAN GUERRA. JULIO 1916. EL PRIMER D\u00cdA DE LA GUERRA DEL SOMME<\/i><\/b>. Barcelona: Reservoir Books, 2014 ISBN 9788439727514<br \/>Hist\u00f2ria gr\u00e0fica en forma de llen\u00e7 de 7,3 metres de llargada on narra el primer dia de la Batalla del Somme. L&#8217;1 de juliol de 1916 \u00e9s considerat el dia m\u00e9s sagnant de la I Guerra Mundial. En tan sols una jornada varen morir uns vint mil soldats i quaranta mil en van resultar ferits, Sacco en 24 escenes panor\u00e0miques fa sentir el brogit i la mort en un escenari on hi habiten milers de personatges.<br \/>El que fa especialment interessant a aquesta obra, a m\u00e9s de la meravellosa demostraci\u00f3 art\u00edstica de Sacco, \u00e9s que hom pot observar totes les fases de la guerra de trinxeres. Des del palauet allunyat del front en qu\u00e8 s&#8217;allotja el general Douglas Haig, fins als soldats ferits en la infermeria, passant pels soldats que alegrement es dirigeixen al camp de batalla.<\/p>\n<p><\/p>\n<div style=\"clear: both; text-align: center;\"><a href=\"http:\/\/4.bp.blogspot.com\/-_hxPvXgjxYk\/VVCFaj2lsiI\/AAAAAAAACLc\/VYdLIHBz3bQ\/s1600\/putaguerra.jpg\" style=\"clear: left; float: left; margin-bottom: 1em; margin-right: 1em;\"><img loading=\"lazy\" decoding=\"async\" border=\"0\" height=\"200\" src=\"http:\/\/4.bp.blogspot.com\/-_hxPvXgjxYk\/VVCFaj2lsiI\/AAAAAAAACLc\/VYdLIHBz3bQ\/s200\/putaguerra.jpg\" width=\"146\" \/><\/a><\/div>\n<p>TARDI, Jacques; VERNEY, Jean Pierre. <b><i>\u00a1PUTA GUERRA! (1914-1919)<\/i><\/b>. Barcelona: Norma, 2010 ISBN 9788467901009<br \/>\u00c9s una obra antibel\u00b7licista que relata els horrors que van patir els soldats durant la Gran Guerra. Tardi aconsegueix transmetre l&#8217;absurd de la guerra i el drama que va suposar per a milions d&#8217;europeus.<br \/>Permet observar l&#8217;evoluci\u00f3 de la Primera Guerra Mundial, fase a fase, ja que la narraci\u00f3 es divideix en 5 cap\u00edtols que corresponen cadascun a un any del conflicte. S&#8217;inicia el 1914 amb la il\u00b7lusi\u00f3 inicial de derrotar de manera f\u00e0cil i r\u00e0pida l&#8217;enemic. 1915 i 1916, a continuaci\u00f3, narren com afecta, l&#8217;estancament dels aven\u00e7os militars, als soldats, la creaci\u00f3 de les trinxeres i algunes de les principals batalles del conflicte. A mesura que la guerra avan\u00e7a, Tardi reflecteix amb mestria la degeneraci\u00f3 dels combatents i les seves ganes que la guerra acabi de la manera que sigui.&nbsp;<i>\u00a1Puta Guerra!<\/i>&nbsp;inclou un dossier elaborat per l&#8217;historiador J.P. Verney sobre el conflicte.<\/p>\n<div style=\"clear: both; text-align: center;\"><a href=\"http:\/\/2.bp.blogspot.com\/-T7W_Mm5iSi0\/VVCFZgKftJI\/AAAAAAAACLE\/90FJmK3AGFA\/s1600\/guerratrincheras.jpg\" style=\"clear: left; float: left; margin-bottom: 1em; margin-right: 1em;\"><img loading=\"lazy\" decoding=\"async\" border=\"0\" height=\"200\" src=\"http:\/\/2.bp.blogspot.com\/-T7W_Mm5iSi0\/VVCFZgKftJI\/AAAAAAAACLE\/90FJmK3AGFA\/s200\/guerratrincheras.jpg\" width=\"151\" \/><\/a><\/div>\n<p>TARDI, Jacques. <b><i>LA GUERRA DE LAS TRINCHERAS<\/i><\/b>. Barcelona: Norma, 2014 ISBN 9788498479560<br \/>Sense un protagonisme \u00fanic, el llibre recorre, amb el fil conductor de les trinxeres, les perip\u00e8cies de diversos personatges, persones de carn i ossos, que, en tots els casos, acaben morint com una part de l&#8217;engranatge de la guerra. La trinxera \u00e9s el fil conductor de les hist\u00f2ries, tristes, s\u00f2rdides i molt doloroses, que serveixen d&#8217;excusa per exposar, de manera molt documentada, els aspectes centrals del conflicte.<br \/>Al llarg de l&#8217;obra es coneix la hist\u00f2ria de persones que s\u00f3n utilitzades pel poder i dirigides per inhumans comandaments militars cap a la mort com a aut\u00e8ntica carn de can\u00f3. De fet, fa la impressi\u00f3 que s\u00f3n armes i no persones.<br \/>El fang, els morts sobre els filats, la pudor i, sobretot, la por apareixen en una narraci\u00f3 molt allunyada de l&#8217;heroisme que acostuma a presidir aquest tipus de relats. Aqu\u00ed, la majoria dels personatges aposta per m\u00e8todes d&#8217;autolesi\u00f3 o per la confraternitzaci\u00f3 amb l&#8217;enemic per tal d&#8217;acabar amb la seva participaci\u00f3 en una part de la Hist\u00f2ria que ning\u00fa hauria d&#8217;haver consentit.<\/p>\n<div style=\"clear: both; text-align: center;\"><a href=\"http:\/\/4.bp.blogspot.com\/-X7PBogL6-gw\/VVCFY4Ttv4I\/AAAAAAAACK4\/5DJ9IMNS6Zk\/s1600\/foliesbergere.jpg\" style=\"clear: left; float: left; margin-bottom: 1em; margin-right: 1em;\"><img loading=\"lazy\" decoding=\"async\" border=\"0\" height=\"200\" src=\"http:\/\/4.bp.blogspot.com\/-X7PBogL6-gw\/VVCFY4Ttv4I\/AAAAAAAACK4\/5DJ9IMNS6Zk\/s200\/foliesbergere.jpg\" width=\"149\" \/><\/a><\/div>\n<p>ZIDROU; PORCEL, Francis. <b><i>EL FOLIES BERG\u00c8RE<\/i><\/b>. Barcelona: Norma, 2013 ISBN 9788467911923<br \/>El retrat de les trinxeres que han creat Zidrou i Porcel \u00e9s molt realista. La mort, la fortor i la podridura s\u00f3n molt presents i mostren amb gran cruesa les dures condicions de vida dels els soldats. Una obra en qu\u00e8 la influ\u00e8ncia de Tardi \u00e9s prou clara.<br \/>La 17a Divisi\u00f3 d&#8217;Infanteria va decidir posar-se el nom del cabaret parisenc <i>El Folies Berg\u00e8re<\/i>, en una mena de autopar\u00f2dia sobre la seva situaci\u00f3 i amb l&#8217;esperan\u00e7a d&#8217;un cop acabada la guerra assistir tots junts a una funci\u00f3. La galeria de personatges de la divisi\u00f3 s\u00f3n un bon reflex de la Fran\u00e7a de l&#8217;\u00e8poca i malgrat la terrible situaci\u00f3 que els ha tocat viure s\u00f3n capa\u00e7os de mostrar un gran sentit de l&#8217;humor. Hi ha personatges memorables , com el caporal Verrat o el soldat Rubignoles, per\u00f2 tot &#8220;millora&#8221; amb l&#8217;arribada d&#8217;un capell\u00e0 que t\u00e9 la missi\u00f3 d&#8217;investigar els successos paranormals que estan passant al front.<\/p>\n<p><\/p>\n<h3 style=\"text-align: left;\"><span style=\"color: #3d85c6;\">\u00c0LBUM IL\u00b7LUSTRAT<\/span><\/h3>\n<div style=\"clear: both; text-align: center;\"><a href=\"http:\/\/1.bp.blogspot.com\/-A9eYk_4I_wg\/VVCFZxhhT2I\/AAAAAAAACLM\/NIL9EBro_AY\/s1600\/lenemic.jpg\" style=\"clear: left; float: left; margin-bottom: 1em; margin-right: 1em;\"><img loading=\"lazy\" decoding=\"async\" border=\"0\" height=\"200\" src=\"http:\/\/1.bp.blogspot.com\/-A9eYk_4I_wg\/VVCFZxhhT2I\/AAAAAAAACLM\/NIL9EBro_AY\/s200\/lenemic.jpg\" width=\"145\" \/><\/a><\/div>\n<p>CALI, Davide; BLOCH, Serge. <b><i>L&#8217;ENEMIC<\/i><\/b>. Barcelona: Takatuka, 2008 ISBN 9788493676605<br \/>Un soldat s\u2019est\u00e0 dins d\u2019una trinxera, intentant eliminar l&#8217;enemic de l&#8217;altra banda. A primer cop d\u2019ull sembla que el soldat estigui sol; i que a l&#8217;altra banda, en una altra trinxera, hi hagi tamb\u00e9 un altre soldat solitari que l&#8217;espera. Aquesta situaci\u00f3, enmig d&#8217;un conflicte b\u00e8l\u00b7lic, refor\u00e7a el car\u00e0cter de reflexi\u00f3 del personatge al voltant de la guerra i el seu sentit. El soldat espera, est\u00e0 vigilant, amb l\u2019\u00e0nima en suspens, dispara un tret, fa foc per escalfar el poc ranxo que t\u00e9, sap que l&#8217;enemic tamb\u00e9 en fa, i pensa que deu estar sol com ell. Una persona pot matar una altra persona, encara que li diguin que \u00e9s enemiga? Nom\u00e9s el di\u00e0leg pot acabar amb una guerra!<\/p>\n<p><b><span style=\"color: red;\"><a href=\"https:\/\/drive.google.com\/file\/d\/0B58Brw5wa9U1TFhiTVE5eEtGaUk\/view?usp=sharing\" target=\"_blank\">Descarregueu el tr\u00edptic amb la guia de lectures de l&#8217;exposici\u00f3<\/a><\/span><\/b><\/div>\n","protected":false},"excerpt":{"rendered":"<p>Al llarg del mes de maig, a l&#8217;Expoforn de Sant Vicen\u00e7 dels Horts es far\u00e0 l&#8217;exposici\u00f3&nbsp;Proeses. Pere Ferr\u00e9s-Costa (1888-1915)&nbsp;on es podran con\u00e8ixer les vicissituds de la curta vida d&#8217;aquest personatge vicent\u00ed. En primer lloc, la seva col\u2022laboraci\u00f3 des de ben jove com a mestre auxiliar a l&#8217;Hospitalet de Llobregat i en segon lloc, la seva [&hellip;]<\/p>\n","protected":false},"author":1,"featured_media":0,"comment_status":"open","ping_status":"open","sticky":false,"template":"","format":"standard","meta":{"_bbp_topic_count":0,"_bbp_reply_count":0,"_bbp_total_topic_count":0,"_bbp_total_reply_count":0,"_bbp_voice_count":0,"_bbp_anonymous_reply_count":0,"_bbp_topic_count_hidden":0,"_bbp_reply_count_hidden":0,"_bbp_forum_subforum_count":0,"site-sidebar-layout":"default","site-content-layout":"","ast-site-content-layout":"","site-content-style":"default","site-sidebar-style":"default","ast-global-header-display":"","ast-banner-title-visibility":"","ast-main-header-display":"","ast-hfb-above-header-display":"","ast-hfb-below-header-display":"","ast-hfb-mobile-header-display":"","site-post-title":"","ast-breadcrumbs-content":"","ast-featured-img":"","footer-sml-layout":"","theme-transparent-header-meta":"","adv-header-id-meta":"","stick-header-meta":"","header-above-stick-meta":"","header-main-stick-meta":"","header-below-stick-meta":"","astra-migrate-meta-layouts":"default","ast-page-background-enabled":"default","ast-page-background-meta":{"desktop":{"background-color":"var(--ast-global-color-4)","background-image":"","background-repeat":"repeat","background-position":"center center","background-size":"auto","background-attachment":"scroll","background-type":"","background-media":"","overlay-type":"","overlay-color":"","overlay-opacity":"","overlay-gradient":""},"tablet":{"background-color":"","background-image":"","background-repeat":"repeat","background-position":"center center","background-size":"auto","background-attachment":"scroll","background-type":"","background-media":"","overlay-type":"","overlay-color":"","overlay-opacity":"","overlay-gradient":""},"mobile":{"background-color":"","background-image":"","background-repeat":"repeat","background-position":"center center","background-size":"auto","background-attachment":"scroll","background-type":"","background-media":"","overlay-type":"","overlay-color":"","overlay-opacity":"","overlay-gradient":""}},"ast-content-background-meta":{"desktop":{"background-color":"var(--ast-global-color-5)","background-image":"","background-repeat":"repeat","background-position":"center center","background-size":"auto","background-attachment":"scroll","background-type":"","background-media":"","overlay-type":"","overlay-color":"","overlay-opacity":"","overlay-gradient":""},"tablet":{"background-color":"var(--ast-global-color-5)","background-image":"","background-repeat":"repeat","background-position":"center center","background-size":"auto","background-attachment":"scroll","background-type":"","background-media":"","overlay-type":"","overlay-color":"","overlay-opacity":"","overlay-gradient":""},"mobile":{"background-color":"var(--ast-global-color-5)","background-image":"","background-repeat":"repeat","background-position":"center center","background-size":"auto","background-attachment":"scroll","background-type":"","background-media":"","overlay-type":"","overlay-color":"","overlay-opacity":"","overlay-gradient":""}},"footnotes":""},"categories":[1136],"tags":[1436,1357,1365,907],"class_list":["post-6868","post","type-post","status-publish","format-standard","hentry","category-comics-i-narrativa-grafica","tag-biblioreport","tag-iww","tag-novella-grafica","tag-sant-vicenc-dels-horts"],"post_mailing_queue_ids":[],"_links":{"self":[{"href":"https:\/\/serveiseducatius.xtec.cat\/baixllobregat6\/wp-json\/wp\/v2\/posts\/6868","targetHints":{"allow":["GET"]}}],"collection":[{"href":"https:\/\/serveiseducatius.xtec.cat\/baixllobregat6\/wp-json\/wp\/v2\/posts"}],"about":[{"href":"https:\/\/serveiseducatius.xtec.cat\/baixllobregat6\/wp-json\/wp\/v2\/types\/post"}],"author":[{"embeddable":true,"href":"https:\/\/serveiseducatius.xtec.cat\/baixllobregat6\/wp-json\/wp\/v2\/users\/1"}],"replies":[{"embeddable":true,"href":"https:\/\/serveiseducatius.xtec.cat\/baixllobregat6\/wp-json\/wp\/v2\/comments?post=6868"}],"version-history":[{"count":1,"href":"https:\/\/serveiseducatius.xtec.cat\/baixllobregat6\/wp-json\/wp\/v2\/posts\/6868\/revisions"}],"predecessor-version":[{"id":7485,"href":"https:\/\/serveiseducatius.xtec.cat\/baixllobregat6\/wp-json\/wp\/v2\/posts\/6868\/revisions\/7485"}],"wp:attachment":[{"href":"https:\/\/serveiseducatius.xtec.cat\/baixllobregat6\/wp-json\/wp\/v2\/media?parent=6868"}],"wp:term":[{"taxonomy":"category","embeddable":true,"href":"https:\/\/serveiseducatius.xtec.cat\/baixllobregat6\/wp-json\/wp\/v2\/categories?post=6868"},{"taxonomy":"post_tag","embeddable":true,"href":"https:\/\/serveiseducatius.xtec.cat\/baixllobregat6\/wp-json\/wp\/v2\/tags?post=6868"}],"curies":[{"name":"wp","href":"https:\/\/api.w.org\/{rel}","templated":true}]}}