{"id":6852,"date":"2015-10-06T12:22:00","date_gmt":"2015-10-06T11:22:00","guid":{"rendered":""},"modified":"2016-02-08T12:41:25","modified_gmt":"2016-02-08T11:41:25","slug":"del-bressol-a-la-lluna-una-col%c2%b7leccio-de-poesia-per-a-infants-de-0-a-3-anys","status":"publish","type":"post","link":"https:\/\/serveiseducatius.xtec.cat\/baixllobregat6\/biblioteca-escolar\/llibres-comentats\/poesia-infantil-i-juvenil\/del-bressol-a-la-lluna-una-col%c2%b7leccio-de-poesia-per-a-infants-de-0-a-3-anys\/","title":{"rendered":"&#8220;Del bressol a la lluna&#8221;, una col\u00b7lecci\u00f3 de poesia per a infants de 0 a 3 anys"},"content":{"rendered":"<div dir=\"ltr\" style=\"text-align: left;\">\n<div style=\"clear: both; text-align: center;\"><a href=\"http:\/\/serveiseducatius.xtec.cat\/se-baixllobregat6\/wp-content\/uploads\/usu778\/2015\/10\/bressollluna.png\" style=\"clear: left; float: left; margin-bottom: 1em; margin-right: 1em;\"><img loading=\"lazy\" decoding=\"async\" border=\"0\" height=\"400\" src=\"http:\/\/serveiseducatius.xtec.cat\/se-baixllobregat6\/wp-content\/uploads\/usu778\/2015\/10\/bressollluna-201x300.png\" width=\"266\" \/><\/a><\/div>\n<p>La col\u00b7lecci\u00f3 <i><b>Del bressol a la lluna<\/b><\/i> est\u00e0 dirigida als infants de 0 a 3 anys. Per ells s&#8217;han dissenyat especialment aquests <i>pictogrames po\u00e8tics<\/i> o <i>poegrames<\/i>, un terme encunyat per designar una nova modalitat de poesia pictogr\u00e0fica basada en la cerca d&#8217;un ritme de lectura que ajudi a \u201ceducar l&#8217;ull i endolcir l&#8217;o\u00efda\u201d del petit lector, en paraules del mateix autor Antonio Rubio.<\/p>\n<p>Cada exemplar de la col\u00b7lecci\u00f3 <i><b>Del bressol a la lluna<\/b><\/i> \u00e9s \u201cun exercici po\u00e8tic de gran senzillesa i for\u00e7a musical\u201d. Aix\u00ed l&#8217;infant apr\u00e8n que es pot llegir de dreta a esquerra, de dalt a baix, i que el pas de les p\u00e0gines \u00e9s l&#8217;esdevenir dels versos.<\/p>\n<p>Enfront de la grafia, les imatges agafen tota la for\u00e7a comunicativa. S\u00f3n imatges que es poden llegir f\u00e0cilment, que s&#8217;articulen de la mateixa manera que les paraules, amb les s\u00edl\u00b7labes contades. Estan disposades de la mateixa manera que els versos: ordenades, mesurades, amb ritme i amb rima final. Imatges per ser llegides de forma aut\u00f2noma des dels primers anys de l&#8217;infant.<\/p>\n<div><\/div>\n<div>\n<div><\/div>\n<div><\/div>\n<div>Cada llibre \u00e9s un poema que es construeix:<\/div>\n<div>\n<ul style=\"text-align: left;\">\n<li>Segons l&#8217;estructura po\u00e8tica del can\u00e7oner infantil: suma, enumeraci\u00f3, encadenament, vers i tornada&#8230;<\/li>\n<li>Se serveix dels recursos po\u00e8tics del can\u00e7oner tradicional: ecos, rimes, ritmes, onomatopeies, an\u00e0fores&#8230;<\/li>\n<li>Respon als interessos de les primeres edats: els primers n\u00fameros (CINC), la m\u00e0gica lluna (LLUNA), els animals m\u00e9s propers (M\u00c8U), els aliments (UN OCELLET DE PAPER) i els sons i onomatopeies (VIOL\u00cd).<\/li>\n<\/ul>\n<div>Els t\u00edtols publicats fins ara s\u00f3n:<\/div>\n<div>\n<ul style=\"text-align: left;\">\n<li><b>Cinc<\/b>, \u00e9s un poema numeral per a ser llegit i recitat amb els dits de la m\u00e0. Llibre joc rimat per a contar des de l&#8217;u fins al cinc.<\/li>\n<li><b>Lluna<\/b>, \u00e9s un un poema visual per recitar, realitzat a base de dibuixos rimats i amb ritme, on la lluna i el sol, tan distants i pr\u00f2xims alhora, teixeixen versos i tornades des del cel fins a les p\u00e0gines del llibre.<\/li>\n<li><b>M\u00e8u<\/b>, \u00e9s un poema onomatopeic per a ser llegit i recitat. Els animals m\u00e9s pr\u00f2xims es presenten a si mateixos tot miolant, renillant, escatainant&#8230;<\/li>\n<li><b>Un ocellet de paper<\/b>, \u00e9s un poema can\u00e7\u00f3 per a ser llegit i recitat musicalment. Un entranyable ocellet de paper es disposa a parar la taula per menjar.<\/li>\n<li><b>Viol\u00ed<\/b>,&nbsp;apropa els prelectors al m\u00f3n de la sonoritat, les onomatopeies i les sensacions. Instruments musicals, picar de mans i petons embolicats en il\u00b7lustracions molt delicades.<\/li>\n<\/ul>\n<\/div>\n<div>Kalandraka ha elaborat una original aposta i respon aix\u00ed amb aquesta col\u00b7lecci\u00f3 a la pregunta: <i>\u00bfQuins poemes podrien llegir-se a partir dels sis mesos?<\/i><\/div>\n<div><\/div>\n<div>L&#8217;autor \u00e9s <b>Antonio Rubio<\/b>, mestre i poeta, les il\u00b7lustracions s\u00f3n a c\u00e0rrec d&#8217;<b>\u00d3scarVill\u00e1n<\/b> i la traducci\u00f3 i adaptaci\u00f3 al catal\u00e0 ha anat a c\u00e0rrec del poeta <b>Miquel Desclot<\/b>.<\/div>\n<\/div>\n<\/div>\n<\/div>\n","protected":false},"excerpt":{"rendered":"<p>La col\u00b7lecci\u00f3 Del bressol a la lluna est\u00e0 dirigida als infants de 0 a 3 anys. Per ells s&#8217;han dissenyat especialment aquests pictogrames po\u00e8tics o poegrames, un terme encunyat per designar una nova modalitat de poesia pictogr\u00e0fica basada en la cerca d&#8217;un ritme de lectura que ajudi a \u201ceducar l&#8217;ull i endolcir l&#8217;o\u00efda\u201d del petit [&hellip;]<\/p>\n","protected":false},"author":1,"featured_media":7202,"comment_status":"open","ping_status":"open","sticky":false,"template":"","format":"standard","meta":{"_bbp_topic_count":0,"_bbp_reply_count":0,"_bbp_total_topic_count":0,"_bbp_total_reply_count":0,"_bbp_voice_count":0,"_bbp_anonymous_reply_count":0,"_bbp_topic_count_hidden":0,"_bbp_reply_count_hidden":0,"_bbp_forum_subforum_count":0,"site-sidebar-layout":"default","site-content-layout":"","ast-site-content-layout":"","site-content-style":"default","site-sidebar-style":"default","ast-global-header-display":"","ast-banner-title-visibility":"","ast-main-header-display":"","ast-hfb-above-header-display":"","ast-hfb-below-header-display":"","ast-hfb-mobile-header-display":"","site-post-title":"","ast-breadcrumbs-content":"","ast-featured-img":"","footer-sml-layout":"","theme-transparent-header-meta":"","adv-header-id-meta":"","stick-header-meta":"","header-above-stick-meta":"","header-main-stick-meta":"","header-below-stick-meta":"","astra-migrate-meta-layouts":"default","ast-page-background-enabled":"default","ast-page-background-meta":{"desktop":{"background-color":"var(--ast-global-color-4)","background-image":"","background-repeat":"repeat","background-position":"center center","background-size":"auto","background-attachment":"scroll","background-type":"","background-media":"","overlay-type":"","overlay-color":"","overlay-opacity":"","overlay-gradient":""},"tablet":{"background-color":"","background-image":"","background-repeat":"repeat","background-position":"center center","background-size":"auto","background-attachment":"scroll","background-type":"","background-media":"","overlay-type":"","overlay-color":"","overlay-opacity":"","overlay-gradient":""},"mobile":{"background-color":"","background-image":"","background-repeat":"repeat","background-position":"center center","background-size":"auto","background-attachment":"scroll","background-type":"","background-media":"","overlay-type":"","overlay-color":"","overlay-opacity":"","overlay-gradient":""}},"ast-content-background-meta":{"desktop":{"background-color":"var(--ast-global-color-5)","background-image":"","background-repeat":"repeat","background-position":"center center","background-size":"auto","background-attachment":"scroll","background-type":"","background-media":"","overlay-type":"","overlay-color":"","overlay-opacity":"","overlay-gradient":""},"tablet":{"background-color":"var(--ast-global-color-5)","background-image":"","background-repeat":"repeat","background-position":"center center","background-size":"auto","background-attachment":"scroll","background-type":"","background-media":"","overlay-type":"","overlay-color":"","overlay-opacity":"","overlay-gradient":""},"mobile":{"background-color":"var(--ast-global-color-5)","background-image":"","background-repeat":"repeat","background-position":"center center","background-size":"auto","background-attachment":"scroll","background-type":"","background-media":"","overlay-type":"","overlay-color":"","overlay-opacity":"","overlay-gradient":""}},"footnotes":""},"categories":[1114],"tags":[1436,673,1350,831],"class_list":["post-6852","post","type-post","status-publish","format-standard","has-post-thumbnail","hentry","category-poesia-infantil-i-juvenil","tag-biblioreport","tag-kalandraka","tag-lectures-0-3","tag-poesia"],"post_mailing_queue_ids":[],"_links":{"self":[{"href":"https:\/\/serveiseducatius.xtec.cat\/baixllobregat6\/wp-json\/wp\/v2\/posts\/6852","targetHints":{"allow":["GET"]}}],"collection":[{"href":"https:\/\/serveiseducatius.xtec.cat\/baixllobregat6\/wp-json\/wp\/v2\/posts"}],"about":[{"href":"https:\/\/serveiseducatius.xtec.cat\/baixllobregat6\/wp-json\/wp\/v2\/types\/post"}],"author":[{"embeddable":true,"href":"https:\/\/serveiseducatius.xtec.cat\/baixllobregat6\/wp-json\/wp\/v2\/users\/1"}],"replies":[{"embeddable":true,"href":"https:\/\/serveiseducatius.xtec.cat\/baixllobregat6\/wp-json\/wp\/v2\/comments?post=6852"}],"version-history":[{"count":2,"href":"https:\/\/serveiseducatius.xtec.cat\/baixllobregat6\/wp-json\/wp\/v2\/posts\/6852\/revisions"}],"predecessor-version":[{"id":7285,"href":"https:\/\/serveiseducatius.xtec.cat\/baixllobregat6\/wp-json\/wp\/v2\/posts\/6852\/revisions\/7285"}],"wp:featuredmedia":[{"embeddable":true,"href":"https:\/\/serveiseducatius.xtec.cat\/baixllobregat6\/wp-json\/wp\/v2\/media\/7202"}],"wp:attachment":[{"href":"https:\/\/serveiseducatius.xtec.cat\/baixllobregat6\/wp-json\/wp\/v2\/media?parent=6852"}],"wp:term":[{"taxonomy":"category","embeddable":true,"href":"https:\/\/serveiseducatius.xtec.cat\/baixllobregat6\/wp-json\/wp\/v2\/categories?post=6852"},{"taxonomy":"post_tag","embeddable":true,"href":"https:\/\/serveiseducatius.xtec.cat\/baixllobregat6\/wp-json\/wp\/v2\/tags?post=6852"}],"curies":[{"name":"wp","href":"https:\/\/api.w.org\/{rel}","templated":true}]}}