{"id":6848,"date":"2015-10-13T15:41:00","date_gmt":"2015-10-13T14:41:00","guid":{"rendered":""},"modified":"2016-02-08T12:31:43","modified_gmt":"2016-02-08T11:31:43","slug":"hem-rebut-de-leditorial-kalandraka-2","status":"publish","type":"post","link":"https:\/\/serveiseducatius.xtec.cat\/baixllobregat6\/biblioteca-escolar\/informacions\/literatura-infantil-i-juvenil\/hem-rebut-de-leditorial-kalandraka-2\/","title":{"rendered":"Hem rebut de l&#8217;editorial&#8230; Kalandraka"},"content":{"rendered":"<div dir=\"ltr\" style=\"text-align: left;\">A la biblioteca del Servei Educatiu Baix Llobregat-6 hem rebut algunes novetats dels mesos de setembre i octubre de l&#8217;editorial <a href=\"http:\/\/www.kalandraka.com\/\" target=\"_blank\"><b>Kalandraka<\/b><\/a>. S\u00f3n llibres il\u00b7lustrats que llegirem amb atenci\u00f3 i en farem difusi\u00f3 entre les escoles de la nostra demarcaci\u00f3 territorial.<\/p>\n<p><b>LLIBRES DE CONEIXEMENTS  <\/b><span style=\"background-color: #fefdfa; color: #333333; font-family: Arial, Tahoma, Helvetica, FreeSans, sans-serif; font-size: 13px; line-height: 14.56px;\"><br \/><\/span><\/p>\n<div style=\"clear: both; text-align: center;\"><a href=\"http:\/\/serveiseducatius.xtec.cat\/se-baixllobregat6\/wp-content\/uploads\/usu778\/2015\/10\/hola-adeu-Cat_01.jpg\" style=\"clear: left; float: left; margin-bottom: 1em; margin-right: 1em;\"><img loading=\"lazy\" decoding=\"async\" border=\"0\" height=\"200\" src=\"http:\/\/serveiseducatius.xtec.cat\/se-baixllobregat6\/wp-content\/uploads\/usu778\/2015\/10\/hola-adeu-Cat_01-246x300.jpg\" width=\"163\" \/><\/a><\/div>\n<p>CHEDRU, Delphine.&nbsp;<i style=\"font-weight: bold;\">&nbsp;Hola Ad\u00e9u. Els contraris en un \u00e0lbum m\u00e0gic<\/i>. Pontevedra, 2015 (Obres d&#8217;autor) ISBN 9788484649380<\/p>\n<p>Un llibre interactiu i sorprenent per a jugar amb les paraules i els seus ant\u00f2nims. Tot mirant a trav\u00e9s dels filtres \u00f2ptics descobrirem situacions, nocions i conceptes antag\u00f2nics&#8230; sense ni tan sols canviar de p\u00e0gina!<br \/><span style=\"background-color: #fefdfa;\"><br \/><\/span><br \/><span style=\"background-color: #fefdfa;\"><br \/><\/span><span style=\"background-color: #fefdfa;\"><br \/><\/span><span style=\"background-color: #fefdfa;\"><br \/><\/span><span style=\"background-color: #fefdfa;\"><br \/><\/span><span style=\"background-color: #fefdfa;\"><br \/><\/span><span style=\"background-color: #fefdfa;\"><br \/><\/span><span style=\"background-color: #fefdfa;\"><b>\u00c0LBUMS IL\u00b7LUSTRATS&nbsp;<\/b><\/span><span style=\"background-color: #fefdfa; color: #333333; font-family: Arial, Tahoma, Helvetica, FreeSans, sans-serif; font-size: 13px; line-height: 14.56px;\"><br \/><\/span><\/p>\n<div style=\"clear: both; text-align: center;\"><\/div>\n<div style=\"clear: both; text-align: center;\"><a href=\"http:\/\/serveiseducatius.xtec.cat\/se-baixllobregat6\/wp-content\/uploads\/usu778\/2015\/10\/en-patufet-Cat-10_01.jpg\" style=\"clear: left; float: left; margin-bottom: 1em; margin-right: 1em;\"><img loading=\"lazy\" decoding=\"async\" border=\"0\" height=\"200\" src=\"http:\/\/serveiseducatius.xtec.cat\/se-baixllobregat6\/wp-content\/uploads\/usu778\/2015\/10\/en-patufet-Cat-10_01-300x300.jpg\" width=\"200\" \/><\/a><\/div>\n<p>GONZ\u00c1LEZ, Olalla; TAEGER, Marc [il.]. <i style=\"font-weight: bold;\">En Patufet<\/i>. Pontevedra, 2015 (Llibres per a somniar) ISBN 9788484649649<\/p>\n<p>Conte popular. En contrast amb la menudesa del protagonista, hi destaca la seva grandesa de cor i la seva intel\u00b7lig\u00e8ncia. Aquest entranyable conte popular torna ara amb una proposta pl\u00e0stica innovadora, a base de collage i llapis de colors.<\/p>\n<div style=\"clear: both; text-align: center;\"><a href=\"http:\/\/serveiseducatius.xtec.cat\/se-baixllobregat6\/wp-content\/uploads\/usu778\/2015\/10\/larbre-generos-Cat.jpg\" style=\"clear: left; float: left; margin-bottom: 1em; margin-right: 1em;\"><img loading=\"lazy\" decoding=\"async\" border=\"0\" height=\"200\" src=\"http:\/\/serveiseducatius.xtec.cat\/se-baixllobregat6\/wp-content\/uploads\/usu778\/2015\/10\/larbre-generos-Cat-222x300.jpg\" width=\"147\" \/><\/a><\/div>\n<div style=\"text-align: left;\">SILVERSTEIN, Shel. <i style=\"font-weight: bold;\">&nbsp;L&#8217;arbre gener\u00f3s<\/i>. Pontevedra, 2015 (Llibres per a somniar) ISBN 9788484649632<\/p>\n<p>Torna un cl\u00e0ssic que parla de l&#8217;amistat, de la cura pel medi ambient&#8230; Tendre i commovedor, un relat sobre el pas de la infantesa a l&#8217;edat adulta; una hist\u00f2ria sobre la generositat i l&#8217;amor sense l\u00edmits d&#8217;un arbre cap a un nen.<\/p><\/div>\n<div style=\"clear: both; text-align: center;\"><\/div>\n<div style=\"clear: both; text-align: center;\"><\/div>\n<div style=\"text-align: left;\">\n<div style=\"clear: both; text-align: center;\"><a href=\"http:\/\/serveiseducatius.xtec.cat\/se-baixllobregat6\/wp-content\/uploads\/usu778\/2015\/10\/on-sha-ficat-el-pollet-Cat_01.jpg\" style=\"clear: left; float: left; margin-bottom: 1em; margin-right: 1em;\"><img loading=\"lazy\" decoding=\"async\" border=\"0\" height=\"158\" src=\"http:\/\/serveiseducatius.xtec.cat\/se-baixllobregat6\/wp-content\/uploads\/usu778\/2015\/10\/on-sha-ficat-el-pollet-Cat_01-300x239.jpg\" width=\"200\" \/><\/a><\/div>\n<p>Hutchins, Pat. <i style=\"font-weight: bold;\">&nbsp;On s&#8217;ha ficat el pollet de l&#8217;Angelina<\/i>. Pontevedra, 2015 (Llibres per a somniar) ISBN 9788484649410<\/p>\n<p>Despr\u00e9s de fer un tomb relaxat per la granja, l&#8217;Angelina ens presenta al seu pollet, tan despistat com ella. La seva mare el buscar\u00e0 per tots els racons mentre assistim a les perip\u00e8cies de la cria, algunes de c\u00f2miques i d&#8217;altres d&#8217;arriscades.<\/p><\/div>\n<div style=\"clear: both; text-align: center;\"><\/div>\n<div style=\"text-align: left;\">\n<div style=\"clear: both; text-align: center;\"><\/div>\n<div style=\"clear: both; text-align: center;\"><a href=\"http:\/\/serveiseducatius.xtec.cat\/se-baixllobregat6\/wp-content\/uploads\/usu778\/2015\/10\/la-luna-de-juan-C_01.jpg\" style=\"clear: left; float: left; margin-bottom: 1em; margin-right: 1em;\"><img loading=\"lazy\" decoding=\"async\" border=\"0\" height=\"200\" src=\"http:\/\/serveiseducatius.xtec.cat\/se-baixllobregat6\/wp-content\/uploads\/usu778\/2015\/10\/la-luna-de-juan-C_01-227x300.jpg\" width=\"150\" \/><\/a><\/div>\n<p>Sol\u00e9 Vendrell, Carme. <i style=\"font-weight: bold;\">&nbsp;La Luna de Juan<\/i>. Pontevedra, 2015 (Libros para so\u00f1ar) ISBN 9788484649335<\/p>\n<p>Ayudado por su amiga la Luna, Juan tendr\u00e1 que arriesgarse para recuperar la salud de su padre. Un libro que da respuesta a los temores de la infancia y a los desaf\u00edos que plantea la vida: soledad, tristeza, enfermedad, muerte.<\/p>\n<p><b>POESIA<\/b><\/p>\n<\/div>\n<div style=\"clear: both; text-align: center;\"><\/div>\n<div style=\"text-align: left;\">\n<div style=\"clear: both; text-align: center;\"><\/div>\n<div style=\"clear: both; text-align: center;\"><a href=\"http:\/\/serveiseducatius.xtec.cat\/se-baixllobregat6\/wp-content\/uploads\/usu778\/2015\/10\/animales-en-silencio-C.jpg\" style=\"clear: left; float: left; margin-bottom: 1em; margin-right: 1em;\"><img loading=\"lazy\" decoding=\"async\" border=\"0\" height=\"126\" src=\"http:\/\/serveiseducatius.xtec.cat\/se-baixllobregat6\/wp-content\/uploads\/usu778\/2015\/10\/animales-en-silencio-C-300x190.jpg\" width=\"200\" \/><\/a><\/div>\n<p>BOSCH, Lolita; Luciani, Rebeca. <i style=\"font-weight: bold;\">Animales que hacen cosas en silencio<\/i>. Pontevedra, 2015 (Faktor\u00eda K de Libros. Orihuela) ISBN 9788415250937<\/p>\n<p>Surrealismo, transgresi\u00f3n, sonoridad y enso\u00f1aci\u00f3n para un largo y divertido poema protagonizado por animales variopintos. Apelan a la complicidad de los lectores y agitan nuestras emociones. Todo puede suceder en este carrusel de sorpresas.<\/p>\n<p><\/div>\n<div style=\"clear: both; text-align: center;\"><\/div>\n<div style=\"text-align: left;\">\n<div style=\"clear: both; text-align: center;\"><\/div>\n<div style=\"clear: both; text-align: center;\"><a href=\"http:\/\/serveiseducatius.xtec.cat\/se-baixllobregat6\/wp-content\/uploads\/usu778\/2015\/10\/quesia-C.jpg\" style=\"clear: left; float: left; margin-bottom: 1em; margin-right: 1em;\"><img loading=\"lazy\" decoding=\"async\" border=\"0\" height=\"200\" src=\"http:\/\/serveiseducatius.xtec.cat\/se-baixllobregat6\/wp-content\/uploads\/usu778\/2015\/10\/quesia-C-300x300.jpg\" width=\"200\" \/><\/a><\/div>\n<p>ESCUDERO, Isabel; CELEJ, Zuzanna [il]. <i style=\"font-weight: bold;\">&nbsp;Quesia. Cifra y aroma<\/i>. Pontevedra, 2015 (Libro-Disco) ISBN 9788484649663<\/p>\n<p>Poemas, m\u00fasicas y cantos cosidos con hilos de tenues colores, bordados con sutiles im\u00e1genes. La palabra certera, la voz serena en un libro-disco que a\u00fana fuerza y fragilidad.<\/p><\/div>\n<div style=\"clear: both; text-align: center;\"><\/div>\n<\/div>\n","protected":false},"excerpt":{"rendered":"<p>A la biblioteca del Servei Educatiu Baix Llobregat-6 hem rebut algunes novetats dels mesos de setembre i octubre de l&#8217;editorial Kalandraka. S\u00f3n llibres il\u00b7lustrats que llegirem amb atenci\u00f3 i en farem difusi\u00f3 entre les escoles de la nostra demarcaci\u00f3 territorial. LLIBRES DE CONEIXEMENTS CHEDRU, Delphine.&nbsp;&nbsp;Hola Ad\u00e9u. Els contraris en un \u00e0lbum m\u00e0gic. Pontevedra, 2015 (Obres [&hellip;]<\/p>\n","protected":false},"author":1,"featured_media":7185,"comment_status":"open","ping_status":"open","sticky":false,"template":"","format":"standard","meta":{"_bbp_topic_count":0,"_bbp_reply_count":0,"_bbp_total_topic_count":0,"_bbp_total_reply_count":0,"_bbp_voice_count":0,"_bbp_anonymous_reply_count":0,"_bbp_topic_count_hidden":0,"_bbp_reply_count_hidden":0,"_bbp_forum_subforum_count":0,"site-sidebar-layout":"default","site-content-layout":"","ast-site-content-layout":"","site-content-style":"default","site-sidebar-style":"default","ast-global-header-display":"","ast-banner-title-visibility":"","ast-main-header-display":"","ast-hfb-above-header-display":"","ast-hfb-below-header-display":"","ast-hfb-mobile-header-display":"","site-post-title":"","ast-breadcrumbs-content":"","ast-featured-img":"","footer-sml-layout":"","theme-transparent-header-meta":"","adv-header-id-meta":"","stick-header-meta":"","header-above-stick-meta":"","header-main-stick-meta":"","header-below-stick-meta":"","astra-migrate-meta-layouts":"default","ast-page-background-enabled":"default","ast-page-background-meta":{"desktop":{"background-color":"var(--ast-global-color-4)","background-image":"","background-repeat":"repeat","background-position":"center center","background-size":"auto","background-attachment":"scroll","background-type":"","background-media":"","overlay-type":"","overlay-color":"","overlay-opacity":"","overlay-gradient":""},"tablet":{"background-color":"","background-image":"","background-repeat":"repeat","background-position":"center center","background-size":"auto","background-attachment":"scroll","background-type":"","background-media":"","overlay-type":"","overlay-color":"","overlay-opacity":"","overlay-gradient":""},"mobile":{"background-color":"","background-image":"","background-repeat":"repeat","background-position":"center center","background-size":"auto","background-attachment":"scroll","background-type":"","background-media":"","overlay-type":"","overlay-color":"","overlay-opacity":"","overlay-gradient":""}},"ast-content-background-meta":{"desktop":{"background-color":"var(--ast-global-color-5)","background-image":"","background-repeat":"repeat","background-position":"center center","background-size":"auto","background-attachment":"scroll","background-type":"","background-media":"","overlay-type":"","overlay-color":"","overlay-opacity":"","overlay-gradient":""},"tablet":{"background-color":"var(--ast-global-color-5)","background-image":"","background-repeat":"repeat","background-position":"center center","background-size":"auto","background-attachment":"scroll","background-type":"","background-media":"","overlay-type":"","overlay-color":"","overlay-opacity":"","overlay-gradient":""},"mobile":{"background-color":"var(--ast-global-color-5)","background-image":"","background-repeat":"repeat","background-position":"center center","background-size":"auto","background-attachment":"scroll","background-type":"","background-media":"","overlay-type":"","overlay-color":"","overlay-opacity":"","overlay-gradient":""}},"footnotes":""},"categories":[1077],"tags":[214,1436,363,673,831,914],"class_list":["post-6848","post","type-post","status-publish","format-standard","has-post-thumbnail","hentry","category-literatura-infantil-i-juvenil","tag-album-illustrat","tag-biblioreport","tag-contes","tag-kalandraka","tag-poesia","tag-seleccio-bibliografica"],"post_mailing_queue_ids":[],"_links":{"self":[{"href":"https:\/\/serveiseducatius.xtec.cat\/baixllobregat6\/wp-json\/wp\/v2\/posts\/6848","targetHints":{"allow":["GET"]}}],"collection":[{"href":"https:\/\/serveiseducatius.xtec.cat\/baixllobregat6\/wp-json\/wp\/v2\/posts"}],"about":[{"href":"https:\/\/serveiseducatius.xtec.cat\/baixllobregat6\/wp-json\/wp\/v2\/types\/post"}],"author":[{"embeddable":true,"href":"https:\/\/serveiseducatius.xtec.cat\/baixllobregat6\/wp-json\/wp\/v2\/users\/1"}],"replies":[{"embeddable":true,"href":"https:\/\/serveiseducatius.xtec.cat\/baixllobregat6\/wp-json\/wp\/v2\/comments?post=6848"}],"version-history":[{"count":2,"href":"https:\/\/serveiseducatius.xtec.cat\/baixllobregat6\/wp-json\/wp\/v2\/posts\/6848\/revisions"}],"predecessor-version":[{"id":7284,"href":"https:\/\/serveiseducatius.xtec.cat\/baixllobregat6\/wp-json\/wp\/v2\/posts\/6848\/revisions\/7284"}],"wp:featuredmedia":[{"embeddable":true,"href":"https:\/\/serveiseducatius.xtec.cat\/baixllobregat6\/wp-json\/wp\/v2\/media\/7185"}],"wp:attachment":[{"href":"https:\/\/serveiseducatius.xtec.cat\/baixllobregat6\/wp-json\/wp\/v2\/media?parent=6848"}],"wp:term":[{"taxonomy":"category","embeddable":true,"href":"https:\/\/serveiseducatius.xtec.cat\/baixllobregat6\/wp-json\/wp\/v2\/categories?post=6848"},{"taxonomy":"post_tag","embeddable":true,"href":"https:\/\/serveiseducatius.xtec.cat\/baixllobregat6\/wp-json\/wp\/v2\/tags?post=6848"}],"curies":[{"name":"wp","href":"https:\/\/api.w.org\/{rel}","templated":true}]}}