{"id":5684,"date":"2010-06-15T12:33:35","date_gmt":"2010-06-15T11:33:35","guid":{"rendered":"http:\/\/www.reporteducacio.cat\/?p=1315"},"modified":"2015-12-24T13:29:46","modified_gmt":"2015-12-24T12:29:46","slug":"jo-em-dic-brisa-i-tu-itineraris-sobre-refugi-i-asil-per-a-leducacio-primaria","status":"publish","type":"post","link":"https:\/\/serveiseducatius.xtec.cat\/baixllobregat6\/actualitat\/jo-em-dic-brisa-i-tu-itineraris-sobre-refugi-i-asil-per-a-leducacio-primaria\/","title":{"rendered":"Jo em dic Brisa, i tu? Itineraris sobre refugi i asil per a l\u2019educaci\u00f3 prim\u00e0ria."},"content":{"rendered":"<p><strong>Jo em dic Brisa, i tu? Itineraris sobre refugi i asil per a  l\u2019educaci\u00f3 prim\u00e0ria<\/strong>,\u00e9s un recurs e<a href=\"http:\/\/serveiseducatius.xtec.cat\/se-baixllobregat6\/wp-content\/uploads\/usu778\/2010\/06\/icojoemdicbrisa.jpg\"><img loading=\"lazy\" decoding=\"async\" class=\"alignleft size-full wp-image-1316\" title=\"icojoemdicbrisa\" src=\"http:\/\/serveiseducatius.xtec.cat\/se-baixllobregat6\/wp-content\/uploads\/usu778\/2010\/06\/icojoemdicbrisa.jpg\" alt=\"\" width=\"173\" height=\"91\" \/><\/a>ducatiu creatc onjuntament pel <a href=\"http:\/\/www.eacnur.contravientoymarea.org\/index.php?option=com_content&amp;task=view&amp;id=49&amp;Itemid=82=\" target=\"_blank\">Comit\u00e8 Catal\u00e0 de l\u2019ACNUR<\/a> i el <a href=\"http:\/\/www.uab.cat\/servlet\/Satellite\/-1257694927291.html\" target=\"_blank\">Grup de Recerca MOSSA de la Universitat Aut\u00f2noma de Barcelona<\/a> i que s&#8217;adre\u00e7a a nens i nenes de 6 a 12 anys.<!--more-->El recurs est\u00e0 estructurat a partir d\u2019un relat il\u00b7lustrat que planteja el desenvolupament d\u2019un conjunt d\u2019activitats, totes elles adaptades als nous requeriments de la LOE i dels continguts de l\u2019assignatura d\u2019Educaci\u00f3 per a la Ciutadania i els Drets Humans.<br \/>\nAquestes activitats s\u2019articulen en sis quaderns d\u2019activitats, disposen d\u2019especificacions per a cada cicle educatiu, i compten amb una s\u00e8rie de materials l\u00fadics i audiovisuals per implicar tot el centre escolar i les fam\u00edlies.<br \/>\nEn el proc\u00e9s de creaci\u00f3 de Jo em dic Brisa, i tu? han participat quatre escoles com a centres pilot provant el recurs per poder-lo adaptar a les necessitats de docents i alumnes. En aquest v\u00eddeo es fa una presentaci\u00f3 a les seves principals finalitats educatives.<\/p>\n<p><object classid=\"clsid:d27cdb6e-ae6d-11cf-96b8-444553540000\" width=\"580\" height=\"360\" codebase=\"http:\/\/download.macromedia.com\/pub\/shockwave\/cabs\/flash\/swflash.cab#version=6,0,40,0\"><param name=\"allowFullScreen\" value=\"true\" \/><param name=\"allowscriptaccess\" value=\"always\" \/><param name=\"src\" value=\"http:\/\/www.youtube.com\/v\/n1E8RTTo_ts&amp;hl=es_ES&amp;fs=1&amp;color1=0xe1600f&amp;color2=0xfebd01&amp;border=1\" \/><param name=\"allowfullscreen\" value=\"true\" \/><embed type=\"application\/x-shockwave-flash\" width=\"580\" height=\"360\" src=\"http:\/\/www.youtube.com\/v\/n1E8RTTo_ts&amp;hl=es_ES&amp;fs=1&amp;color1=0xe1600f&amp;color2=0xfebd01&amp;border=1\" allowscriptaccess=\"always\" allowfullscreen=\"true\"><\/embed><\/object><\/p>\n<p>A <strong>Jo em dic Brisa, i tu?<\/strong> Hi trobar\u00e0s:<br \/>\n<strong>Un conte,<\/strong> \u201cL\u2019ametller no va poder fugir\u201d, editat en paper i en versi\u00f3 redu\u00efda en DVD.<\/p>\n<p><strong>Sis quaderns d\u2019activitats:<\/strong><\/p>\n<p style=\"padding-left: 30px;\">\n\u2022 Quadern 1: Infants com tu i com jo<br \/>\n\u2022 Quadern 2: Marxem, potser per no tornar?<br \/>\n\u2022 Quadern 3: Fugim i arribem a&#8230;<br \/>\n\u2022 Quadern 4: Refugiar-se, sobreviure, retornar&#8230;<br \/>\n\u2022 Quadern 5: Els Drets de les persones<br \/>\n\u2022 Quadern 6: Una, dues, tres&#8230; Acci\u00f3!<\/p>\n<p><strong>Un quadern d\u2019eines <\/strong>per al professorat organitzat en tres parts:<\/p>\n<p style=\"padding-left: 30px;\">1\u00aa Un conjunt d\u2019orientacions i criteris sobre el recurs educatiu,<br \/>\nel seu contingut i la seva relaci\u00f3 amb la LOE i la LEC<br \/>\n2\u00aa Una proposta de recursos educatius complementaris.<br \/>\n3\u00aa Un glossari de termes fonamentals.<\/p>\n<p><strong>Titelles de dit<\/strong>, dues capses, \u201cCa la Brisa\u201d i \u201cCa la Llu\u00efsa\u201d, que contenen les fam\u00edlies de les dues protagonistes.<\/p>\n<p><strong>Sis<\/strong> objectes: Un mocador de coll taronja, un \u00f3s de joguina, una gorra vermella, un brodat de punt de creu, una capsa de llapis de colors i unes quantes ametlles. S\u00f3nels objectes m\u00e9s estimats dels protagonistes del conte.<\/p>\n<p><strong>CD<\/strong> amb tot el contingut del recurs i la relaci\u00f3 detallada dels vincles entre els quaderns d\u2019activitats i els objectius i les compet\u00e8ncies b\u00e0siques.<\/p>\n<p>L\u2019ametller no va poder fugir Conte escrit per: Pepi Soto i il\u00b7lustrat per Pia Vilarrubias)<\/p>\n<p>Jo em dic Brisa, i tu? S&#8217;ha dissenyat amb el convenciment que la seva aplicaci\u00f3 a les escoles promour\u00e0 el coneixement dels fen\u00f2mens del<br \/>\nrefugi i l\u2019asil entre els infants, les seves fam\u00edlies i la comunitat educativa. Tanmateix, el nostre desig va molt m\u00e9s enll\u00e0, ja que creiem que \u00e9s a<br \/>\ntrav\u00e9s de l\u2019educaci\u00f3 de les futures generacions que aconseguirem que els 34 milions de persones refugiades i despla\u00e7ades que hi ha sota l\u2019empara<br \/>\nde l\u2019ACNUR aconsegueixin, algun dia, tornar a casa.<\/p>\n<p>El conte ens parla de dues fam\u00edlies que viuen en llocs diferents per\u00f2 que s\u2019assemblen en moltes coses.<br \/>\nLes protagonistes s\u00f3n dues nenes d\u201911 anys que es diuen Llu\u00efsa i Brisa, tenen maneres de viure i de sobreviure, amb p\u00e8rdues i dolor, per\u00f2 tamb\u00e9 amb esperan\u00e7a i il\u00b7lusions. \u00c9s una hist\u00f2ria que parla de coses que passen i no haurien de passar i per les que val la pena lluitar.<br \/>\nAutora: Pepi Soto<br \/>\nIl\u00b7lustradora: Pia Vilarrubia<\/p>\n","protected":false},"excerpt":{"rendered":"<p>Jo em dic Brisa, i tu? Itineraris sobre refugi i asil per a l\u2019educaci\u00f3 prim\u00e0ria,\u00e9s un recurs educatiu creatc onjuntament pel Comit\u00e8 Catal\u00e0 de l\u2019ACNUR i el Grup de Recerca MOSSA de la Universitat Aut\u00f2noma de Barcelona i que s&#8217;adre\u00e7a a nens i nenes de 6 a 12 anys.<\/p>\n","protected":false},"author":1,"featured_media":0,"comment_status":"open","ping_status":"open","sticky":false,"template":"","format":"standard","meta":{"_bbp_topic_count":0,"_bbp_reply_count":0,"_bbp_total_topic_count":0,"_bbp_total_reply_count":0,"_bbp_voice_count":0,"_bbp_anonymous_reply_count":0,"_bbp_topic_count_hidden":0,"_bbp_reply_count_hidden":0,"_bbp_forum_subforum_count":0,"site-sidebar-layout":"default","site-content-layout":"","ast-site-content-layout":"","site-content-style":"default","site-sidebar-style":"default","ast-global-header-display":"","ast-banner-title-visibility":"","ast-main-header-display":"","ast-hfb-above-header-display":"","ast-hfb-below-header-display":"","ast-hfb-mobile-header-display":"","site-post-title":"","ast-breadcrumbs-content":"","ast-featured-img":"","footer-sml-layout":"","theme-transparent-header-meta":"","adv-header-id-meta":"","stick-header-meta":"","header-above-stick-meta":"","header-main-stick-meta":"","header-below-stick-meta":"","astra-migrate-meta-layouts":"default","ast-page-background-enabled":"default","ast-page-background-meta":{"desktop":{"background-color":"var(--ast-global-color-4)","background-image":"","background-repeat":"repeat","background-position":"center center","background-size":"auto","background-attachment":"scroll","background-type":"","background-media":"","overlay-type":"","overlay-color":"","overlay-opacity":"","overlay-gradient":""},"tablet":{"background-color":"","background-image":"","background-repeat":"repeat","background-position":"center center","background-size":"auto","background-attachment":"scroll","background-type":"","background-media":"","overlay-type":"","overlay-color":"","overlay-opacity":"","overlay-gradient":""},"mobile":{"background-color":"","background-image":"","background-repeat":"repeat","background-position":"center center","background-size":"auto","background-attachment":"scroll","background-type":"","background-media":"","overlay-type":"","overlay-color":"","overlay-opacity":"","overlay-gradient":""}},"ast-content-background-meta":{"desktop":{"background-color":"var(--ast-global-color-5)","background-image":"","background-repeat":"repeat","background-position":"center center","background-size":"auto","background-attachment":"scroll","background-type":"","background-media":"","overlay-type":"","overlay-color":"","overlay-opacity":"","overlay-gradient":""},"tablet":{"background-color":"var(--ast-global-color-5)","background-image":"","background-repeat":"repeat","background-position":"center center","background-size":"auto","background-attachment":"scroll","background-type":"","background-media":"","overlay-type":"","overlay-color":"","overlay-opacity":"","overlay-gradient":""},"mobile":{"background-color":"var(--ast-global-color-5)","background-image":"","background-repeat":"repeat","background-position":"center center","background-size":"auto","background-attachment":"scroll","background-type":"","background-media":"","overlay-type":"","overlay-color":"","overlay-opacity":"","overlay-gradient":""}},"footnotes":""},"categories":[162],"tags":[200,418,420,443,446,762,886,985],"class_list":["post-5684","post","type-post","status-publish","format-standard","hentry","category-actualitat","tag-acnur","tag-drets-de-linfant","tag-drets-humans","tag-educacio-per-a-la-ciutadania","tag-educacio-primaria","tag-nacions-unides","tag-refugiats","tag-unhcr"],"post_mailing_queue_ids":[],"_links":{"self":[{"href":"https:\/\/serveiseducatius.xtec.cat\/baixllobregat6\/wp-json\/wp\/v2\/posts\/5684","targetHints":{"allow":["GET"]}}],"collection":[{"href":"https:\/\/serveiseducatius.xtec.cat\/baixllobregat6\/wp-json\/wp\/v2\/posts"}],"about":[{"href":"https:\/\/serveiseducatius.xtec.cat\/baixllobregat6\/wp-json\/wp\/v2\/types\/post"}],"author":[{"embeddable":true,"href":"https:\/\/serveiseducatius.xtec.cat\/baixllobregat6\/wp-json\/wp\/v2\/users\/1"}],"replies":[{"embeddable":true,"href":"https:\/\/serveiseducatius.xtec.cat\/baixllobregat6\/wp-json\/wp\/v2\/comments?post=5684"}],"version-history":[{"count":1,"href":"https:\/\/serveiseducatius.xtec.cat\/baixllobregat6\/wp-json\/wp\/v2\/posts\/5684\/revisions"}],"predecessor-version":[{"id":6313,"href":"https:\/\/serveiseducatius.xtec.cat\/baixllobregat6\/wp-json\/wp\/v2\/posts\/5684\/revisions\/6313"}],"wp:attachment":[{"href":"https:\/\/serveiseducatius.xtec.cat\/baixllobregat6\/wp-json\/wp\/v2\/media?parent=5684"}],"wp:term":[{"taxonomy":"category","embeddable":true,"href":"https:\/\/serveiseducatius.xtec.cat\/baixllobregat6\/wp-json\/wp\/v2\/categories?post=5684"},{"taxonomy":"post_tag","embeddable":true,"href":"https:\/\/serveiseducatius.xtec.cat\/baixllobregat6\/wp-json\/wp\/v2\/tags?post=5684"}],"curies":[{"name":"wp","href":"https:\/\/api.w.org\/{rel}","templated":true}]}}