{"id":5683,"date":"2010-06-10T17:09:56","date_gmt":"2010-06-10T16:09:56","guid":{"rendered":"http:\/\/www.reporteducacio.cat\/?p=1313"},"modified":"2016-02-11T13:29:20","modified_gmt":"2016-02-11T12:29:20","slug":"estudi-sobre-la-integracio-de-la-biblioteca-dins-el-centre-educatiu","status":"publish","type":"post","link":"https:\/\/serveiseducatius.xtec.cat\/baixllobregat6\/biblioteca-escolar\/informacions\/bibliografia-per-a-docents\/estudi-sobre-la-integracio-de-la-biblioteca-dins-el-centre-educatiu\/","title":{"rendered":"Estudi sobre la integraci\u00f3 de la biblioteca dins el centre educatiu"},"content":{"rendered":"<p>El Ministerio de Educaci\u00f3n i la Fundaci\u00f3n Germ\u00e1n S\u00e1nchez Ruip\u00e9rez han publicat la seva recerca qualitativa <strong><a href=\"http:\/\/www.fundaciongsr.com\/uploads\/contenidos\/doc\/122-2-BE%20entre_comillas.pdf\" target=\"_blank\">\u201cBibliotecas escolares \u201centre comillas\u201d. Estudio de casos: buenas pr\u00e1cticas en la integraci\u00f3n de la biblioteca en los centros educativos\u201d<\/a><\/strong>. (2010).<\/p>\n<p>Es tracta d&#8217;un estudi qualitatiu en qu\u00e8 es pret\u00e8n donar a con\u00e8ixer aquells processos que s&#8217;han endegat en alguns centres educatius per tal d&#8217;adequar la biblioteca escolar als profunds canvis que s&#8217;estan produint a l&#8217;escola.\u00a0 Es tractava de donar resposta, des de la pr\u00e0ctica, a preguntes com\u00a0 \u00bfquin \u00e9s el paper de la biblioteca en la construcci\u00f3 del coneixement?, \u00bfde quina manera el projecte de la biblioteca s&#8217;articula al voltant d&#8217;un projecte m\u00e9s ampli, on la cultura escrita, el coneixements i les TIC siguin elements transversals del curr\u00edculum? o \u00bfquins s\u00f3n els passos i quines dificultats es troben?<\/p>\n<p>L&#8217;an\u00e0lisi de la feina que fan els centres ha perm\u00e8s treure idees rectores i concretes sobre com avan\u00e7ar, de la mateixa manera que ho fan els centres observats,es tracta, per tant, d&#8217;un estudi que m\u00e9s arribar a uns resultats o unes conclusions, marca un cam\u00ed a seguir, un cam\u00ed en qu\u00e8 els centres que han participat en l&#8217;estudi, entre els quals hi ha l&#8217;escola Cosset\u00e0nia de Vilanova i la Geltr\u00fa, hi mostren una voluntat de canvi. Un canvi que \u00e9s real perqu\u00e8 aquests centres ho han demostrat amb la seva feina di\u00e0ria.<\/p>\n","protected":false},"excerpt":{"rendered":"<p>El Ministerio de Educaci\u00f3n i la Fundaci\u00f3n Germ\u00e1n S\u00e1nchez Ruip\u00e9rez han publicat la seva recerca qualitativa \u201cBibliotecas escolares \u201centre comillas\u201d. Estudio de casos: buenas pr\u00e1cticas en la integraci\u00f3n de la biblioteca en los centros educativos\u201d. (2010). Es tracta d&#8217;un estudi qualitatiu en qu\u00e8 es pret\u00e8n donar a con\u00e8ixer aquells processos que s&#8217;han endegat en alguns [&hellip;]<\/p>\n","protected":false},"author":1,"featured_media":0,"comment_status":"open","ping_status":"open","sticky":false,"template":"","format":"standard","meta":{"_bbp_topic_count":0,"_bbp_reply_count":0,"_bbp_total_topic_count":0,"_bbp_total_reply_count":0,"_bbp_voice_count":0,"_bbp_anonymous_reply_count":0,"_bbp_topic_count_hidden":0,"_bbp_reply_count_hidden":0,"_bbp_forum_subforum_count":0,"site-sidebar-layout":"default","site-content-layout":"","ast-site-content-layout":"","site-content-style":"default","site-sidebar-style":"default","ast-global-header-display":"","ast-banner-title-visibility":"","ast-main-header-display":"","ast-hfb-above-header-display":"","ast-hfb-below-header-display":"","ast-hfb-mobile-header-display":"","site-post-title":"","ast-breadcrumbs-content":"","ast-featured-img":"","footer-sml-layout":"","theme-transparent-header-meta":"","adv-header-id-meta":"","stick-header-meta":"","header-above-stick-meta":"","header-main-stick-meta":"","header-below-stick-meta":"","astra-migrate-meta-layouts":"default","ast-page-background-enabled":"default","ast-page-background-meta":{"desktop":{"background-color":"var(--ast-global-color-4)","background-image":"","background-repeat":"repeat","background-position":"center center","background-size":"auto","background-attachment":"scroll","background-type":"","background-media":"","overlay-type":"","overlay-color":"","overlay-opacity":"","overlay-gradient":""},"tablet":{"background-color":"","background-image":"","background-repeat":"repeat","background-position":"center center","background-size":"auto","background-attachment":"scroll","background-type":"","background-media":"","overlay-type":"","overlay-color":"","overlay-opacity":"","overlay-gradient":""},"mobile":{"background-color":"","background-image":"","background-repeat":"repeat","background-position":"center center","background-size":"auto","background-attachment":"scroll","background-type":"","background-media":"","overlay-type":"","overlay-color":"","overlay-opacity":"","overlay-gradient":""}},"ast-content-background-meta":{"desktop":{"background-color":"var(--ast-global-color-5)","background-image":"","background-repeat":"repeat","background-position":"center center","background-size":"auto","background-attachment":"scroll","background-type":"","background-media":"","overlay-type":"","overlay-color":"","overlay-opacity":"","overlay-gradient":""},"tablet":{"background-color":"var(--ast-global-color-5)","background-image":"","background-repeat":"repeat","background-position":"center center","background-size":"auto","background-attachment":"scroll","background-type":"","background-media":"","overlay-type":"","overlay-color":"","overlay-opacity":"","overlay-gradient":""},"mobile":{"background-color":"var(--ast-global-color-5)","background-image":"","background-repeat":"repeat","background-position":"center center","background-size":"auto","background-attachment":"scroll","background-type":"","background-media":"","overlay-type":"","overlay-color":"","overlay-opacity":"","overlay-gradient":""}},"footnotes":""},"categories":[1095],"tags":[1436,272,827],"class_list":["post-5683","post","type-post","status-publish","format-standard","hentry","category-bibliografia-per-a-docents","tag-biblioreport","tag-biblioteca-escolar","tag-plec"],"post_mailing_queue_ids":[],"_links":{"self":[{"href":"https:\/\/serveiseducatius.xtec.cat\/baixllobregat6\/wp-json\/wp\/v2\/posts\/5683","targetHints":{"allow":["GET"]}}],"collection":[{"href":"https:\/\/serveiseducatius.xtec.cat\/baixllobregat6\/wp-json\/wp\/v2\/posts"}],"about":[{"href":"https:\/\/serveiseducatius.xtec.cat\/baixllobregat6\/wp-json\/wp\/v2\/types\/post"}],"author":[{"embeddable":true,"href":"https:\/\/serveiseducatius.xtec.cat\/baixllobregat6\/wp-json\/wp\/v2\/users\/1"}],"replies":[{"embeddable":true,"href":"https:\/\/serveiseducatius.xtec.cat\/baixllobregat6\/wp-json\/wp\/v2\/comments?post=5683"}],"version-history":[{"count":2,"href":"https:\/\/serveiseducatius.xtec.cat\/baixllobregat6\/wp-json\/wp\/v2\/posts\/5683\/revisions"}],"predecessor-version":[{"id":7612,"href":"https:\/\/serveiseducatius.xtec.cat\/baixllobregat6\/wp-json\/wp\/v2\/posts\/5683\/revisions\/7612"}],"wp:attachment":[{"href":"https:\/\/serveiseducatius.xtec.cat\/baixllobregat6\/wp-json\/wp\/v2\/media?parent=5683"}],"wp:term":[{"taxonomy":"category","embeddable":true,"href":"https:\/\/serveiseducatius.xtec.cat\/baixllobregat6\/wp-json\/wp\/v2\/categories?post=5683"},{"taxonomy":"post_tag","embeddable":true,"href":"https:\/\/serveiseducatius.xtec.cat\/baixllobregat6\/wp-json\/wp\/v2\/tags?post=5683"}],"curies":[{"name":"wp","href":"https:\/\/api.w.org\/{rel}","templated":true}]}}