{"id":5639,"date":"2009-02-09T13:32:47","date_gmt":"2009-02-09T12:32:47","guid":{"rendered":"http:\/\/www.reporteducacio.cat\/tic\/?p=174"},"modified":"2016-05-07T10:06:54","modified_gmt":"2016-05-07T09:06:54","slug":"reconeixement-facial","status":"publish","type":"post","link":"https:\/\/serveiseducatius.xtec.cat\/baixllobregat6\/politicaeducativa\/reconeixement-facial\/","title":{"rendered":"Reconeixement facial"},"content":{"rendered":"<p>De cara a personalitzar al m\u00e0xim els ordinadors (amb salvapantalles, fons d&#8217;escriptori, etc) o b\u00e9 per crear els avatars per a xarxes socials (ning, facebook, blocs&#8230;), us presentem un programari inserit en un lloc web que mitjan\u00e7ant la tecnologia de reconeixement facial permet incrustrar la nostra fotografia en un muntatge amb for\u00e7a bona resoluci\u00f3 com per exemple aquesta:<\/p>\n<p><a href=\"http:\/\/serveiseducatius.xtec.cat\/se-baixllobregat6\/wp-content\/uploads\/usu778\/2009\/02\/icosafont.jpg\"><img loading=\"lazy\" decoding=\"async\" class=\"aligncenter size-full wp-image-173\" title=\"icosafont\" src=\"http:\/\/serveiseducatius.xtec.cat\/se-baixllobregat6\/wp-content\/uploads\/usu778\/2009\/02\/icosafont.jpg\" alt=\"icosafont\" width=\"450\" height=\"338\" \/><\/a><br \/>\nAix\u00ed que si voleu apar\u00e8ixer en el si del Mount Rushmore, amb el look de la Gioconda, en un cartell estil pop-art o de moltes altres maneres, nom\u00e9s us cal accedir a: <a href=\"http:\/\/photofunia.com\/\" target=\"_blank\">http:\/\/photofunia.com\/<\/a><a href=\"http:\/\/www.es.photofunia.com\"><\/a>. Si ho voleu portar a terme amb l&#8217;alumnat us suggerim que superviseu l&#8217;activitat amb la finalitat de controlar possibles banderoles publicit\u00e0ries impr\u00f2pies per a p\u00fablic infantil.<\/p>\n","protected":false},"excerpt":{"rendered":"<p>De cara a personalitzar al m\u00e0xim els ordinadors (amb salvapantalles, fons d&#8217;escriptori, etc) o b\u00e9 per crear els avatars per a xarxes socials (ning, facebook, blocs&#8230;), us presentem un programari inserit en un lloc web que mitjan\u00e7ant la tecnologia de reconeixement facial permet incrustrar la nostra fotografia en un muntatge amb for\u00e7a bona resoluci\u00f3 com [&hellip;]<\/p>\n","protected":false},"author":1,"featured_media":0,"comment_status":"closed","ping_status":"open","sticky":false,"template":"","format":"standard","meta":{"_bbp_topic_count":0,"_bbp_reply_count":0,"_bbp_total_topic_count":0,"_bbp_total_reply_count":0,"_bbp_voice_count":0,"_bbp_anonymous_reply_count":0,"_bbp_topic_count_hidden":0,"_bbp_reply_count_hidden":0,"_bbp_forum_subforum_count":0,"site-sidebar-layout":"default","site-content-layout":"","ast-site-content-layout":"","site-content-style":"default","site-sidebar-style":"default","ast-global-header-display":"","ast-banner-title-visibility":"","ast-main-header-display":"","ast-hfb-above-header-display":"","ast-hfb-below-header-display":"","ast-hfb-mobile-header-display":"","site-post-title":"","ast-breadcrumbs-content":"","ast-featured-img":"","footer-sml-layout":"","theme-transparent-header-meta":"","adv-header-id-meta":"","stick-header-meta":"","header-above-stick-meta":"","header-main-stick-meta":"","header-below-stick-meta":"","astra-migrate-meta-layouts":"default","ast-page-background-enabled":"default","ast-page-background-meta":{"desktop":{"background-color":"var(--ast-global-color-4)","background-image":"","background-repeat":"repeat","background-position":"center center","background-size":"auto","background-attachment":"scroll","background-type":"","background-media":"","overlay-type":"","overlay-color":"","overlay-opacity":"","overlay-gradient":""},"tablet":{"background-color":"","background-image":"","background-repeat":"repeat","background-position":"center center","background-size":"auto","background-attachment":"scroll","background-type":"","background-media":"","overlay-type":"","overlay-color":"","overlay-opacity":"","overlay-gradient":""},"mobile":{"background-color":"","background-image":"","background-repeat":"repeat","background-position":"center center","background-size":"auto","background-attachment":"scroll","background-type":"","background-media":"","overlay-type":"","overlay-color":"","overlay-opacity":"","overlay-gradient":""}},"ast-content-background-meta":{"desktop":{"background-color":"var(--ast-global-color-5)","background-image":"","background-repeat":"repeat","background-position":"center center","background-size":"auto","background-attachment":"scroll","background-type":"","background-media":"","overlay-type":"","overlay-color":"","overlay-opacity":"","overlay-gradient":""},"tablet":{"background-color":"var(--ast-global-color-5)","background-image":"","background-repeat":"repeat","background-position":"center center","background-size":"auto","background-attachment":"scroll","background-type":"","background-media":"","overlay-type":"","overlay-color":"","overlay-opacity":"","overlay-gradient":""},"mobile":{"background-color":"var(--ast-global-color-5)","background-image":"","background-repeat":"repeat","background-position":"center center","background-size":"auto","background-attachment":"scroll","background-type":"","background-media":"","overlay-type":"","overlay-color":"","overlay-opacity":"","overlay-gradient":""}},"footnotes":""},"categories":[1],"tags":[558,881],"class_list":["post-5639","post","type-post","status-publish","format-standard","hentry","category-politicaeducativa","tag-fotografia-digital","tag-reconeixement-facial"],"post_mailing_queue_ids":[],"_links":{"self":[{"href":"https:\/\/serveiseducatius.xtec.cat\/baixllobregat6\/wp-json\/wp\/v2\/posts\/5639","targetHints":{"allow":["GET"]}}],"collection":[{"href":"https:\/\/serveiseducatius.xtec.cat\/baixllobregat6\/wp-json\/wp\/v2\/posts"}],"about":[{"href":"https:\/\/serveiseducatius.xtec.cat\/baixllobregat6\/wp-json\/wp\/v2\/types\/post"}],"author":[{"embeddable":true,"href":"https:\/\/serveiseducatius.xtec.cat\/baixllobregat6\/wp-json\/wp\/v2\/users\/1"}],"replies":[{"embeddable":true,"href":"https:\/\/serveiseducatius.xtec.cat\/baixllobregat6\/wp-json\/wp\/v2\/comments?post=5639"}],"version-history":[{"count":1,"href":"https:\/\/serveiseducatius.xtec.cat\/baixllobregat6\/wp-json\/wp\/v2\/posts\/5639\/revisions"}],"predecessor-version":[{"id":8519,"href":"https:\/\/serveiseducatius.xtec.cat\/baixllobregat6\/wp-json\/wp\/v2\/posts\/5639\/revisions\/8519"}],"wp:attachment":[{"href":"https:\/\/serveiseducatius.xtec.cat\/baixllobregat6\/wp-json\/wp\/v2\/media?parent=5639"}],"wp:term":[{"taxonomy":"category","embeddable":true,"href":"https:\/\/serveiseducatius.xtec.cat\/baixllobregat6\/wp-json\/wp\/v2\/categories?post=5639"},{"taxonomy":"post_tag","embeddable":true,"href":"https:\/\/serveiseducatius.xtec.cat\/baixllobregat6\/wp-json\/wp\/v2\/tags?post=5639"}],"curies":[{"name":"wp","href":"https:\/\/api.w.org\/{rel}","templated":true}]}}