{"id":5615,"date":"2015-12-14T16:10:29","date_gmt":"2010-05-01T14:59:31","guid":{"rendered":"http:\/\/www.reporteducacio.cat\/blocreport\/?p=1171"},"modified":"2015-12-24T08:26:04","modified_gmt":"2015-12-24T07:26:04","slug":"model-de-prevencio-i-deteccio-de-situacions-de-risc-social-a-la-infancia-i-ladolescencia-des-dels-serveis-socials-basics","status":"publish","type":"post","link":"https:\/\/serveiseducatius.xtec.cat\/baixllobregat6\/pee020\/model-de-prevencio-i-deteccio-de-situacions-de-risc-social-a-la-infancia-i-ladolescencia-des-dels-serveis-socials-basics\/","title":{"rendered":"Model de prevenci\u00f3 i detecci\u00f3 de situacions de risc social a la inf\u00e0ncia i l\u2019adolesc\u00e8ncia des dels Serveis Socials B\u00e0sics"},"content":{"rendered":"<p>\ufeff\ufeff\ufeffLa Diputaci\u00f3 de Barcelona, a trav\u00e9s de l\u2019\u00c0rea de Benestar Social,  d\u2019acord amb la seva funci\u00f3 de suport als ajuntaments de la demarcaci\u00f3,  treballa per millorar la qualitat i l\u2019efici\u00e8ncia dels serveis socials  b\u00e0sics. En aquesta l\u00ednia, s&#8217;ha considerat essencial avan\u00e7ar en la  creaci\u00f3 d\u2019un model de prevenci\u00f3 i detecci\u00f3 de situacions de risc social a  la inf\u00e0ncia i l\u2019adolesc\u00e8ncia, i donar prioritat aix\u00ed a les necessitats  que els municipis tenen en aquesta mat\u00e8ria.<\/p>\n<p>Aquest model preventiu  respon a una proposta de la Diputaci\u00f3 de Barcelona i de la Federaci\u00f3  d\u2019Entitats d\u2019Atenci\u00f3 i Educaci\u00f3 a la Inf\u00e0ncia i l\u2019Adolesc\u00e8ncia (FEDAIA)  dirigida a proporcionar a les administracions locals protocols i  instruments per a crear xarxes de prevenci\u00f3, detecci\u00f3 i acci\u00f3 en l\u2019\u00e0mbit  de la inf\u00e0ncia i l\u2019adolesc\u00e8ncia en risc social.<\/p>\n<p>Aquest document \u00e9s  el resultat d\u2019un treball conjunt entre professionals dels serveis  socials municipals, d\u2019entitats d\u2019iniciativa social, de la Diputaci\u00f3 de  Barcelona i de la FEDAIA. D\u2019aquesta manera, el Model d\u00f3na resposta a les  finalitats i els objectius de les administracions p\u00fabliques i de les  entitats d\u2019iniciativa social de Catalunya, des de la professionalitat,  el coneixement de la realitat i l\u2019experi\u00e8ncia.<\/p>\n<p>|<a title=\"Document marc per a la detecci\u00f3 d'infants en risc d'exclusi\u00f3  social\" href=\"http:\/\/www.diba.cat\/servsocials\/descarrega\/infancia_en_risc_08.pdf\" target=\"_blank\">ACC\u00c9S  AL DOCUMENT<\/a>|<\/p>\n","protected":false},"excerpt":{"rendered":"<p>\ufeff\ufeff\ufeffLa Diputaci\u00f3 de Barcelona, a trav\u00e9s de l\u2019\u00c0rea de Benestar Social, d\u2019acord amb la seva funci\u00f3 de suport als ajuntaments de la demarcaci\u00f3, treballa per millorar la qualitat i l\u2019efici\u00e8ncia dels serveis socials b\u00e0sics. En aquesta l\u00ednia, s&#8217;ha considerat essencial avan\u00e7ar en la creaci\u00f3 d\u2019un model de prevenci\u00f3 i detecci\u00f3 de situacions de risc social [&hellip;]<\/p>\n","protected":false},"author":1,"featured_media":0,"comment_status":"open","ping_status":"open","sticky":false,"template":"","format":"standard","meta":{"_bbp_topic_count":0,"_bbp_reply_count":0,"_bbp_total_topic_count":0,"_bbp_total_reply_count":0,"_bbp_voice_count":0,"_bbp_anonymous_reply_count":0,"_bbp_topic_count_hidden":0,"_bbp_reply_count_hidden":0,"_bbp_forum_subforum_count":0,"site-sidebar-layout":"default","site-content-layout":"","ast-site-content-layout":"","site-content-style":"default","site-sidebar-style":"default","ast-global-header-display":"","ast-banner-title-visibility":"","ast-main-header-display":"","ast-hfb-above-header-display":"","ast-hfb-below-header-display":"","ast-hfb-mobile-header-display":"","site-post-title":"","ast-breadcrumbs-content":"","ast-featured-img":"","footer-sml-layout":"","theme-transparent-header-meta":"","adv-header-id-meta":"","stick-header-meta":"","header-above-stick-meta":"","header-main-stick-meta":"","header-below-stick-meta":"","astra-migrate-meta-layouts":"default","ast-page-background-enabled":"default","ast-page-background-meta":{"desktop":{"background-color":"var(--ast-global-color-4)","background-image":"","background-repeat":"repeat","background-position":"center center","background-size":"auto","background-attachment":"scroll","background-type":"","background-media":"","overlay-type":"","overlay-color":"","overlay-opacity":"","overlay-gradient":""},"tablet":{"background-color":"","background-image":"","background-repeat":"repeat","background-position":"center center","background-size":"auto","background-attachment":"scroll","background-type":"","background-media":"","overlay-type":"","overlay-color":"","overlay-opacity":"","overlay-gradient":""},"mobile":{"background-color":"","background-image":"","background-repeat":"repeat","background-position":"center center","background-size":"auto","background-attachment":"scroll","background-type":"","background-media":"","overlay-type":"","overlay-color":"","overlay-opacity":"","overlay-gradient":""}},"ast-content-background-meta":{"desktop":{"background-color":"var(--ast-global-color-5)","background-image":"","background-repeat":"repeat","background-position":"center center","background-size":"auto","background-attachment":"scroll","background-type":"","background-media":"","overlay-type":"","overlay-color":"","overlay-opacity":"","overlay-gradient":""},"tablet":{"background-color":"var(--ast-global-color-5)","background-image":"","background-repeat":"repeat","background-position":"center center","background-size":"auto","background-attachment":"scroll","background-type":"","background-media":"","overlay-type":"","overlay-color":"","overlay-opacity":"","overlay-gradient":""},"mobile":{"background-color":"var(--ast-global-color-5)","background-image":"","background-repeat":"repeat","background-position":"center center","background-size":"auto","background-attachment":"scroll","background-type":"","background-media":"","overlay-type":"","overlay-color":"","overlay-opacity":"","overlay-gradient":""}},"footnotes":""},"categories":[75],"tags":[207,325,513,530,616,620,824,907],"class_list":["post-5615","post","type-post","status-publish","format-standard","hentry","category-pee020","tag-adolescencia","tag-cohesio-social","tag-escolaritzacio","tag-exclusio-social","tag-inclusio","tag-infancia","tag-pla-educatiu-dentorn","tag-sant-vicenc-dels-horts"],"post_mailing_queue_ids":[],"_links":{"self":[{"href":"https:\/\/serveiseducatius.xtec.cat\/baixllobregat6\/wp-json\/wp\/v2\/posts\/5615","targetHints":{"allow":["GET"]}}],"collection":[{"href":"https:\/\/serveiseducatius.xtec.cat\/baixllobregat6\/wp-json\/wp\/v2\/posts"}],"about":[{"href":"https:\/\/serveiseducatius.xtec.cat\/baixllobregat6\/wp-json\/wp\/v2\/types\/post"}],"author":[{"embeddable":true,"href":"https:\/\/serveiseducatius.xtec.cat\/baixllobregat6\/wp-json\/wp\/v2\/users\/1"}],"replies":[{"embeddable":true,"href":"https:\/\/serveiseducatius.xtec.cat\/baixllobregat6\/wp-json\/wp\/v2\/comments?post=5615"}],"version-history":[{"count":1,"href":"https:\/\/serveiseducatius.xtec.cat\/baixllobregat6\/wp-json\/wp\/v2\/posts\/5615\/revisions"}],"predecessor-version":[{"id":5848,"href":"https:\/\/serveiseducatius.xtec.cat\/baixllobregat6\/wp-json\/wp\/v2\/posts\/5615\/revisions\/5848"}],"wp:attachment":[{"href":"https:\/\/serveiseducatius.xtec.cat\/baixllobregat6\/wp-json\/wp\/v2\/media?parent=5615"}],"wp:term":[{"taxonomy":"category","embeddable":true,"href":"https:\/\/serveiseducatius.xtec.cat\/baixllobregat6\/wp-json\/wp\/v2\/categories?post=5615"},{"taxonomy":"post_tag","embeddable":true,"href":"https:\/\/serveiseducatius.xtec.cat\/baixllobregat6\/wp-json\/wp\/v2\/tags?post=5615"}],"curies":[{"name":"wp","href":"https:\/\/api.w.org\/{rel}","templated":true}]}}