{"id":5612,"date":"2007-05-28T10:00:41","date_gmt":"2007-05-28T10:00:41","guid":{"rendered":"http:\/\/www.reporteducacio.cat\/blocreport\/?p=1135"},"modified":"2007-05-28T10:00:41","modified_gmt":"2007-05-28T10:00:41","slug":"autoformacio-i-desenvolupament-professional","status":"publish","type":"post","link":"https:\/\/serveiseducatius.xtec.cat\/baixllobregat6\/recursos\/catalegs-tematics\/cinema\/autoformacio-i-desenvolupament-professional\/","title":{"rendered":"Autoformaci\u00f3 i desenvolupament professional"},"content":{"rendered":"<p>Films de ficci\u00f3, la tem\u00e0tica de les quals gira al voltant de l&#8217;ensenyament.<br \/>\n<!--more--><\/p>\n<hr id=\"system-readmore\" \/>\n<table border=\"0\" cellspacing=\"5\" cellpadding=\"5\" width=\"100%\">\n<tbody>\n<tr valign=\"top\">\n<td>\n<div><img loading=\"lazy\" decoding=\"async\" src=\"http:\/\/www.xtec.cat\/crp-baixllobregat6\/cinema\/imatges\/indomablewill.jpg\" alt=\"\" width=\"90\" height=\"133\" \/><\/div>\n<\/td>\n<td>\n<div><img loading=\"lazy\" decoding=\"async\" src=\"http:\/\/www.xtec.cat\/crp-baixllobregat6\/cinema\/imatges\/El_Club_de_los_poetas_Muertos.JPG\" alt=\"\" width=\"90\" height=\"133\" \/><\/div>\n<\/td>\n<td>\n<div><img loading=\"lazy\" decoding=\"async\" src=\"http:\/\/www.xtec.cat\/crp-baixllobregat6\/cinema\/imatges\/hoyempiezatodo.jpg\" alt=\"\" width=\"90\" height=\"133\" \/><\/div>\n<\/td>\n<\/tr>\n<tr valign=\"top\">\n<td width=\"33%\">\n<div><strong><a href=\"http:\/\/www.xtec.es\/cgi\/mediateca_crp?NU=MP012654\" target=\"_blank\"><span class=\"azmapa_subratllat\">El indomable Will Hunting<\/span><\/a><\/strong><span class=\"arial12pt\">, de Gus Van Sant<\/span> <span class=\"bl\"><strong><span style=\"color: #ff0000;\">(DVD)<\/span><\/strong><\/span><\/div>\n<\/td>\n<td width=\"33%\">\n<div><strong><a href=\"http:\/\/www.xtec.es\/cgi\/mediateca_crp?NU=MP014238\" target=\"_blank\">El club de los poetas muertos<\/a><\/strong><span class=\"cataleg_ED\">, de Peter Weir <\/span><span class=\"bl\"><strong><span style=\"color: #ff0000;\">(DVD)<\/span><\/strong><\/span><\/div>\n<\/td>\n<td width=\"33%\">\n<div><strong><a href=\"http:\/\/www.xtec.es\/cgi\/mediateca_crp?NU=MP005169\" target=\"_blank\"><span class=\"azmapa_subratllat\">Hoy empieza todo<\/span><\/a><\/strong><span class=\"cataleg_ED\">, de Bertrand Tavernier<\/span><span class=\"bl\"> <strong><span style=\"color: #ff0000;\">(DVD)<\/span><\/strong><\/span><\/div>\n<\/td>\n<\/tr>\n<tr valign=\"top\">\n<td>\n<div><img loading=\"lazy\" decoding=\"async\" src=\"http:\/\/www.xtec.cat\/crp-baixllobregat6\/cinema\/imatges\/niunomenos.jpg\" alt=\"\" width=\"90\" height=\"133\" \/><\/div>\n<\/td>\n<td>\n<div><img loading=\"lazy\" decoding=\"async\" src=\"http:\/\/www.xtec.cat\/crp-baixllobregat6\/cinema\/imatges\/serytener.jpg\" alt=\"\" width=\"90\" height=\"133\" \/><\/div>\n<\/td>\n<td>\n<div><img loading=\"lazy\" decoding=\"async\" src=\"http:\/\/www.xtec.cat\/crp-baixllobregat6\/cinema\/imatges\/la_lengua_de_las_mariposas.jpg\" alt=\"\" width=\"90\" height=\"133\" \/><\/div>\n<\/td>\n<\/tr>\n<tr valign=\"top\">\n<td>\n<div><strong><a href=\"http:\/\/www.xtec.es\/cgi\/mediateca_crp?NU=MP013698\" target=\"_blank\">Ni uno menos<\/a><\/strong><span class=\"cataleg_ED\">, de Zhang Yimou<\/span><\/div>\n<\/td>\n<td>\n<div><strong><span class=\"azmapa\">Ser y tener<\/span><\/strong><span class=\"cataleg_ED\">, de <\/span><span class=\"arial12pt\">Nicolas Philibert<\/span><\/div>\n<\/td>\n<td>\n<div><strong><a href=\"http:\/\/www.xtec.es\/cgi\/mediateca_crp?NU=MP005239\" target=\"_blank\"><span class=\"azmapa_subratllat\">La lengua de las mariposas<\/span><\/a><\/strong><span class=\"cataleg_ED\">, de Jos\u00e9 Lu\u00eds Cuerda<\/span><\/div>\n<\/td>\n<\/tr>\n<tr valign=\"top\">\n<td>\n<div>\n<ul>\n<li><span class=\"cataleg_ED\">Amb el t\u00edtol &#8220;L&#8217;escola rural&#8221; es presenta una guia did\u00e0ctica del film dins el llibre <\/span><a href=\"http:\/\/www.xtec.es\/cgi\/mediateca_crp?NU=MP010810\" target=\"_blank\"><span style=\"text-decoration: underline;\">&#8220;<em>Aprenent dels pa\u00efsos en desenvolupament. Materials per aprendre a llegir la realitat dels pa\u00efsos en vies de desenvolupament&#8221;<\/em><\/span><\/a><\/li>\n<\/ul>\n<\/div>\n<\/td>\n<td><\/td>\n<td>\n<div>\n<ul>\n<li class=\"arial12pt\">Disposa d&#8217;una unitat did\u00e0ctica (Revista &#8220;Making of. Cuadernos de cine y educaci\u00f3n&#8221;, n\u00fam. 17)<\/li>\n<li><em><a href=\"http:\/\/www.aulamedia.org\/cine5.htm\" target=\"_blank\">Dossier de treball online<\/a><\/em><\/li>\n<\/ul>\n<\/div>\n<\/td>\n<\/tr>\n<\/tbody>\n<\/table>\n","protected":false},"excerpt":{"rendered":"<p>Films de ficci\u00f3, la tem\u00e0tica de les quals gira al voltant de l&#8217;ensenyament.<\/p>\n","protected":false},"author":1,"featured_media":0,"comment_status":"open","ping_status":"open","sticky":false,"template":"","format":"standard","meta":{"_bbp_topic_count":0,"_bbp_reply_count":0,"_bbp_total_topic_count":0,"_bbp_total_reply_count":0,"_bbp_voice_count":0,"_bbp_anonymous_reply_count":0,"_bbp_topic_count_hidden":0,"_bbp_reply_count_hidden":0,"_bbp_forum_subforum_count":0,"site-sidebar-layout":"default","site-content-layout":"","ast-site-content-layout":"","site-content-style":"default","site-sidebar-style":"default","ast-global-header-display":"","ast-banner-title-visibility":"","ast-main-header-display":"","ast-hfb-above-header-display":"","ast-hfb-below-header-display":"","ast-hfb-mobile-header-display":"","site-post-title":"","ast-breadcrumbs-content":"","ast-featured-img":"","footer-sml-layout":"","theme-transparent-header-meta":"","adv-header-id-meta":"","stick-header-meta":"","header-above-stick-meta":"","header-main-stick-meta":"","header-below-stick-meta":"","astra-migrate-meta-layouts":"default","ast-page-background-enabled":"default","ast-page-background-meta":{"desktop":{"background-color":"var(--ast-global-color-4)","background-image":"","background-repeat":"repeat","background-position":"center center","background-size":"auto","background-attachment":"scroll","background-type":"","background-media":"","overlay-type":"","overlay-color":"","overlay-opacity":"","overlay-gradient":""},"tablet":{"background-color":"","background-image":"","background-repeat":"repeat","background-position":"center center","background-size":"auto","background-attachment":"scroll","background-type":"","background-media":"","overlay-type":"","overlay-color":"","overlay-opacity":"","overlay-gradient":""},"mobile":{"background-color":"","background-image":"","background-repeat":"repeat","background-position":"center center","background-size":"auto","background-attachment":"scroll","background-type":"","background-media":"","overlay-type":"","overlay-color":"","overlay-opacity":"","overlay-gradient":""}},"ast-content-background-meta":{"desktop":{"background-color":"var(--ast-global-color-5)","background-image":"","background-repeat":"repeat","background-position":"center center","background-size":"auto","background-attachment":"scroll","background-type":"","background-media":"","overlay-type":"","overlay-color":"","overlay-opacity":"","overlay-gradient":""},"tablet":{"background-color":"var(--ast-global-color-5)","background-image":"","background-repeat":"repeat","background-position":"center center","background-size":"auto","background-attachment":"scroll","background-type":"","background-media":"","overlay-type":"","overlay-color":"","overlay-opacity":"","overlay-gradient":""},"mobile":{"background-color":"var(--ast-global-color-5)","background-image":"","background-repeat":"repeat","background-position":"center center","background-size":"auto","background-attachment":"scroll","background-type":"","background-media":"","overlay-type":"","overlay-color":"","overlay-opacity":"","overlay-gradient":""}},"footnotes":""},"categories":[174],"tags":[467,543,736],"class_list":["post-5612","post","type-post","status-publish","format-standard","hentry","category-cinema","tag-ensenyament","tag-films","tag-mestres"],"post_mailing_queue_ids":[],"_links":{"self":[{"href":"https:\/\/serveiseducatius.xtec.cat\/baixllobregat6\/wp-json\/wp\/v2\/posts\/5612","targetHints":{"allow":["GET"]}}],"collection":[{"href":"https:\/\/serveiseducatius.xtec.cat\/baixllobregat6\/wp-json\/wp\/v2\/posts"}],"about":[{"href":"https:\/\/serveiseducatius.xtec.cat\/baixllobregat6\/wp-json\/wp\/v2\/types\/post"}],"author":[{"embeddable":true,"href":"https:\/\/serveiseducatius.xtec.cat\/baixllobregat6\/wp-json\/wp\/v2\/users\/1"}],"replies":[{"embeddable":true,"href":"https:\/\/serveiseducatius.xtec.cat\/baixllobregat6\/wp-json\/wp\/v2\/comments?post=5612"}],"version-history":[{"count":0,"href":"https:\/\/serveiseducatius.xtec.cat\/baixllobregat6\/wp-json\/wp\/v2\/posts\/5612\/revisions"}],"wp:attachment":[{"href":"https:\/\/serveiseducatius.xtec.cat\/baixllobregat6\/wp-json\/wp\/v2\/media?parent=5612"}],"wp:term":[{"taxonomy":"category","embeddable":true,"href":"https:\/\/serveiseducatius.xtec.cat\/baixllobregat6\/wp-json\/wp\/v2\/categories?post=5612"},{"taxonomy":"post_tag","embeddable":true,"href":"https:\/\/serveiseducatius.xtec.cat\/baixllobregat6\/wp-json\/wp\/v2\/tags?post=5612"}],"curies":[{"name":"wp","href":"https:\/\/api.w.org\/{rel}","templated":true}]}}