{"id":5604,"date":"2015-12-11T08:17:13","date_gmt":"2015-12-11T07:17:13","guid":{"rendered":"http:\/\/reporteducacio.cat\/?p=5604"},"modified":"2015-12-22T12:23:16","modified_gmt":"2015-12-22T11:23:16","slug":"ahead-lassociacio-deducadors-en-drets-humans","status":"publish","type":"post","link":"https:\/\/serveiseducatius.xtec.cat\/baixllobregat6\/se-baixllobregat6\/ahead-lassociacio-deducadors-en-drets-humans\/","title":{"rendered":"AHEAD: L&#8217;Associaci\u00f3 d&#8217;Educadors en Drets Humans"},"content":{"rendered":"<p><strong><a href=\"http:\/\/serveiseducatius.xtec.cat\/se-baixllobregat6\/wp-content\/uploads\/usu778\/2015\/12\/2manuals-640x350.jpg\"><img loading=\"lazy\" decoding=\"async\" class=\"alignleft wp-image-5605 size-medium\" src=\"http:\/\/serveiseducatius.xtec.cat\/se-baixllobregat6\/wp-content\/uploads\/usu778\/2015\/12\/2manuals-640x350-300x164.jpg\" alt=\"2manuals-640x350\" width=\"300\" height=\"164\" srcset=\"https:\/\/serveiseducatius.xtec.cat\/baixllobregat6\/wp-content\/uploads\/usu778\/2015\/12\/2manuals-640x350-300x164.jpg 300w, https:\/\/serveiseducatius.xtec.cat\/baixllobregat6\/wp-content\/uploads\/usu778\/2015\/12\/2manuals-640x350.jpg 640w\" sizes=\"auto, (max-width: 300px) 100vw, 300px\" \/><\/a>L\u2019 Associaci\u00f3 d\u2019Educadors en Drets Humans (AHEAD)<\/strong> est\u00e0 formada per formadors i formadores amb llarga traject\u00f2ria en la pr\u00e0ctica de <strong>l\u2019Educaci\u00f3 en Drets Humans a nivell Europeu<\/strong>.<\/p>\n<p>Entenem l\u2019educaci\u00f3 en drets humans com un proc\u00e9s educatiu basat en la participaci\u00f3 activa a trav\u00e9s del qual <strong>aprendre<\/strong> sobre els drets humans i els temes relacionats, adquirir les <strong>habilitats<\/strong> necess\u00e0ries per la defensa dels drets humans i desenvolupar<strong>actituds<\/strong> de respecte cap a la igualtat i la dignitat.<\/p>\n<p>Promovem l\u2019Educaci\u00f3 en Drets Humans com a requisit per enfortir el <strong>comprom\u00eds vers la cultura de la pau, la democr\u00e0cia i la solidaritat<\/strong> principalment a Catalunya.<\/p>\n<p>Celebrem la Declaraci\u00f3 de Nacions Unides sobre l\u2019Educaci\u00f3 en Drets Humans: United Nations Declaration on Human Rights Education.<\/p>\n<h4><strong>Objetius:<\/strong><\/h4>\n<ul>\n<li>Consolidar l\u2019Educaci\u00f3 en Drets Humans com a marc de refer\u00e8ncia per <strong>sensibilitzar i educar per la ciutadania<\/strong> i la participaci\u00f3, pel desenvolupament, per la pau, per la sostenibilitat, pel treball de g\u00e8nere, la diversitat afectiva, i l\u2019aprenentatge intercultural.<\/li>\n<li><strong>Proveir compet\u00e8ncies als joves<\/strong>, professionals, organitzacions de la societat civil \u2014especialment a entitat juvenils\u2014 i institucions \u2014especialment educatives\u2014 amb la voluntat de promoure el treball intersectorial.<\/li>\n<li>Desenvolupar metodologies innovadores i crear materials pedag\u00f2gics en <strong>Educaci\u00f3 en Drets Humans en llengua catalana<\/strong> aix\u00ed com traduir, adaptar i difondre materials pedag\u00f2gics d\u2019altres pa\u00efsos a l\u2019\u00e0mbit cultural i ling\u00fc\u00edstic catal\u00e0.<\/li>\n<li>Impulsar l\u2019intercanvi d\u2019experi\u00e8ncies, el treball en xarxa i la definici\u00f3 de pol\u00edtiques p\u00fabliques que incorporin l\u2019Educaci\u00f3 en Drets Humans com a eix transversal.<\/li>\n<li>Implementar <strong>projectes de solidaritat i cooperaci\u00f3 al desenvolupament<\/strong> tant en l\u2019\u00e0mbit local com arreu del m\u00f3n en pro de la inclusi\u00f3 social.<\/li>\n<\/ul>\n<p lang=\"ca-ES\">Per aconseguir les seves finalitats, l\u2019Associaci\u00f3 realitza les activitats seg\u00fcents:<\/p>\n<ul>\n<li>\n<p lang=\"ca-ES\"><a href=\"http:\/\/aheadedu.org\/formacio\/\" target=\"_blank\">Formaci\u00f3<\/a> i activitats educatives;<\/p>\n<\/li>\n<li>\n<p lang=\"ca-ES\">Creaci\u00f3 i <a href=\"http:\/\/aheadedu.org\/petitcompass\/\" target=\"_blank\">Traducci\u00f3 de materials pedag\u00f2gics<\/a>;<\/p>\n<\/li>\n<li>\n<p lang=\"ca-ES\">Generaci\u00f3 d\u2019espais d\u2019intercanvi de pr\u00e0ctiques en l\u2019\u00e0mbit de l\u2019EDH;<\/p>\n<\/li>\n<li>\n<p lang=\"ca-ES\">Investigaci\u00f3 i recerca;<\/p>\n<\/li>\n<li>\n<p lang=\"ca-ES\">Nous \u00e0mbits d\u2019actuaci\u00f3 en relaci\u00f3 a l\u2019EDH: Drets dels Infants, Drets de la Joventut, Drets emergents\u2026<\/p>\n<\/li>\n<li>Projectes de <a href=\"http:\/\/aheadedu.org\/formacio\/temas-ahead\/\" target=\"_blank\">solidaritat i cooperaci\u00f3 al desenvolupament<\/a>.<\/li>\n<\/ul>\n<p>|<a href=\"http:\/\/aheadedu.org\/\" target=\"_blank\">ACC\u00c9S A AHEAD<\/a>|<\/p>\n","protected":false},"excerpt":{"rendered":"<p>L\u2019 Associaci\u00f3 d\u2019Educadors en Drets Humans (AHEAD) est\u00e0 formada per formadors i formadores amb llarga traject\u00f2ria en la pr\u00e0ctica de l\u2019Educaci\u00f3 en Drets Humans a nivell Europeu. Entenem l\u2019educaci\u00f3 en drets humans com un proc\u00e9s educatiu basat en la participaci\u00f3 activa a trav\u00e9s del qual aprendre sobre els drets humans i els temes relacionats, adquirir [&hellip;]<\/p>\n","protected":false},"author":1,"featured_media":5605,"comment_status":"open","ping_status":"open","sticky":false,"template":"","format":"standard","meta":{"_bbp_topic_count":0,"_bbp_reply_count":0,"_bbp_total_topic_count":0,"_bbp_total_reply_count":0,"_bbp_voice_count":0,"_bbp_anonymous_reply_count":0,"_bbp_topic_count_hidden":0,"_bbp_reply_count_hidden":0,"_bbp_forum_subforum_count":0,"site-sidebar-layout":"default","site-content-layout":"","ast-site-content-layout":"","site-content-style":"default","site-sidebar-style":"default","ast-global-header-display":"","ast-banner-title-visibility":"","ast-main-header-display":"","ast-hfb-above-header-display":"","ast-hfb-below-header-display":"","ast-hfb-mobile-header-display":"","site-post-title":"","ast-breadcrumbs-content":"","ast-featured-img":"","footer-sml-layout":"","theme-transparent-header-meta":"","adv-header-id-meta":"","stick-header-meta":"","header-above-stick-meta":"","header-main-stick-meta":"","header-below-stick-meta":"","astra-migrate-meta-layouts":"default","ast-page-background-enabled":"default","ast-page-background-meta":{"desktop":{"background-color":"var(--ast-global-color-4)","background-image":"","background-repeat":"repeat","background-position":"center center","background-size":"auto","background-attachment":"scroll","background-type":"","background-media":"","overlay-type":"","overlay-color":"","overlay-opacity":"","overlay-gradient":""},"tablet":{"background-color":"","background-image":"","background-repeat":"repeat","background-position":"center center","background-size":"auto","background-attachment":"scroll","background-type":"","background-media":"","overlay-type":"","overlay-color":"","overlay-opacity":"","overlay-gradient":""},"mobile":{"background-color":"","background-image":"","background-repeat":"repeat","background-position":"center center","background-size":"auto","background-attachment":"scroll","background-type":"","background-media":"","overlay-type":"","overlay-color":"","overlay-opacity":"","overlay-gradient":""}},"ast-content-background-meta":{"desktop":{"background-color":"var(--ast-global-color-5)","background-image":"","background-repeat":"repeat","background-position":"center center","background-size":"auto","background-attachment":"scroll","background-type":"","background-media":"","overlay-type":"","overlay-color":"","overlay-opacity":"","overlay-gradient":""},"tablet":{"background-color":"var(--ast-global-color-5)","background-image":"","background-repeat":"repeat","background-position":"center center","background-size":"auto","background-attachment":"scroll","background-type":"","background-media":"","overlay-type":"","overlay-color":"","overlay-opacity":"","overlay-gradient":""},"mobile":{"background-color":"var(--ast-global-color-5)","background-image":"","background-repeat":"repeat","background-position":"center center","background-size":"auto","background-attachment":"scroll","background-type":"","background-media":"","overlay-type":"","overlay-color":"","overlay-opacity":"","overlay-gradient":""}},"footnotes":""},"categories":[162,29],"tags":[320,420,854],"class_list":["post-5604","post","type-post","status-publish","format-standard","has-post-thumbnail","hentry","category-actualitat","category-se-baixllobregat6","tag-ciutadania","tag-drets-humans","tag-professorat"],"post_mailing_queue_ids":[],"_links":{"self":[{"href":"https:\/\/serveiseducatius.xtec.cat\/baixllobregat6\/wp-json\/wp\/v2\/posts\/5604","targetHints":{"allow":["GET"]}}],"collection":[{"href":"https:\/\/serveiseducatius.xtec.cat\/baixllobregat6\/wp-json\/wp\/v2\/posts"}],"about":[{"href":"https:\/\/serveiseducatius.xtec.cat\/baixllobregat6\/wp-json\/wp\/v2\/types\/post"}],"author":[{"embeddable":true,"href":"https:\/\/serveiseducatius.xtec.cat\/baixllobregat6\/wp-json\/wp\/v2\/users\/1"}],"replies":[{"embeddable":true,"href":"https:\/\/serveiseducatius.xtec.cat\/baixllobregat6\/wp-json\/wp\/v2\/comments?post=5604"}],"version-history":[{"count":1,"href":"https:\/\/serveiseducatius.xtec.cat\/baixllobregat6\/wp-json\/wp\/v2\/posts\/5604\/revisions"}],"predecessor-version":[{"id":5704,"href":"https:\/\/serveiseducatius.xtec.cat\/baixllobregat6\/wp-json\/wp\/v2\/posts\/5604\/revisions\/5704"}],"wp:featuredmedia":[{"embeddable":true,"href":"https:\/\/serveiseducatius.xtec.cat\/baixllobregat6\/wp-json\/wp\/v2\/media\/5605"}],"wp:attachment":[{"href":"https:\/\/serveiseducatius.xtec.cat\/baixllobregat6\/wp-json\/wp\/v2\/media?parent=5604"}],"wp:term":[{"taxonomy":"category","embeddable":true,"href":"https:\/\/serveiseducatius.xtec.cat\/baixllobregat6\/wp-json\/wp\/v2\/categories?post=5604"},{"taxonomy":"post_tag","embeddable":true,"href":"https:\/\/serveiseducatius.xtec.cat\/baixllobregat6\/wp-json\/wp\/v2\/tags?post=5604"}],"curies":[{"name":"wp","href":"https:\/\/api.w.org\/{rel}","templated":true}]}}