{"id":5529,"date":"2015-11-05T11:36:38","date_gmt":"2015-11-05T10:36:38","guid":{"rendered":"http:\/\/reporteducacio.cat\/?p=5529"},"modified":"2019-07-04T08:09:05","modified_gmt":"2019-07-04T06:09:05","slug":"maleta-de-suport-a-la-biblioteca-daula-de-cicle-superor-i3","status":"publish","type":"post","link":"https:\/\/serveiseducatius.xtec.cat\/baixllobregat6\/recursos\/maletes-de-lectura\/maleta-de-suport-a-la-biblioteca-daula-de-cicle-superor-i3\/","title":{"rendered":"Maleta de suport a la biblioteca d&#8217;aula de cicle superior (I3)"},"content":{"rendered":"<p><a href=\"http:\/\/serveiseducatius.xtec.cat\/baixllobregat6\/wp-content\/uploads\/usu778\/2015\/11\/bibliotecaulacs.png\"><img loading=\"lazy\" decoding=\"async\" class=\"alignleft wp-image-9295 size-medium\" src=\"http:\/\/serveiseducatius.xtec.cat\/baixllobregat6\/wp-content\/uploads\/usu778\/2015\/11\/bibliotecaulacs-300x185.png\" alt=\"bibliotecaulacs\" width=\"300\" height=\"185\" srcset=\"https:\/\/serveiseducatius.xtec.cat\/baixllobregat6\/wp-content\/uploads\/usu778\/2015\/11\/bibliotecaulacs-300x185.png 300w, https:\/\/serveiseducatius.xtec.cat\/baixllobregat6\/wp-content\/uploads\/usu778\/2015\/11\/bibliotecaulacs.png 520w\" sizes=\"auto, (max-width: 300px) 100vw, 300px\" \/><\/a>Aquestes maletes tenen com a principal objectiu el donar suport a la biblioteca d&#8217;aula de cicle superior.<\/p>\n<p>Estan formades, en la seva totalitat, per llibres de narrativa (novel\u00b7la i contes) de tem\u00e0tica variada.<\/p>\n<p>La sol\u00b7licitud en pr\u00e9stec\u00a0\u00a0va en funci\u00f3 del projecte del centre que fomenti la dinamitzaci\u00f3 de les biblioteques d&#8217;aula.<\/p>\n<p>L&#8217;elaboraci\u00f3 d&#8217;aquestes maletes ha comptat amb el suport de les editorials Algar, Animallibres, Bamb\u00fa, Barcanova, Edelvives, Jollibre (Grup Promotor-Santillana) Kalandraka.<\/p>\n<h6>Maleta A<\/h6>\n<p><iframe loading=\"lazy\" src=\"https:\/\/docs.google.com\/document\/d\/1_12wwjGede9YY2Y52DJd_hzY4KHmfMG0AmFGlTq-r6Y\/pub?embedded=true\" width=\"726\" height=\"726\"><\/iframe><\/p>\n<p><a href=\"https:\/\/drive.google.com\/open?id=1_12wwjGede9YY2Y52DJd_hzY4KHmfMG0AmFGlTq-r6Y\" target=\"_blank\" rel=\"noopener noreferrer\">| Descarrega la llista |<\/a><\/p>\n<h6>Maleta B<\/h6>\n<p><iframe loading=\"lazy\" src=\"https:\/\/docs.google.com\/document\/d\/e\/2PACX-1vRV3JH4e--eBV31su20Z3rcllNBE9TYFtojAaf6FcllbaIwtyJ7ocU_qHtbuP24fejlFvS9T0ucUZ6K\/pub?embedded=true\" width=\"726\" height=\"726\"><\/iframe><\/p>\n<p><a href=\"https:\/\/drive.google.com\/open?id=14iFbLhsG7T7c1wKl1YRvHCgxteKW5b_cG9FqUs8ArT0\" target=\"_blank\" rel=\"noopener noreferrer\">| Descarrega la llista |<\/a><\/p>\n","protected":false},"excerpt":{"rendered":"<p>Aquestes maletes tenen com a principal objectiu el donar suport a la biblioteca d&#8217;aula de cicle superior. Estan formades, en la seva totalitat, per llibres de narrativa (novel\u00b7la i contes) de tem\u00e0tica variada. La sol\u00b7licitud en pr\u00e9stec\u00a0\u00a0va en funci\u00f3 del projecte del centre que fomenti la dinamitzaci\u00f3 de les biblioteques d&#8217;aula. L&#8217;elaboraci\u00f3 d&#8217;aquestes maletes ha [&hellip;]<\/p>\n","protected":false},"author":1,"featured_media":9295,"comment_status":"open","ping_status":"closed","sticky":false,"template":"","format":"standard","meta":{"_bbp_topic_count":0,"_bbp_reply_count":0,"_bbp_total_topic_count":0,"_bbp_total_reply_count":0,"_bbp_voice_count":0,"_bbp_anonymous_reply_count":0,"_bbp_topic_count_hidden":0,"_bbp_reply_count_hidden":0,"_bbp_forum_subforum_count":0,"site-sidebar-layout":"default","site-content-layout":"","ast-site-content-layout":"","site-content-style":"default","site-sidebar-style":"default","ast-global-header-display":"","ast-banner-title-visibility":"","ast-main-header-display":"","ast-hfb-above-header-display":"","ast-hfb-below-header-display":"","ast-hfb-mobile-header-display":"","site-post-title":"","ast-breadcrumbs-content":"","ast-featured-img":"","footer-sml-layout":"","theme-transparent-header-meta":"","adv-header-id-meta":"","stick-header-meta":"","header-above-stick-meta":"","header-main-stick-meta":"","header-below-stick-meta":"","astra-migrate-meta-layouts":"default","ast-page-background-enabled":"default","ast-page-background-meta":{"desktop":{"background-color":"var(--ast-global-color-4)","background-image":"","background-repeat":"repeat","background-position":"center center","background-size":"auto","background-attachment":"scroll","background-type":"","background-media":"","overlay-type":"","overlay-color":"","overlay-opacity":"","overlay-gradient":""},"tablet":{"background-color":"","background-image":"","background-repeat":"repeat","background-position":"center center","background-size":"auto","background-attachment":"scroll","background-type":"","background-media":"","overlay-type":"","overlay-color":"","overlay-opacity":"","overlay-gradient":""},"mobile":{"background-color":"","background-image":"","background-repeat":"repeat","background-position":"center center","background-size":"auto","background-attachment":"scroll","background-type":"","background-media":"","overlay-type":"","overlay-color":"","overlay-opacity":"","overlay-gradient":""}},"ast-content-background-meta":{"desktop":{"background-color":"var(--ast-global-color-5)","background-image":"","background-repeat":"repeat","background-position":"center center","background-size":"auto","background-attachment":"scroll","background-type":"","background-media":"","overlay-type":"","overlay-color":"","overlay-opacity":"","overlay-gradient":""},"tablet":{"background-color":"var(--ast-global-color-5)","background-image":"","background-repeat":"repeat","background-position":"center center","background-size":"auto","background-attachment":"scroll","background-type":"","background-media":"","overlay-type":"","overlay-color":"","overlay-opacity":"","overlay-gradient":""},"mobile":{"background-color":"var(--ast-global-color-5)","background-image":"","background-repeat":"repeat","background-position":"center center","background-size":"auto","background-attachment":"scroll","background-type":"","background-media":"","overlay-type":"","overlay-color":"","overlay-opacity":"","overlay-gradient":""}},"footnotes":""},"categories":[1023],"tags":[269,271,272,312,446,100,2154,693,721,772,1694],"class_list":["post-5529","post","type-post","status-publish","format-standard","has-post-thumbnail","hentry","category-maletes-de-lectura","tag-bibliografia","tag-biblioteca-daula","tag-biblioteca-escolar","tag-cicle-superior","tag-educacio-primaria","tag-lectura","tag-lecturam","tag-literatura-infantil","tag-maletes-de-lectura","tag-novella-infantil-i-juvenil","tag-temps-de-lectura-pri"],"post_mailing_queue_ids":[],"_links":{"self":[{"href":"https:\/\/serveiseducatius.xtec.cat\/baixllobregat6\/wp-json\/wp\/v2\/posts\/5529","targetHints":{"allow":["GET"]}}],"collection":[{"href":"https:\/\/serveiseducatius.xtec.cat\/baixllobregat6\/wp-json\/wp\/v2\/posts"}],"about":[{"href":"https:\/\/serveiseducatius.xtec.cat\/baixllobregat6\/wp-json\/wp\/v2\/types\/post"}],"author":[{"embeddable":true,"href":"https:\/\/serveiseducatius.xtec.cat\/baixllobregat6\/wp-json\/wp\/v2\/users\/1"}],"replies":[{"embeddable":true,"href":"https:\/\/serveiseducatius.xtec.cat\/baixllobregat6\/wp-json\/wp\/v2\/comments?post=5529"}],"version-history":[{"count":3,"href":"https:\/\/serveiseducatius.xtec.cat\/baixllobregat6\/wp-json\/wp\/v2\/posts\/5529\/revisions"}],"predecessor-version":[{"id":11184,"href":"https:\/\/serveiseducatius.xtec.cat\/baixllobregat6\/wp-json\/wp\/v2\/posts\/5529\/revisions\/11184"}],"wp:featuredmedia":[{"embeddable":true,"href":"https:\/\/serveiseducatius.xtec.cat\/baixllobregat6\/wp-json\/wp\/v2\/media\/9295"}],"wp:attachment":[{"href":"https:\/\/serveiseducatius.xtec.cat\/baixllobregat6\/wp-json\/wp\/v2\/media?parent=5529"}],"wp:term":[{"taxonomy":"category","embeddable":true,"href":"https:\/\/serveiseducatius.xtec.cat\/baixllobregat6\/wp-json\/wp\/v2\/categories?post=5529"},{"taxonomy":"post_tag","embeddable":true,"href":"https:\/\/serveiseducatius.xtec.cat\/baixllobregat6\/wp-json\/wp\/v2\/tags?post=5529"}],"curies":[{"name":"wp","href":"https:\/\/api.w.org\/{rel}","templated":true}]}}